{"id":6132,"date":"2019-05-07T07:49:50","date_gmt":"2019-05-07T06:49:50","guid":{"rendered":"https:\/\/the-slovenia.com\/?p=6132"},"modified":"2019-05-07T07:49:50","modified_gmt":"2019-05-07T06:49:50","slug":"slovenia-restaurant-awards-2019-who-is-the-best","status":"publish","type":"post","link":"https:\/\/the-slovenia.com\/en\/uncategorized\/slovenia-restaurant-awards-2019-who-is-the-best\/","title":{"rendered":"Slovenia Restaurant Awards 2019 &#8211; and the best is &#8230;"},"content":{"rendered":"<p>On Tuesday, 7. 5. 2019, we will find out which are the best regional Slovenian restaurants and one of them will receive the &#8220;<a href=\"https:\/\/the-slovenia.com\/tsra-restaurant-awards\/\" target=\"_blank\" rel=\"noopener noreferrer\"><u>SLOVENIA RESTAURANT AWARDS by Diners Club<\/u><\/a>&#8221; this year&#8217;s election the best name among them.\u00a0Who will succeed the last year&#8217;s winners, and be recognized as the best Slovenian restaurants both by the Gastronomic Academy and by the general public? We will find out all this at the gala ceremony, but today we reveal the\u00a0<a href=\"https:\/\/the-slovenia.com\/the-slovenia-restaurant-awards-2019-top-10-finalists\/\" target=\"_blank\" rel=\"noopener noreferrer\"><u>Top 10 lists of individual categories<\/u><\/a>.<\/p>\n<p><a href=\"https:\/\/the-slovenia.com\/voting-system\/\" target=\"_blank\" rel=\"noopener noreferrer\"><u>The voting<\/u><\/a>\u00a0for the professional public began on January 30, 2019 (Gastronomic Academy, 75%), followed by the voting for the general public, which began on January 1, 2019 (25% of the vote) and closed 31.3.2019. We voted for the approval of the audit firm Deloitte Slovenia on 19.4.2019 pre-determined voting systems performed independently received votes of the Gastronomic Academy and public. Revision t.i. &#8220;Voting system&#8221; shall comprise a systematic expert review of the technical and organizational aspects and ensure credibility in the process itself.<br \/>\n<img loading=\"lazy\" decoding=\"async\" data-src=\"https:\/\/the-slovenia.com\/wp-content\/uploads\/2019\/04\/FB-Event-Dinner-1024x576.jpg\" data-sizes=\"auto, (max-width: 1024px) 100vw, 1024px\" data-srcset=\"https:\/\/the-slovenia.com\/wp-content\/uploads\/2019\/04\/FB-Event-Dinner-1024x576.jpg 1024w, https:\/\/the-slovenia.com\/wp-content\/uploads\/2019\/04\/FB-Event-Dinner-300x169.jpg 300w, https:\/\/the-slovenia.com\/wp-content\/uploads\/2019\/04\/FB-Event-Dinner-768x432.jpg 768w, https:\/\/the-slovenia.com\/wp-content\/uploads\/2019\/04\/FB-Event-Dinner-500x281.jpg 500w, https:\/\/the-slovenia.com\/wp-content\/uploads\/2019\/04\/FB-Event-Dinner-600x338.jpg 600w, https:\/\/the-slovenia.com\/wp-content\/uploads\/2019\/04\/FB-Event-Dinner-e1554820348286.jpg 1000w\" alt=\"\" width=\"1024\" height=\"576\" src=\"data:image\/gif;base64,R0lGODlhAQABAAAAACH5BAEKAAEALAAAAAABAAEAAAICTAEAOw==\" class=\"lazyload\" style=\"--smush-placeholder-width: 1024px; --smush-placeholder-aspect-ratio: 1024\/576;\" \/><noscript><img loading=\"lazy\" decoding=\"async\" src=\"https:\/\/the-slovenia.com\/wp-content\/uploads\/2019\/04\/FB-Event-Dinner-1024x576.jpg\" sizes=\"auto, (max-width: 1024px) 100vw, 1024px\" srcset=\"https:\/\/the-slovenia.com\/wp-content\/uploads\/2019\/04\/FB-Event-Dinner-1024x576.jpg 1024w, https:\/\/the-slovenia.com\/wp-content\/uploads\/2019\/04\/FB-Event-Dinner-300x169.jpg 300w, https:\/\/the-slovenia.com\/wp-content\/uploads\/2019\/04\/FB-Event-Dinner-768x432.jpg 768w, https:\/\/the-slovenia.com\/wp-content\/uploads\/2019\/04\/FB-Event-Dinner-500x281.jpg 500w, https:\/\/the-slovenia.com\/wp-content\/uploads\/2019\/04\/FB-Event-Dinner-600x338.jpg 600w, https:\/\/the-slovenia.com\/wp-content\/uploads\/2019\/04\/FB-Event-Dinner-e1554820348286.jpg 1000w\" alt=\"\" width=\"1024\" height=\"576\" \/><\/noscript><\/p>\n<p>In 2019 TSRA will be the first to present with an exclusive charity dinner. 16 of the best TSRA chefs will prepare a 16-course charity dinner. Their cooking masterpieces will be presented by:<\/p>\n<ol>\n<li><a style=\"font-size: 15px; font-style: normal; background-color: #ffffff;\" href=\"https:\/\/the-slovenia.com\/hisa-franko\/\" target=\"_blank\" rel=\"noopener noreferrer\"><u>Ana Ros (House Franko)<\/u><\/a>,<\/li>\n<li><a style=\"font-size: 15px; font-style: normal; background-color: #ffffff;\" href=\"https:\/\/the-slovenia.com\/gostilna-pri-lojzetu-dvorec-zemono\/\" target=\"_blank\" rel=\"noopener noreferrer\"><u>Toma\u017e Kav\u010di\u010d (Restaurant at Lojze &#8211; Zemono Palace)<\/u><\/a>,<\/li>\n<li><a style=\"font-size: 15px; font-style: normal; background-color: #ffffff;\" href=\"https:\/\/the-slovenia.com\/jb-restavracija\/\" target=\"_blank\" rel=\"noopener noreferrer\"><u>Janez Bratov\u017e (Restaurant JB)<\/u><\/a>,<\/li>\n<li><a style=\"font-size: 15px; font-style: normal; background-color: #ffffff;\" href=\"https:\/\/the-slovenia.com\/restavracija-strelec\/\" target=\"_blank\" rel=\"noopener noreferrer\"><u>Igor Jagodic (Restaurant Strelec)<\/u><\/a>,<\/li>\n<li><a style=\"font-size: 15px; font-style: normal; background-color: #ffffff;\" href=\"https:\/\/the-slovenia.com\/hisa-denk\/\" target=\"_blank\" rel=\"noopener noreferrer\"><u>Gregor Vra\u010dko (House Denk)<\/u><\/a>,<\/li>\n<li><a style=\"font-size: 15px; font-style: normal; background-color: #ffffff;\" href=\"https:\/\/the-slovenia.com\/vila-podvin\/\" target=\"_blank\" rel=\"noopener noreferrer\"><u>Uro\u0161 \u0160tefelin (Villa Podvin)<\/u><\/a>,\u00a0<a style=\"font-size: 15px; font-style: normal; background-color: #ffffff;\" href=\"https:\/\/the-slovenia.com\/monstera-bistro\/\" target=\"_blank\" rel=\"noopener noreferrer\"><u>Bine Vol\u010di\u010d (Monstera Bistro)<\/u><\/a>,<\/li>\n<li><a style=\"font-size: 15px; font-style: normal; background-color: #ffffff;\" href=\"https:\/\/the-slovenia.com\/restavracija-mak\/\" target=\"_blank\" rel=\"noopener noreferrer\"><u>David Vra\u010dko (Restaurant Mak)<\/u><\/a>,\u00a0<a style=\"font-size: 15px; font-style: normal; background-color: #ffffff;\" href=\"https:\/\/the-slovenia.com\/osterija-debeluh\/\" target=\"_blank\" rel=\"noopener noreferrer\"><u>Jure Tomi\u010d (O\u0160terija Debeluh)<\/u><\/a>,<\/li>\n<li><a style=\"font-size: 15px; font-style: normal; background-color: #ffffff;\" href=\"https:\/\/the-slovenia.com\/restavracija-cubo\/\" target=\"_blank\" rel=\"noopener noreferrer\"><u>Bo\u0161tjan Trstenjak (Restaurant Cubo)<\/u><\/a>,<\/li>\n<li><a style=\"font-size: 15px; font-style: normal; background-color: #ffffff;\" href=\"http:\/\/www.kaval-group.si\/EVERGREEN,,restavracija.htm\" target=\"_blank\" rel=\"noopener noreferrer\"><u>Mojmir \u0160iftar (Evergreen Restaurant)<\/u><\/a>,<\/li>\n<li>Uro\u0161 Klinec (Nejka and Uro\u0161 Klinec),<\/li>\n<li>Matej Toma\u017ei\u010d (Doma\u017eija Majerija),<\/li>\n<li>Marko Magajne and Luka Gmajner (Okus Gallery),<\/li>\n<li><a style=\"font-size: 15px; font-style: normal; background-color: #ffffff;\" href=\"https:\/\/the-slovenia.com\/gostilna-skarucna\/\" target=\"_blank\" rel=\"noopener noreferrer\"><u>Slavko \u017dagar (Skaru\u010dna Restaurant)<\/u><\/a>,<\/li>\n<li><a style=\"font-size: 15px; font-style: normal; background-color: #ffffff;\" href=\"https:\/\/the-slovenia.com\/gostilna-rajh\/\" target=\"_blank\" rel=\"noopener noreferrer\"><u>Leon and Tanja Pintari\u010d (Restaurant Rajh)<\/u><\/a>.<\/li>\n<\/ol>\n<p>The proceeds will go to the scholarship fund for young master chefs\u00a0<a href=\"https:\/\/the-slovenia.com\/fundacija\/\" target=\"_blank\" rel=\"noopener noreferrer\"><u>The Slovenia Young Chef Foundation<\/u><\/a>.<\/p>\n<p><img loading=\"lazy\" decoding=\"async\" data-src=\"https:\/\/the-slovenia.com\/wp-content\/uploads\/2019\/04\/STRA-2019-Logo-500x346.jpg\" data-sizes=\"auto, (max-width: 500px) 100vw, 500px\" data-srcset=\"https:\/\/the-slovenia.com\/wp-content\/uploads\/2019\/04\/STRA-2019-Logo-500x346.jpg 500w, https:\/\/the-slovenia.com\/wp-content\/uploads\/2019\/04\/STRA-2019-Logo-300x207.jpg 300w, https:\/\/the-slovenia.com\/wp-content\/uploads\/2019\/04\/STRA-2019-Logo-768x531.jpg 768w, https:\/\/the-slovenia.com\/wp-content\/uploads\/2019\/04\/STRA-2019-Logo-1024x708.jpg 1024w, https:\/\/the-slovenia.com\/wp-content\/uploads\/2019\/04\/STRA-2019-Logo-600x415.jpg 600w\" alt=\"\" width=\"500\" height=\"346\" src=\"data:image\/gif;base64,R0lGODlhAQABAAAAACH5BAEKAAEALAAAAAABAAEAAAICTAEAOw==\" class=\"lazyload\" style=\"--smush-placeholder-width: 500px; --smush-placeholder-aspect-ratio: 500\/346;\" \/><noscript><img loading=\"lazy\" decoding=\"async\" src=\"https:\/\/the-slovenia.com\/wp-content\/uploads\/2019\/04\/STRA-2019-Logo-500x346.jpg\" sizes=\"auto, (max-width: 500px) 100vw, 500px\" srcset=\"https:\/\/the-slovenia.com\/wp-content\/uploads\/2019\/04\/STRA-2019-Logo-500x346.jpg 500w, https:\/\/the-slovenia.com\/wp-content\/uploads\/2019\/04\/STRA-2019-Logo-300x207.jpg 300w, https:\/\/the-slovenia.com\/wp-content\/uploads\/2019\/04\/STRA-2019-Logo-768x531.jpg 768w, https:\/\/the-slovenia.com\/wp-content\/uploads\/2019\/04\/STRA-2019-Logo-1024x708.jpg 1024w, https:\/\/the-slovenia.com\/wp-content\/uploads\/2019\/04\/STRA-2019-Logo-600x415.jpg 600w\" alt=\"\" width=\"500\" height=\"346\" \/><\/noscript><br \/>\nThe whole day event will be at the\u00a0<a href=\"https:\/\/www.google.com\/search?rlz=1C1GCEA_enSI836SI836&amp;tbm=lcl&amp;ei=m43IXLcIweuuBJTdoOAD&amp;q=Smlednik+200%2C+1216+Smlednik&amp;oq=Smlednik+200%2C+1216+Smlednik&amp;gs_l=psy-ab.3..38.8507.8507.0.10117.1.1.0.0.0.0.177.177.0j1.1.0....0...1c.1.64.psy-ab..0.1.175....0.Bvfevit6A_A#rlfi=hd:;si:5267591444133892961;mv:!1m2!1d46.151077977319034!2d14.446387996955929!2m2!1d46.15071802268098!2d14.445868403044066\" target=\"_blank\" rel=\"noopener noreferrer\"><u>Evergreen restaurant in Smlednik<\/u><\/a>, on Tuesday, 7 May, 2019 which will take place between 9am and 11pm. The morning part is dedicated to the gastronomy profession&#8217;s curriculum. From 12.30 onwards, the SLOVENIAN TAVERNS POP UP lunch and the official part of the award ceremony for the best restaurants The Slovenia Restaurant Awards 2019 by Diners Club will follow.\u00a0\u00a0We will start with the inns of four Slovenian regions accompanied by wine; continue with the round table and the ceremony of awarding the TSRA prizes at 3 pm. It will be followed by a press conference at 5 pm and is expected to close at 5:30 pm.<\/p>\n<ul>\n<li>9.00 &#8211; 13.00 Gourmet 4.0 masterclass open to the general public and includes breakfast and lunch as part of Slovenian Taverns POP UP. It will be divided into the following workshops:<br \/>\n&#8211; Slovenian breakfast: a practical photo workshop, publications of Slovenian super food and tasting.<br \/>\n&#8211; Catering workshops: How to take advantage of technology and influences for catering performance?<\/li>\n<li>12.00 -15.00 Slovenian Taverns POP UP: 12 inns present the holiday tastes of 4 regions<\/li>\n<li>13.00 &#8211; 14.00 round table: representatives of gastronomic associations in Slovenia<\/li>\n<li>15.00 &#8211; 17.00 award ceremony of the TSRA 2019 by Diners Club<\/li>\n<li>17.00 &#8211; 17.30 Press meeting<\/li>\n<li>19.00 &#8211; 23.00 The Slovenian Dinner by Romerquelle<\/li>\n<\/ul>\n<p>Please confirm your participation in the event of this year&#8217;s TSRA not later than 3.5.2019, at\u00a0<a href=\"mailto:jana.studen@the-slovenia.com\" target=\"_blank\" rel=\"noopener noreferrer\"><u>jana.studen@the-slovenia.com<\/u><\/a>\u00a0or\u00a0<a href=\"mailto:restaurants@the-slovenia.com\" target=\"_blank\" rel=\"noopener noreferrer\"><u>restaurants@the-slovenia.com<\/u><\/a>.\u00a0More about media accreditations can be found on the www.the-slovenia.com website.<br \/>\n* With accreditation, ensure participation at all TSRA events with the exception of dinner.If you would like to have an interview with any of the winners, let us know the approximate time you need to conduct interviews and the topic of the conversation. Interviews will be arranged according to the occupancy of the person, who you want to do an interview.<\/p>\n<p>We invite you to join us while at the same time we look forward to your company.Jana Studen, Public Relations, The Slovenia Restaurant Awards by Diners Club<\/p>\n<p><strong><a href=\"https:\/\/www.the-slovenia.com\/shop\/?category=Books\">To find out other unique places in Slovenia and features the very best in Slovenian dining, chefs and restaurants all over Slovenia, check out our THE SLOVENIA RESTAURANTS BOOK\u00a0<\/a><\/strong><\/p>\n<p>https:\/\/the-slovenia.com\/product\/the-slovenia-restaurants-top-163\/<\/p>\n<!-- CONTENT END 1 -->\n","protected":false},"excerpt":{"rendered":"<p>On Tuesday, 7. 5. 2019, we will find out which are the best regional Slovenian restaurants and one of them will receive the &#8220;SLOVENIA RESTAURANT AWARDS by Diners Club&#8221; this year&#8217;s election the best name among them.\u00a0Who will succeed the last year&#8217;s winners, and be recognized as the best Slovenian restaurants both by the Gastronomic [&hellip;]<\/p>\n","protected":false},"author":1,"featured_media":5177,"comment_status":"closed","ping_status":"closed","sticky":false,"template":"","format":"standard","meta":{"_acf_changed":false,"footnotes":""},"categories":[1],"tags":[],"class_list":{"0":"post-6132","1":"post","2":"type-post","3":"status-publish","4":"format-standard","5":"has-post-thumbnail","7":"category-uncategorized"},"acf":[],"yoast_head":"<!-- This site is optimized with the Yoast SEO plugin v24.3 - https:\/\/yoast.com\/wordpress\/plugins\/seo\/ -->\n<title>Slovenia Restaurant Awards 2019 - and the best is ... - THE Slovenia<\/title>\n<meta name=\"robots\" content=\"index, follow, max-snippet:-1, max-image-preview:large, max-video-preview:-1\" \/>\n<link rel=\"canonical\" href=\"https:\/\/the-slovenia.com\/uncategorized\/slovenia-restaurant-awards-2019-who-is-the-best\/\" \/>\n<meta property=\"og:locale\" content=\"en_US\" \/>\n<meta property=\"og:type\" content=\"article\" \/>\n<meta property=\"og:title\" content=\"Slovenia Restaurant Awards 2019 - and the best is ... - THE Slovenia\" \/>\n<meta property=\"og:description\" content=\"On Tuesday, 7. 5. 2019, we will find out which are the best regional Slovenian restaurants and one of them will receive the &#8220;SLOVENIA RESTAURANT AWARDS by Diners Club&#8221; this year&#8217;s election the best name among them.\u00a0Who will succeed the last year&#8217;s winners, and be recognized as the best Slovenian restaurants both by the Gastronomic [&hellip;]\" \/>\n<meta property=\"og:url\" content=\"https:\/\/the-slovenia.com\/uncategorized\/slovenia-restaurant-awards-2019-who-is-the-best\/\" \/>\n<meta property=\"og:site_name\" content=\"THE Slovenia\" \/>\n<meta property=\"article:publisher\" content=\"https:\/\/www.facebook.com\/THESLOVENIA\/?ref=br_rs\" \/>\n<meta property=\"article:published_time\" content=\"2019-05-07T06:49:50+00:00\" \/>\n<meta name=\"author\" content=\"theadmin\" \/>\n<meta name=\"twitter:card\" content=\"summary_large_image\" \/>\n<meta name=\"twitter:label1\" content=\"Written by\" \/>\n\t<meta name=\"twitter:data1\" content=\"theadmin\" \/>\n\t<meta name=\"twitter:label2\" content=\"Est. reading time\" \/>\n\t<meta name=\"twitter:data2\" content=\"3 minutes\" \/>\n<script type=\"application\/ld+json\" class=\"yoast-schema-graph\">{\"@context\":\"https:\/\/schema.org\",\"@graph\":[{\"@type\":\"Article\",\"@id\":\"https:\/\/the-slovenia.com\/uncategorized\/slovenia-restaurant-awards-2019-who-is-the-best\/#article\",\"isPartOf\":{\"@id\":\"https:\/\/the-slovenia.com\/uncategorized\/slovenia-restaurant-awards-2019-who-is-the-best\/\"},\"author\":{\"name\":\"theadmin\",\"@id\":\"https:\/\/the-slovenia.com\/#\/schema\/person\/0a86dc76cbfd2ed860cbb3461f653d91\"},\"headline\":\"Slovenia Restaurant Awards 2019 &#8211; and the best is &#8230;\",\"datePublished\":\"2019-05-07T06:49:50+00:00\",\"dateModified\":\"2019-05-07T06:49:50+00:00\",\"mainEntityOfPage\":{\"@id\":\"https:\/\/the-slovenia.com\/uncategorized\/slovenia-restaurant-awards-2019-who-is-the-best\/\"},\"wordCount\":657,\"publisher\":{\"@id\":\"https:\/\/the-slovenia.com\/#organization\"},\"image\":{\"@id\":\"https:\/\/the-slovenia.com\/uncategorized\/slovenia-restaurant-awards-2019-who-is-the-best\/#primaryimage\"},\"thumbnailUrl\":\"\",\"inLanguage\":\"en-US\"},{\"@type\":\"WebPage\",\"@id\":\"https:\/\/the-slovenia.com\/uncategorized\/slovenia-restaurant-awards-2019-who-is-the-best\/\",\"url\":\"https:\/\/the-slovenia.com\/uncategorized\/slovenia-restaurant-awards-2019-who-is-the-best\/\",\"name\":\"Slovenia Restaurant Awards 2019 - and the best is ... - THE Slovenia\",\"isPartOf\":{\"@id\":\"https:\/\/the-slovenia.com\/#website\"},\"primaryImageOfPage\":{\"@id\":\"https:\/\/the-slovenia.com\/uncategorized\/slovenia-restaurant-awards-2019-who-is-the-best\/#primaryimage\"},\"image\":{\"@id\":\"https:\/\/the-slovenia.com\/uncategorized\/slovenia-restaurant-awards-2019-who-is-the-best\/#primaryimage\"},\"thumbnailUrl\":\"\",\"datePublished\":\"2019-05-07T06:49:50+00:00\",\"dateModified\":\"2019-05-07T06:49:50+00:00\",\"inLanguage\":\"en-US\",\"potentialAction\":[{\"@type\":\"ReadAction\",\"target\":[\"https:\/\/the-slovenia.com\/uncategorized\/slovenia-restaurant-awards-2019-who-is-the-best\/\"]}]},{\"@type\":\"ImageObject\",\"inLanguage\":\"en-US\",\"@id\":\"https:\/\/the-slovenia.com\/uncategorized\/slovenia-restaurant-awards-2019-who-is-the-best\/#primaryimage\",\"url\":\"\",\"contentUrl\":\"\"},{\"@type\":\"WebSite\",\"@id\":\"https:\/\/the-slovenia.com\/#website\",\"url\":\"https:\/\/the-slovenia.com\/\",\"name\":\"THE Slovenia\",\"description\":\"\",\"publisher\":{\"@id\":\"https:\/\/the-slovenia.com\/#organization\"},\"potentialAction\":[{\"@type\":\"SearchAction\",\"target\":{\"@type\":\"EntryPoint\",\"urlTemplate\":\"https:\/\/the-slovenia.com\/?s={search_term_string}\"},\"query-input\":{\"@type\":\"PropertyValueSpecification\",\"valueRequired\":true,\"valueName\":\"search_term_string\"}}],\"inLanguage\":\"en-US\"},{\"@type\":\"Organization\",\"@id\":\"https:\/\/the-slovenia.com\/#organization\",\"name\":\"THE Slovenia\",\"url\":\"https:\/\/the-slovenia.com\/\",\"logo\":{\"@type\":\"ImageObject\",\"inLanguage\":\"en-US\",\"@id\":\"https:\/\/the-slovenia.com\/#\/schema\/logo\/image\/\",\"url\":\"https:\/\/the-slovenia.com\/wp-content\/uploads\/2020\/02\/THE_logo_final_beli_napis.jpg\",\"contentUrl\":\"https:\/\/the-slovenia.com\/wp-content\/uploads\/2020\/02\/THE_logo_final_beli_napis.jpg\",\"width\":1535,\"height\":1574,\"caption\":\"THE Slovenia\"},\"image\":{\"@id\":\"https:\/\/the-slovenia.com\/#\/schema\/logo\/image\/\"},\"sameAs\":[\"https:\/\/www.facebook.com\/THESLOVENIA\/?ref=br_rs\",\"https:\/\/www.instagram.com\/the.slovenia\/\",\"https:\/\/www.linkedin.com\/company\/the-slovenia\/\"]},{\"@type\":\"Person\",\"@id\":\"https:\/\/the-slovenia.com\/#\/schema\/person\/0a86dc76cbfd2ed860cbb3461f653d91\",\"name\":\"theadmin\",\"image\":{\"@type\":\"ImageObject\",\"inLanguage\":\"en-US\",\"@id\":\"https:\/\/the-slovenia.com\/#\/schema\/person\/image\/\",\"url\":\"https:\/\/secure.gravatar.com\/avatar\/0e20ec9e2c5a701239f380685df7c94bcf45f48ce6f6af5c226567ebee123581?s=96&d=mm&r=g\",\"contentUrl\":\"https:\/\/secure.gravatar.com\/avatar\/0e20ec9e2c5a701239f380685df7c94bcf45f48ce6f6af5c226567ebee123581?s=96&d=mm&r=g\",\"caption\":\"theadmin\"},\"url\":\"https:\/\/the-slovenia.com\/en\/author\/theadmin\/\"}]}<\/script>\n<!-- \/ Yoast SEO plugin. -->","yoast_head_json":{"title":"Slovenia Restaurant Awards 2019 - and the best is ... - THE Slovenia","robots":{"index":"index","follow":"follow","max-snippet":"max-snippet:-1","max-image-preview":"max-image-preview:large","max-video-preview":"max-video-preview:-1"},"canonical":"https:\/\/the-slovenia.com\/uncategorized\/slovenia-restaurant-awards-2019-who-is-the-best\/","og_locale":"en_US","og_type":"article","og_title":"Slovenia Restaurant Awards 2019 - and the best is ... - THE Slovenia","og_description":"On Tuesday, 7. 5. 2019, we will find out which are the best regional Slovenian restaurants and one of them will receive the &#8220;SLOVENIA RESTAURANT AWARDS by Diners Club&#8221; this year&#8217;s election the best name among them.\u00a0Who will succeed the last year&#8217;s winners, and be recognized as the best Slovenian restaurants both by the Gastronomic [&hellip;]","og_url":"https:\/\/the-slovenia.com\/uncategorized\/slovenia-restaurant-awards-2019-who-is-the-best\/","og_site_name":"THE Slovenia","article_publisher":"https:\/\/www.facebook.com\/THESLOVENIA\/?ref=br_rs","article_published_time":"2019-05-07T06:49:50+00:00","author":"theadmin","twitter_card":"summary_large_image","twitter_misc":{"Written by":"theadmin","Est. reading time":"3 minutes"},"schema":{"@context":"https:\/\/schema.org","@graph":[{"@type":"Article","@id":"https:\/\/the-slovenia.com\/uncategorized\/slovenia-restaurant-awards-2019-who-is-the-best\/#article","isPartOf":{"@id":"https:\/\/the-slovenia.com\/uncategorized\/slovenia-restaurant-awards-2019-who-is-the-best\/"},"author":{"name":"theadmin","@id":"https:\/\/the-slovenia.com\/#\/schema\/person\/0a86dc76cbfd2ed860cbb3461f653d91"},"headline":"Slovenia Restaurant Awards 2019 &#8211; and the best is &#8230;","datePublished":"2019-05-07T06:49:50+00:00","dateModified":"2019-05-07T06:49:50+00:00","mainEntityOfPage":{"@id":"https:\/\/the-slovenia.com\/uncategorized\/slovenia-restaurant-awards-2019-who-is-the-best\/"},"wordCount":657,"publisher":{"@id":"https:\/\/the-slovenia.com\/#organization"},"image":{"@id":"https:\/\/the-slovenia.com\/uncategorized\/slovenia-restaurant-awards-2019-who-is-the-best\/#primaryimage"},"thumbnailUrl":"","inLanguage":"en-US"},{"@type":"WebPage","@id":"https:\/\/the-slovenia.com\/uncategorized\/slovenia-restaurant-awards-2019-who-is-the-best\/","url":"https:\/\/the-slovenia.com\/uncategorized\/slovenia-restaurant-awards-2019-who-is-the-best\/","name":"Slovenia Restaurant Awards 2019 - and the best is ... - THE Slovenia","isPartOf":{"@id":"https:\/\/the-slovenia.com\/#website"},"primaryImageOfPage":{"@id":"https:\/\/the-slovenia.com\/uncategorized\/slovenia-restaurant-awards-2019-who-is-the-best\/#primaryimage"},"image":{"@id":"https:\/\/the-slovenia.com\/uncategorized\/slovenia-restaurant-awards-2019-who-is-the-best\/#primaryimage"},"thumbnailUrl":"","datePublished":"2019-05-07T06:49:50+00:00","dateModified":"2019-05-07T06:49:50+00:00","inLanguage":"en-US","potentialAction":[{"@type":"ReadAction","target":["https:\/\/the-slovenia.com\/uncategorized\/slovenia-restaurant-awards-2019-who-is-the-best\/"]}]},{"@type":"ImageObject","inLanguage":"en-US","@id":"https:\/\/the-slovenia.com\/uncategorized\/slovenia-restaurant-awards-2019-who-is-the-best\/#primaryimage","url":"","contentUrl":""},{"@type":"WebSite","@id":"https:\/\/the-slovenia.com\/#website","url":"https:\/\/the-slovenia.com\/","name":"THE Slovenia","description":"","publisher":{"@id":"https:\/\/the-slovenia.com\/#organization"},"potentialAction":[{"@type":"SearchAction","target":{"@type":"EntryPoint","urlTemplate":"https:\/\/the-slovenia.com\/?s={search_term_string}"},"query-input":{"@type":"PropertyValueSpecification","valueRequired":true,"valueName":"search_term_string"}}],"inLanguage":"en-US"},{"@type":"Organization","@id":"https:\/\/the-slovenia.com\/#organization","name":"THE Slovenia","url":"https:\/\/the-slovenia.com\/","logo":{"@type":"ImageObject","inLanguage":"en-US","@id":"https:\/\/the-slovenia.com\/#\/schema\/logo\/image\/","url":"https:\/\/the-slovenia.com\/wp-content\/uploads\/2020\/02\/THE_logo_final_beli_napis.jpg","contentUrl":"https:\/\/the-slovenia.com\/wp-content\/uploads\/2020\/02\/THE_logo_final_beli_napis.jpg","width":1535,"height":1574,"caption":"THE Slovenia"},"image":{"@id":"https:\/\/the-slovenia.com\/#\/schema\/logo\/image\/"},"sameAs":["https:\/\/www.facebook.com\/THESLOVENIA\/?ref=br_rs","https:\/\/www.instagram.com\/the.slovenia\/","https:\/\/www.linkedin.com\/company\/the-slovenia\/"]},{"@type":"Person","@id":"https:\/\/the-slovenia.com\/#\/schema\/person\/0a86dc76cbfd2ed860cbb3461f653d91","name":"theadmin","image":{"@type":"ImageObject","inLanguage":"en-US","@id":"https:\/\/the-slovenia.com\/#\/schema\/person\/image\/","url":"https:\/\/secure.gravatar.com\/avatar\/0e20ec9e2c5a701239f380685df7c94bcf45f48ce6f6af5c226567ebee123581?s=96&d=mm&r=g","contentUrl":"https:\/\/secure.gravatar.com\/avatar\/0e20ec9e2c5a701239f380685df7c94bcf45f48ce6f6af5c226567ebee123581?s=96&d=mm&r=g","caption":"theadmin"},"url":"https:\/\/the-slovenia.com\/en\/author\/theadmin\/"}]}},"_links":{"self":[{"href":"https:\/\/the-slovenia.com\/en\/wp-json\/wp\/v2\/posts\/6132","targetHints":{"allow":["GET"]}}],"collection":[{"href":"https:\/\/the-slovenia.com\/en\/wp-json\/wp\/v2\/posts"}],"about":[{"href":"https:\/\/the-slovenia.com\/en\/wp-json\/wp\/v2\/types\/post"}],"author":[{"embeddable":true,"href":"https:\/\/the-slovenia.com\/en\/wp-json\/wp\/v2\/users\/1"}],"replies":[{"embeddable":true,"href":"https:\/\/the-slovenia.com\/en\/wp-json\/wp\/v2\/comments?post=6132"}],"version-history":[{"count":0,"href":"https:\/\/the-slovenia.com\/en\/wp-json\/wp\/v2\/posts\/6132\/revisions"}],"wp:featuredmedia":[{"embeddable":true,"href":"https:\/\/the-slovenia.com\/en\/wp-json\/"}],"wp:attachment":[{"href":"https:\/\/the-slovenia.com\/en\/wp-json\/wp\/v2\/media?parent=6132"}],"wp:term":[{"taxonomy":"category","embeddable":true,"href":"https:\/\/the-slovenia.com\/en\/wp-json\/wp\/v2\/categories?post=6132"},{"taxonomy":"post_tag","embeddable":true,"href":"https:\/\/the-slovenia.com\/en\/wp-json\/wp\/v2\/tags?post=6132"}],"curies":[{"name":"wp","href":"https:\/\/api.w.org\/{rel}","templated":true}]}}