{"id":33850,"date":"2020-04-06T11:57:26","date_gmt":"2020-04-06T09:57:26","guid":{"rendered":"https:\/\/the-slovenia.com\/?p=33850"},"modified":"2020-04-06T12:01:28","modified_gmt":"2020-04-06T10:01:28","slug":"hisa-franko-nominated-for-culinary-video-of-the-year","status":"publish","type":"post","link":"https:\/\/the-slovenia.com\/en\/gastronomy\/hisa-franko-nominated-for-culinary-video-of-the-year\/","title":{"rendered":"Video about Hi\u0161a Franko nominated for culinary video of the year"},"content":{"rendered":"<h2 class=\"wp-block-heading\"><strong>Ana Ro\u0161 from Hi\u0161a Franko is without a doubt one of the best and most recognizable chefs. <\/strong> <strong>The video about Hi\u0161a Franko made by&nbsp;<a href=\"https:\/\/www.facebook.com\/matadornetwork\/?__tn__=K-R&amp;eid=ARAe_uoJQbDJLGvNTyevNsQA99djL7jrq9WLc-UjZMNV8-zNXOuC5cb7Z37XRL7ptBKPB-Xu7LrJG3kF&amp;fref=mentions&amp;__xts__%5B0%5D=68.ARBG8vohQNc8PtcI0WRUv1DNPsCBXSKW7d-92X-ytYmMp-3KlacNUkEXlrF3aAUD8qI5FDnvVwaTEwoJfkftbE7PFsN8CAJxA0rXOuryi5S_SziIgI_b00WKMBZluPGawGOzGhMxGfZIg6g3g2J0x_2dp4XX0g1kYdQnQc3Yu6AL-gCsNtssOPKoi1TRx8XZMTQp9EglQszzQn-AWV7UJE9Jx9p8yUNOgJwWWpxuynt4v-l-doC2D8QibLzMbuIhOwaWsLmwpdhgDbC1306X-msC0hz8XCg9vyDRucsbQyccHoPV4omkEA0iGV5m1YLDRJZc6mUEynJr0zxCbhO2O2do6vYN\">Matador Network<\/a>&nbsp;in collaboration with&nbsp;<a href=\"https:\/\/www.facebook.com\/adventureslovenia\/?__tn__=K-R&amp;eid=ARBpmKL9AKELwXwsra1VlOwu3dcNOfkthy1Ei_kJE_kxN6EGOM-JprAebli8pmgtpTmLCoJBdz7uYeCq&amp;fref=mentions&amp;__xts__%5B0%5D=68.ARBG8vohQNc8PtcI0WRUv1DNPsCBXSKW7d-92X-ytYmMp-3KlacNUkEXlrF3aAUD8qI5FDnvVwaTEwoJfkftbE7PFsN8CAJxA0rXOuryi5S_SziIgI_b00WKMBZluPGawGOzGhMxGfZIg6g3g2J0x_2dp4XX0g1kYdQnQc3Yu6AL-gCsNtssOPKoi1TRx8XZMTQp9EglQszzQn-AWV7UJE9Jx9p8yUNOgJwWWpxuynt4v-l-doC2D8QibLzMbuIhOwaWsLmwpdhgDbC1306X-msC0hz8XCg9vyDRucsbQyccHoPV4omkEA0iGV5m1YLDRJZc6mUEynJr0zxCbhO2O2do6vYN\">Adventure Slovenia<\/a>&nbsp;is nominated for a culinary video of the year! <\/strong><\/h2><h2 class=\"wp-block-heading\"><strong><a href=\"http:\/\/travelvideoalliance.com\/category-nominee-video\/?videoId=the-cook-the-chef-the-story-of-ana-ros&amp;contestYear=2020&amp;categoryId=culinary-industry&amp;fbclid=IwAR2Z5WSAoQnawqyz-LfVqfrU7CzWg8cRvKrFAzQUNCZ8arndvyfrOue9Bhk\">Show your support and vote here!&nbsp; <\/a><\/strong><\/h2><p>Named World\u2019s Best Female Chef in 2017, Ana Ro\u0161 describes herself as a \u201crestless personality.\u201d And yet by staying rooted in her native Kobarid, Slovenia, her creativity flourishes through her cooking in Hi\u0161a Franko. Her\u2019s is a unique story of being a super educated and talented person destined for a career in international diplomacy, but deciding instead to stay in her home valley and preserve her culture. <\/p><p><strong>We are keeping fingers crossed for Ana Ro\u0161 and the team behind the video!<\/strong><\/p><p><\/p><h2 class=\"wp-block-heading\"><strong><a href=\"http:\/\/travelvideoalliance.com\/category-nominee-video\/?videoId=the-cook-the-chef-the-story-of-ana-ros&amp;contestYear=2020&amp;categoryId=culinary-industry&amp;fbclid=IwAR2Z5WSAoQnawqyz-LfVqfrU7CzWg8cRvKrFAzQUNCZ8arndvyfrOue9Bhk\">Watch and vote for the video here. <\/a><\/strong><\/h2><p>Source: Travel Video Alliance<\/p><!-- CONTENT END 1 -->\n","protected":false},"excerpt":{"rendered":"<p>Ana Ro\u0161 from Hi\u0161a Franko is without a doubt one of the best and most recognizable chefs. The video about Hi\u0161a Franko made by&nbsp;Matador Network&nbsp;in collaboration with&nbsp;Adventure Slovenia&nbsp;is nominated for a culinary video of the year! Show your support and vote here!&nbsp; Named World\u2019s Best Female Chef in 2017, Ana Ro\u0161 describes herself as a [&hellip;]<\/p>\n","protected":false},"author":13,"featured_media":31195,"comment_status":"open","ping_status":"open","sticky":false,"template":"","format":"standard","meta":{"_acf_changed":false,"footnotes":""},"categories":[158,172],"tags":[],"class_list":{"0":"post-33850","1":"post","2":"type-post","3":"status-publish","4":"format-standard","5":"has-post-thumbnail","7":"category-food","8":"category-gastronomy"},"acf":[],"yoast_head":"<!-- This site is optimized with the Yoast SEO plugin v24.3 - https:\/\/yoast.com\/wordpress\/plugins\/seo\/ -->\n<title>Video about Hi\u0161a Franko nominated for culinary video of the year - THE Slovenia<\/title>\n<meta name=\"robots\" content=\"index, follow, max-snippet:-1, max-image-preview:large, max-video-preview:-1\" \/>\n<link rel=\"canonical\" href=\"https:\/\/the-slovenia.com\/gastronomy\/hisa-franko-nominated-for-culinary-video-of-the-year\/\" \/>\n<meta property=\"og:locale\" content=\"en_US\" \/>\n<meta property=\"og:type\" content=\"article\" \/>\n<meta property=\"og:title\" content=\"Video about Hi\u0161a Franko nominated for culinary video of the year - THE Slovenia\" \/>\n<meta property=\"og:description\" content=\"Ana Ro\u0161 from Hi\u0161a Franko is without a doubt one of the best and most recognizable chefs. The video about Hi\u0161a Franko made by&nbsp;Matador Network&nbsp;in collaboration with&nbsp;Adventure Slovenia&nbsp;is nominated for a culinary video of the year! Show your support and vote here!&nbsp; Named World\u2019s Best Female Chef in 2017, Ana Ro\u0161 describes herself as a [&hellip;]\" \/>\n<meta property=\"og:url\" content=\"https:\/\/the-slovenia.com\/gastronomy\/hisa-franko-nominated-for-culinary-video-of-the-year\/\" \/>\n<meta property=\"og:site_name\" content=\"THE Slovenia\" \/>\n<meta property=\"article:publisher\" content=\"https:\/\/www.facebook.com\/THESLOVENIA\/?ref=br_rs\" \/>\n<meta property=\"article:published_time\" content=\"2020-04-06T09:57:26+00:00\" \/>\n<meta property=\"article:modified_time\" content=\"2020-04-06T10:01:28+00:00\" \/>\n<meta property=\"og:image\" content=\"https:\/\/i1.wp.com\/the-slovenia.com\/wp-content\/uploads\/2020\/03\/F014229-2019_sto_slovenija_l_13-photo-s.jpg?fit=800%2C534&ssl=1\" \/>\n\t<meta property=\"og:image:width\" content=\"800\" \/>\n\t<meta property=\"og:image:height\" content=\"534\" \/>\n\t<meta property=\"og:image:type\" content=\"image\/jpeg\" \/>\n<meta name=\"author\" content=\"Sara Todorovic\" \/>\n<meta name=\"twitter:card\" content=\"summary_large_image\" \/>\n<meta name=\"twitter:label1\" content=\"Written by\" \/>\n\t<meta name=\"twitter:data1\" content=\"Sara Todorovic\" \/>\n\t<meta name=\"twitter:label2\" content=\"Est. reading time\" \/>\n\t<meta name=\"twitter:data2\" content=\"1 minute\" \/>\n<script type=\"application\/ld+json\" class=\"yoast-schema-graph\">{\"@context\":\"https:\/\/schema.org\",\"@graph\":[{\"@type\":\"Article\",\"@id\":\"https:\/\/the-slovenia.com\/gastronomy\/hisa-franko-nominated-for-culinary-video-of-the-year\/#article\",\"isPartOf\":{\"@id\":\"https:\/\/the-slovenia.com\/gastronomy\/hisa-franko-nominated-for-culinary-video-of-the-year\/\"},\"author\":{\"name\":\"Sara Todorovic\",\"@id\":\"https:\/\/the-slovenia.com\/#\/schema\/person\/c1f00232ae0357355e0af555c02c574d\"},\"headline\":\"Video about Hi\u0161a Franko nominated for culinary video of the year\",\"datePublished\":\"2020-04-06T09:57:26+00:00\",\"dateModified\":\"2020-04-06T10:01:28+00:00\",\"mainEntityOfPage\":{\"@id\":\"https:\/\/the-slovenia.com\/gastronomy\/hisa-franko-nominated-for-culinary-video-of-the-year\/\"},\"wordCount\":161,\"commentCount\":0,\"publisher\":{\"@id\":\"https:\/\/the-slovenia.com\/#organization\"},\"image\":{\"@id\":\"https:\/\/the-slovenia.com\/gastronomy\/hisa-franko-nominated-for-culinary-video-of-the-year\/#primaryimage\"},\"thumbnailUrl\":\"https:\/\/the-slovenia.com\/wp-content\/uploads\/2020\/03\/F014229-2019_sto_slovenija_l_13-photo-s.jpg\",\"articleSection\":[\"FOOD\",\"GASTRONOMY\"],\"inLanguage\":\"en-US\",\"potentialAction\":[{\"@type\":\"CommentAction\",\"name\":\"Comment\",\"target\":[\"https:\/\/the-slovenia.com\/gastronomy\/hisa-franko-nominated-for-culinary-video-of-the-year\/#respond\"]}]},{\"@type\":\"WebPage\",\"@id\":\"https:\/\/the-slovenia.com\/gastronomy\/hisa-franko-nominated-for-culinary-video-of-the-year\/\",\"url\":\"https:\/\/the-slovenia.com\/gastronomy\/hisa-franko-nominated-for-culinary-video-of-the-year\/\",\"name\":\"Video about Hi\u0161a Franko nominated for culinary video of the year - THE Slovenia\",\"isPartOf\":{\"@id\":\"https:\/\/the-slovenia.com\/#website\"},\"primaryImageOfPage\":{\"@id\":\"https:\/\/the-slovenia.com\/gastronomy\/hisa-franko-nominated-for-culinary-video-of-the-year\/#primaryimage\"},\"image\":{\"@id\":\"https:\/\/the-slovenia.com\/gastronomy\/hisa-franko-nominated-for-culinary-video-of-the-year\/#primaryimage\"},\"thumbnailUrl\":\"https:\/\/the-slovenia.com\/wp-content\/uploads\/2020\/03\/F014229-2019_sto_slovenija_l_13-photo-s.jpg\",\"datePublished\":\"2020-04-06T09:57:26+00:00\",\"dateModified\":\"2020-04-06T10:01:28+00:00\",\"inLanguage\":\"en-US\",\"potentialAction\":[{\"@type\":\"ReadAction\",\"target\":[\"https:\/\/the-slovenia.com\/gastronomy\/hisa-franko-nominated-for-culinary-video-of-the-year\/\"]}]},{\"@type\":\"ImageObject\",\"inLanguage\":\"en-US\",\"@id\":\"https:\/\/the-slovenia.com\/gastronomy\/hisa-franko-nominated-for-culinary-video-of-the-year\/#primaryimage\",\"url\":\"https:\/\/the-slovenia.com\/wp-content\/uploads\/2020\/03\/F014229-2019_sto_slovenija_l_13-photo-s.jpg\",\"contentUrl\":\"https:\/\/the-slovenia.com\/wp-content\/uploads\/2020\/03\/F014229-2019_sto_slovenija_l_13-photo-s.jpg\",\"width\":800,\"height\":534},{\"@type\":\"WebSite\",\"@id\":\"https:\/\/the-slovenia.com\/#website\",\"url\":\"https:\/\/the-slovenia.com\/\",\"name\":\"THE Slovenia\",\"description\":\"\",\"publisher\":{\"@id\":\"https:\/\/the-slovenia.com\/#organization\"},\"potentialAction\":[{\"@type\":\"SearchAction\",\"target\":{\"@type\":\"EntryPoint\",\"urlTemplate\":\"https:\/\/the-slovenia.com\/?s={search_term_string}\"},\"query-input\":{\"@type\":\"PropertyValueSpecification\",\"valueRequired\":true,\"valueName\":\"search_term_string\"}}],\"inLanguage\":\"en-US\"},{\"@type\":\"Organization\",\"@id\":\"https:\/\/the-slovenia.com\/#organization\",\"name\":\"THE Slovenia\",\"url\":\"https:\/\/the-slovenia.com\/\",\"logo\":{\"@type\":\"ImageObject\",\"inLanguage\":\"en-US\",\"@id\":\"https:\/\/the-slovenia.com\/#\/schema\/logo\/image\/\",\"url\":\"https:\/\/the-slovenia.com\/wp-content\/uploads\/2020\/02\/THE_logo_final_beli_napis.jpg\",\"contentUrl\":\"https:\/\/the-slovenia.com\/wp-content\/uploads\/2020\/02\/THE_logo_final_beli_napis.jpg\",\"width\":1535,\"height\":1574,\"caption\":\"THE Slovenia\"},\"image\":{\"@id\":\"https:\/\/the-slovenia.com\/#\/schema\/logo\/image\/\"},\"sameAs\":[\"https:\/\/www.facebook.com\/THESLOVENIA\/?ref=br_rs\",\"https:\/\/www.instagram.com\/the.slovenia\/\",\"https:\/\/www.linkedin.com\/company\/the-slovenia\/\"]},{\"@type\":\"Person\",\"@id\":\"https:\/\/the-slovenia.com\/#\/schema\/person\/c1f00232ae0357355e0af555c02c574d\",\"name\":\"Sara Todorovic\",\"image\":{\"@type\":\"ImageObject\",\"inLanguage\":\"en-US\",\"@id\":\"https:\/\/the-slovenia.com\/#\/schema\/person\/image\/\",\"url\":\"https:\/\/secure.gravatar.com\/avatar\/0259cbca30644266a606832ac88c7a003b31f094d98aecea71210839e399e17c?s=96&d=mm&r=g\",\"contentUrl\":\"https:\/\/secure.gravatar.com\/avatar\/0259cbca30644266a606832ac88c7a003b31f094d98aecea71210839e399e17c?s=96&d=mm&r=g\",\"caption\":\"Sara Todorovic\"},\"url\":\"https:\/\/the-slovenia.com\/en\/author\/thesara\/\"}]}<\/script>\n<!-- \/ Yoast SEO plugin. -->","yoast_head_json":{"title":"Video about Hi\u0161a Franko nominated for culinary video of the year - THE Slovenia","robots":{"index":"index","follow":"follow","max-snippet":"max-snippet:-1","max-image-preview":"max-image-preview:large","max-video-preview":"max-video-preview:-1"},"canonical":"https:\/\/the-slovenia.com\/gastronomy\/hisa-franko-nominated-for-culinary-video-of-the-year\/","og_locale":"en_US","og_type":"article","og_title":"Video about Hi\u0161a Franko nominated for culinary video of the year - THE Slovenia","og_description":"Ana Ro\u0161 from Hi\u0161a Franko is without a doubt one of the best and most recognizable chefs. The video about Hi\u0161a Franko made by&nbsp;Matador Network&nbsp;in collaboration with&nbsp;Adventure Slovenia&nbsp;is nominated for a culinary video of the year! Show your support and vote here!&nbsp; Named World\u2019s Best Female Chef in 2017, Ana Ro\u0161 describes herself as a [&hellip;]","og_url":"https:\/\/the-slovenia.com\/gastronomy\/hisa-franko-nominated-for-culinary-video-of-the-year\/","og_site_name":"THE Slovenia","article_publisher":"https:\/\/www.facebook.com\/THESLOVENIA\/?ref=br_rs","article_published_time":"2020-04-06T09:57:26+00:00","article_modified_time":"2020-04-06T10:01:28+00:00","og_image":[{"width":800,"height":534,"url":"https:\/\/i1.wp.com\/the-slovenia.com\/wp-content\/uploads\/2020\/03\/F014229-2019_sto_slovenija_l_13-photo-s.jpg?fit=800%2C534&ssl=1","type":"image\/jpeg"}],"author":"Sara Todorovic","twitter_card":"summary_large_image","twitter_misc":{"Written by":"Sara Todorovic","Est. reading time":"1 minute"},"schema":{"@context":"https:\/\/schema.org","@graph":[{"@type":"Article","@id":"https:\/\/the-slovenia.com\/gastronomy\/hisa-franko-nominated-for-culinary-video-of-the-year\/#article","isPartOf":{"@id":"https:\/\/the-slovenia.com\/gastronomy\/hisa-franko-nominated-for-culinary-video-of-the-year\/"},"author":{"name":"Sara Todorovic","@id":"https:\/\/the-slovenia.com\/#\/schema\/person\/c1f00232ae0357355e0af555c02c574d"},"headline":"Video about Hi\u0161a Franko nominated for culinary video of the year","datePublished":"2020-04-06T09:57:26+00:00","dateModified":"2020-04-06T10:01:28+00:00","mainEntityOfPage":{"@id":"https:\/\/the-slovenia.com\/gastronomy\/hisa-franko-nominated-for-culinary-video-of-the-year\/"},"wordCount":161,"commentCount":0,"publisher":{"@id":"https:\/\/the-slovenia.com\/#organization"},"image":{"@id":"https:\/\/the-slovenia.com\/gastronomy\/hisa-franko-nominated-for-culinary-video-of-the-year\/#primaryimage"},"thumbnailUrl":"https:\/\/the-slovenia.com\/wp-content\/uploads\/2020\/03\/F014229-2019_sto_slovenija_l_13-photo-s.jpg","articleSection":["FOOD","GASTRONOMY"],"inLanguage":"en-US","potentialAction":[{"@type":"CommentAction","name":"Comment","target":["https:\/\/the-slovenia.com\/gastronomy\/hisa-franko-nominated-for-culinary-video-of-the-year\/#respond"]}]},{"@type":"WebPage","@id":"https:\/\/the-slovenia.com\/gastronomy\/hisa-franko-nominated-for-culinary-video-of-the-year\/","url":"https:\/\/the-slovenia.com\/gastronomy\/hisa-franko-nominated-for-culinary-video-of-the-year\/","name":"Video about Hi\u0161a Franko nominated for culinary video of the year - THE Slovenia","isPartOf":{"@id":"https:\/\/the-slovenia.com\/#website"},"primaryImageOfPage":{"@id":"https:\/\/the-slovenia.com\/gastronomy\/hisa-franko-nominated-for-culinary-video-of-the-year\/#primaryimage"},"image":{"@id":"https:\/\/the-slovenia.com\/gastronomy\/hisa-franko-nominated-for-culinary-video-of-the-year\/#primaryimage"},"thumbnailUrl":"https:\/\/the-slovenia.com\/wp-content\/uploads\/2020\/03\/F014229-2019_sto_slovenija_l_13-photo-s.jpg","datePublished":"2020-04-06T09:57:26+00:00","dateModified":"2020-04-06T10:01:28+00:00","inLanguage":"en-US","potentialAction":[{"@type":"ReadAction","target":["https:\/\/the-slovenia.com\/gastronomy\/hisa-franko-nominated-for-culinary-video-of-the-year\/"]}]},{"@type":"ImageObject","inLanguage":"en-US","@id":"https:\/\/the-slovenia.com\/gastronomy\/hisa-franko-nominated-for-culinary-video-of-the-year\/#primaryimage","url":"https:\/\/the-slovenia.com\/wp-content\/uploads\/2020\/03\/F014229-2019_sto_slovenija_l_13-photo-s.jpg","contentUrl":"https:\/\/the-slovenia.com\/wp-content\/uploads\/2020\/03\/F014229-2019_sto_slovenija_l_13-photo-s.jpg","width":800,"height":534},{"@type":"WebSite","@id":"https:\/\/the-slovenia.com\/#website","url":"https:\/\/the-slovenia.com\/","name":"THE Slovenia","description":"","publisher":{"@id":"https:\/\/the-slovenia.com\/#organization"},"potentialAction":[{"@type":"SearchAction","target":{"@type":"EntryPoint","urlTemplate":"https:\/\/the-slovenia.com\/?s={search_term_string}"},"query-input":{"@type":"PropertyValueSpecification","valueRequired":true,"valueName":"search_term_string"}}],"inLanguage":"en-US"},{"@type":"Organization","@id":"https:\/\/the-slovenia.com\/#organization","name":"THE Slovenia","url":"https:\/\/the-slovenia.com\/","logo":{"@type":"ImageObject","inLanguage":"en-US","@id":"https:\/\/the-slovenia.com\/#\/schema\/logo\/image\/","url":"https:\/\/the-slovenia.com\/wp-content\/uploads\/2020\/02\/THE_logo_final_beli_napis.jpg","contentUrl":"https:\/\/the-slovenia.com\/wp-content\/uploads\/2020\/02\/THE_logo_final_beli_napis.jpg","width":1535,"height":1574,"caption":"THE Slovenia"},"image":{"@id":"https:\/\/the-slovenia.com\/#\/schema\/logo\/image\/"},"sameAs":["https:\/\/www.facebook.com\/THESLOVENIA\/?ref=br_rs","https:\/\/www.instagram.com\/the.slovenia\/","https:\/\/www.linkedin.com\/company\/the-slovenia\/"]},{"@type":"Person","@id":"https:\/\/the-slovenia.com\/#\/schema\/person\/c1f00232ae0357355e0af555c02c574d","name":"Sara Todorovic","image":{"@type":"ImageObject","inLanguage":"en-US","@id":"https:\/\/the-slovenia.com\/#\/schema\/person\/image\/","url":"https:\/\/secure.gravatar.com\/avatar\/0259cbca30644266a606832ac88c7a003b31f094d98aecea71210839e399e17c?s=96&d=mm&r=g","contentUrl":"https:\/\/secure.gravatar.com\/avatar\/0259cbca30644266a606832ac88c7a003b31f094d98aecea71210839e399e17c?s=96&d=mm&r=g","caption":"Sara Todorovic"},"url":"https:\/\/the-slovenia.com\/en\/author\/thesara\/"}]}},"_links":{"self":[{"href":"https:\/\/the-slovenia.com\/en\/wp-json\/wp\/v2\/posts\/33850","targetHints":{"allow":["GET"]}}],"collection":[{"href":"https:\/\/the-slovenia.com\/en\/wp-json\/wp\/v2\/posts"}],"about":[{"href":"https:\/\/the-slovenia.com\/en\/wp-json\/wp\/v2\/types\/post"}],"author":[{"embeddable":true,"href":"https:\/\/the-slovenia.com\/en\/wp-json\/wp\/v2\/users\/13"}],"replies":[{"embeddable":true,"href":"https:\/\/the-slovenia.com\/en\/wp-json\/wp\/v2\/comments?post=33850"}],"version-history":[{"count":0,"href":"https:\/\/the-slovenia.com\/en\/wp-json\/wp\/v2\/posts\/33850\/revisions"}],"wp:featuredmedia":[{"embeddable":true,"href":"https:\/\/the-slovenia.com\/en\/wp-json\/wp\/v2\/media\/31195"}],"wp:attachment":[{"href":"https:\/\/the-slovenia.com\/en\/wp-json\/wp\/v2\/media?parent=33850"}],"wp:term":[{"taxonomy":"category","embeddable":true,"href":"https:\/\/the-slovenia.com\/en\/wp-json\/wp\/v2\/categories?post=33850"},{"taxonomy":"post_tag","embeddable":true,"href":"https:\/\/the-slovenia.com\/en\/wp-json\/wp\/v2\/tags?post=33850"}],"curies":[{"name":"wp","href":"https:\/\/api.w.org\/{rel}","templated":true}]}}