{"id":29492,"date":"2020-02-26T09:36:50","date_gmt":"2020-02-26T09:36:50","guid":{"rendered":"https:\/\/the-slovenia.com\/?p=29492"},"modified":"2020-02-26T13:13:43","modified_gmt":"2020-02-26T13:13:43","slug":"top-conference-8-hours-for-heath","status":"publish","type":"post","link":"https:\/\/the-slovenia.com\/en\/events\/top-100-events\/top-conference-8-hours-for-heath\/","title":{"rendered":"TOP Conference: 8 Hours for Health"},"content":{"rendered":"<h2 class=\"wp-block-heading\"><strong>From words to actions! How to live a healthy life?<\/strong><\/h2><h2 class=\"wp-block-heading\"><strong>The first Slovenian conference to host 8 Top lecturers in 8 hours. <\/strong><\/h2><p>The pace of life in the Western world is fast and difficult to change. What we can change, however, is the responsibility to oneself, to one&#8217;s health, so attending the 8 Hours of Health conference is the right and responsible decision. Especially as the best experts in sleep, health, nutrition, sports, and psychology will speak here. <\/p><p><strong><a href=\"https:\/\/www.8urzazdravje.si\/#o_dogodku\">The event will be held on March, 14th at Kristalna Pala\u010da in Ljubljana. The conference will begin at 9AM. <\/a><\/strong><\/p><p>Take time for yourself and time for your health. The organizers of the conference have brought together experts in the fields of health, nutrition, exercise and stress management. Particular attention will be paid to the foundation of healthy &#8211; sleep. The event is aimed at all lovers of well-being and healthy lifestyles and those who would like to achieve it. We want to make health a priority for everyone involved.<\/p><div class=\"wp-block-image\"><figure class=\"aligncenter size-large is-resized\"><img loading=\"lazy\" decoding=\"async\" data-src=\"https:\/\/the-slovenia.com\/wp-content\/uploads\/2020\/02\/8-ur-za-spanje-logo.png\" alt=\"\" class=\"wp-image-29512 lazyload\" width=\"250\" height=\"250\" data-srcset=\"https:\/\/the-slovenia.com\/wp-content\/uploads\/2020\/02\/8-ur-za-spanje-logo.png 500w, https:\/\/the-slovenia.com\/wp-content\/uploads\/2020\/02\/8-ur-za-spanje-logo-300x300.png 300w, https:\/\/the-slovenia.com\/wp-content\/uploads\/2020\/02\/8-ur-za-spanje-logo-100x100.png 100w, https:\/\/the-slovenia.com\/wp-content\/uploads\/2020\/02\/8-ur-za-spanje-logo-150x150.png 150w, https:\/\/the-slovenia.com\/wp-content\/uploads\/2020\/02\/8-ur-za-spanje-logo-420x420.png 420w\" data-sizes=\"auto, (max-width: 250px) 100vw, 250px\" src=\"data:image\/gif;base64,R0lGODlhAQABAAAAACH5BAEKAAEALAAAAAABAAEAAAICTAEAOw==\" style=\"--smush-placeholder-width: 250px; --smush-placeholder-aspect-ratio: 250\/250;\" \/><noscript><img loading=\"lazy\" decoding=\"async\" src=\"https:\/\/the-slovenia.com\/wp-content\/uploads\/2020\/02\/8-ur-za-spanje-logo.png\" alt=\"\" class=\"wp-image-29512\" width=\"250\" height=\"250\" srcset=\"https:\/\/the-slovenia.com\/wp-content\/uploads\/2020\/02\/8-ur-za-spanje-logo.png 500w, https:\/\/the-slovenia.com\/wp-content\/uploads\/2020\/02\/8-ur-za-spanje-logo-300x300.png 300w, https:\/\/the-slovenia.com\/wp-content\/uploads\/2020\/02\/8-ur-za-spanje-logo-100x100.png 100w, https:\/\/the-slovenia.com\/wp-content\/uploads\/2020\/02\/8-ur-za-spanje-logo-150x150.png 150w, https:\/\/the-slovenia.com\/wp-content\/uploads\/2020\/02\/8-ur-za-spanje-logo-420x420.png 420w\" sizes=\"auto, (max-width: 250px) 100vw, 250px\" \/><\/noscript><\/figure><\/div><p>Attend the first conference in Slovenia that will wake you up and take you on the path of a healthy lifestyle, but at the same time we will not wake you up if your sleep overcomes you. We are aware that sleep is actually a cornerstone of health. <strong>What will you learn at the conference:  <\/strong><\/p><ul class=\"wp-block-list\"><li>How to get more rest\/sleep.<\/li><li>How to cope with stress.<\/li><li>How to get rid of excess pounds, aches, and pains. <\/li><\/ul><h2 class=\"wp-block-heading\"><strong><a href=\"https:\/\/www.eventim.si\/si\/vstopnice\/konferenca-8ur-za-zdravje-ljubljana-btc-kristalna-palaca-537195\/event.html\"><span style=\"color:#0693e3\" class=\"tadv-color\">PURCHASE TICKETS FOR THE EVENT, HERE. <\/span><\/a><\/strong><\/h2><h3 class=\"wp-block-heading\">The 8 Hours for Health conference presents content that has not yet been found in Slovenia. Has anyone taught you how to sleep? Are you aware of the effects of sleep deprivation on your health? Do you think you don&#8217;t have time to sleep?<\/h3><p><strong>INVEST IN YOUR HEALTH<\/strong><\/p><p>With good sleep and exercise, adequate nutrition and the ability to manage stress, we are primarily responsible for our health<\/p><p><br><strong>ASK THE EXPERTS<\/strong><\/p><p>Take the opportunity and ask them all that interests you in relation to a healthy lifestyle.<\/p><p><br><strong>BREAK MYTHS AND STEREOTYPES<\/strong><\/p><p>Let &#8220;I sleep when I am dead&#8221; and &#8220;sleep is for the weak&#8221; will no longer be your guiding principle in life.<\/p><p><br><strong>PLACE LIVING FOUNDATIONS<\/strong><\/p><p>Health. Sleep. Food. Movement. Stress management. Let your life be based on these five concepts.<\/p><p><strong>LEARN ON THE ERRORS OF OTHERS<\/strong><\/p><p>Lecturers will share with you firsthand tips and warnings about the most common mistakes we make and thus pose a health risk.<\/p><p><strong><br>LEARN HOW TO BREATHE PROPERLY<\/strong><\/p><p>Breathing and sleeping are taken for granted. But sometimes it turns out that we&#8217;re not doing it right.<\/p><h2 class=\"wp-block-heading\"><strong>8 LECTURERS WITH WHICH WE WILL PUT THE HEALTH BASIS<\/strong><\/h2><p>At the event, there will be 8 lecturersAssociate Professor Leja Dolenc Gro\u0161elj, MD, PhD, Barbara Gnidovec Stra\u017ei\u0161ar, MD, M.Sc. Psychology Performance Sara Isakovi\u0107, Prof. Dr. Matej Tu\u0161ak, B.Sc., Prof. Klemen Jak\u0161a, M.Sc. Matej Golob, MBA, Certified Nutritionist Mojca Cepu\u0161 and Healthy Sleep Ambassador Emil Marin\u0161ek to live healthy.<\/p><figure class=\"wp-block-image size-large td-caption-align-https:\/\/the-slovenia.com\/wp-content\/uploads\/2020\/02\/8urzazdravje-FB-naslovnica-dogodek-predavatelji-2.jpg\"><img loading=\"lazy\" decoding=\"async\" width=\"1024\" height=\"536\" data-src=\"https:\/\/the-slovenia.com\/wp-content\/uploads\/2020\/02\/8urzazdravje-FB-naslovnica-dogodek-predavatelji-2-1024x536.jpg\" alt=\"\" class=\"wp-image-29511 lazyload\" data-srcset=\"https:\/\/the-slovenia.com\/wp-content\/uploads\/2020\/02\/8urzazdravje-FB-naslovnica-dogodek-predavatelji-2-1024x536.jpg 1024w, https:\/\/the-slovenia.com\/wp-content\/uploads\/2020\/02\/8urzazdravje-FB-naslovnica-dogodek-predavatelji-2-600x314.jpg 600w, https:\/\/the-slovenia.com\/wp-content\/uploads\/2020\/02\/8urzazdravje-FB-naslovnica-dogodek-predavatelji-2-300x157.jpg 300w, https:\/\/the-slovenia.com\/wp-content\/uploads\/2020\/02\/8urzazdravje-FB-naslovnica-dogodek-predavatelji-2-768x402.jpg 768w, https:\/\/the-slovenia.com\/wp-content\/uploads\/2020\/02\/8urzazdravje-FB-naslovnica-dogodek-predavatelji-2-696x364.jpg 696w, https:\/\/the-slovenia.com\/wp-content\/uploads\/2020\/02\/8urzazdravje-FB-naslovnica-dogodek-predavatelji-2-1068x559.jpg 1068w, https:\/\/the-slovenia.com\/wp-content\/uploads\/2020\/02\/8urzazdravje-FB-naslovnica-dogodek-predavatelji-2-803x420.jpg 803w, https:\/\/the-slovenia.com\/wp-content\/uploads\/2020\/02\/8urzazdravje-FB-naslovnica-dogodek-predavatelji-2.jpg 1200w\" data-sizes=\"auto, (max-width: 1024px) 100vw, 1024px\" src=\"data:image\/gif;base64,R0lGODlhAQABAAAAACH5BAEKAAEALAAAAAABAAEAAAICTAEAOw==\" style=\"--smush-placeholder-width: 1024px; --smush-placeholder-aspect-ratio: 1024\/536;\" \/><noscript><img loading=\"lazy\" decoding=\"async\" width=\"1024\" height=\"536\" src=\"https:\/\/the-slovenia.com\/wp-content\/uploads\/2020\/02\/8urzazdravje-FB-naslovnica-dogodek-predavatelji-2-1024x536.jpg\" alt=\"\" class=\"wp-image-29511\" srcset=\"https:\/\/the-slovenia.com\/wp-content\/uploads\/2020\/02\/8urzazdravje-FB-naslovnica-dogodek-predavatelji-2-1024x536.jpg 1024w, https:\/\/the-slovenia.com\/wp-content\/uploads\/2020\/02\/8urzazdravje-FB-naslovnica-dogodek-predavatelji-2-600x314.jpg 600w, https:\/\/the-slovenia.com\/wp-content\/uploads\/2020\/02\/8urzazdravje-FB-naslovnica-dogodek-predavatelji-2-300x157.jpg 300w, https:\/\/the-slovenia.com\/wp-content\/uploads\/2020\/02\/8urzazdravje-FB-naslovnica-dogodek-predavatelji-2-768x402.jpg 768w, https:\/\/the-slovenia.com\/wp-content\/uploads\/2020\/02\/8urzazdravje-FB-naslovnica-dogodek-predavatelji-2-696x364.jpg 696w, https:\/\/the-slovenia.com\/wp-content\/uploads\/2020\/02\/8urzazdravje-FB-naslovnica-dogodek-predavatelji-2-1068x559.jpg 1068w, https:\/\/the-slovenia.com\/wp-content\/uploads\/2020\/02\/8urzazdravje-FB-naslovnica-dogodek-predavatelji-2-803x420.jpg 803w, https:\/\/the-slovenia.com\/wp-content\/uploads\/2020\/02\/8urzazdravje-FB-naslovnica-dogodek-predavatelji-2.jpg 1200w\" sizes=\"auto, (max-width: 1024px) 100vw, 1024px\" \/><\/noscript><\/figure><p><strong>Give yourself the gift of heath! &#8211; Sometimes a small but real cartridge can produce great results.<\/strong><\/p><p>In addition to the abundance of new knowledge, participants will receive practical tips and tools that anyone can implement in their daily lives. You will also receive a $ 29.99 GIFT &#8211; the bestselling book, WHY WE SLEEP, by world-renowned sleep research expert Matthew Walker.<\/p><p><strong><a href=\"https:\/\/www.8urzazdravje.si\/\">Read more about the event here. <\/a><\/strong><\/p><h2 class=\"wp-block-heading\"><strong><a href=\"https:\/\/www.8urzazdravje.si\/#o_dogodku\">It&#8217;s time to go from words to actions and take health into your own hands.<\/a><\/strong><\/h2><figure class=\"wp-block-embed-youtube wp-block-embed is-type-video is-provider-youtube wp-embed-aspect-16-9 wp-has-aspect-ratio\"><div class=\"wp-block-embed__wrapper\">\n<div class=\"youtube-embed\" data-video_id=\"lt5Inbf8cZs\"><iframe loading=\"lazy\" title=\"1. Konferenca 8 ur za zdravje\" width=\"696\" height=\"392\" data-src=\"https:\/\/www.youtube.com\/embed\/videoseries?list=PL0bXMrRImIj_2O0cXpYwKvL0s4ntf9MXP&#038;enablejsapi=1\" frameborder=\"0\" allow=\"accelerometer; autoplay; encrypted-media; gyroscope; picture-in-picture\" allowfullscreen src=\"data:image\/gif;base64,R0lGODlhAQABAAAAACH5BAEKAAEALAAAAAABAAEAAAICTAEAOw==\" class=\"lazyload\" data-load-mode=\"1\"><\/iframe><\/div>\n<\/div><\/figure><h2 class=\"wp-block-heading\"><strong><a href=\"https:\/\/www.8urzazdravje.si\/#o_dogodku\"><br>Welcome to the Crystal Palace in Ljubljana on March 14, 2020!<\/a><\/strong><\/h2><!-- CONTENT END 1 -->\n","protected":false},"excerpt":{"rendered":"<p>From words to actions! How to live a healthy life? The first Slovenian conference to host 8 Top lecturers in 8 hours. The pace of life in the Western world is fast and difficult to change. What we can change, however, is the responsibility to oneself, to one&#8217;s health, so attending the 8 Hours of [&hellip;]<\/p>\n","protected":false},"author":13,"featured_media":29510,"comment_status":"open","ping_status":"open","sticky":false,"template":"","format":"standard","meta":{"_acf_changed":false,"footnotes":""},"categories":[483,193],"tags":[1351,649,242],"class_list":{"0":"post-29492","1":"post","2":"type-post","3":"status-publish","4":"format-standard","5":"has-post-thumbnail","7":"category-gastronomic-events","8":"category-top-100-events","9":"tag-conference","10":"tag-events","11":"tag-ljubljana"},"acf":[],"yoast_head":"<!-- This site is optimized with the Yoast SEO plugin v24.3 - https:\/\/yoast.com\/wordpress\/plugins\/seo\/ -->\n<title>TOP Conference: 8 Hours for Health - THE Slovenia<\/title>\n<meta name=\"robots\" content=\"index, follow, max-snippet:-1, max-image-preview:large, max-video-preview:-1\" \/>\n<link rel=\"canonical\" href=\"https:\/\/the-slovenia.com\/events\/top-100-events\/top-conference-8-hours-for-heath\/\" \/>\n<meta property=\"og:locale\" content=\"en_US\" \/>\n<meta property=\"og:type\" content=\"article\" \/>\n<meta property=\"og:title\" content=\"TOP Conference: 8 Hours for Health - THE Slovenia\" \/>\n<meta property=\"og:description\" content=\"From words to actions! How to live a healthy life? The first Slovenian conference to host 8 Top lecturers in 8 hours. The pace of life in the Western world is fast and difficult to change. What we can change, however, is the responsibility to oneself, to one&#8217;s health, so attending the 8 Hours of [&hellip;]\" \/>\n<meta property=\"og:url\" content=\"https:\/\/the-slovenia.com\/events\/top-100-events\/top-conference-8-hours-for-heath\/\" \/>\n<meta property=\"og:site_name\" content=\"THE Slovenia\" \/>\n<meta property=\"article:publisher\" content=\"https:\/\/www.facebook.com\/THESLOVENIA\/?ref=br_rs\" \/>\n<meta property=\"article:published_time\" content=\"2020-02-26T09:36:50+00:00\" \/>\n<meta property=\"article:modified_time\" content=\"2020-02-26T13:13:43+00:00\" \/>\n<meta property=\"og:image\" content=\"https:\/\/i0.wp.com\/the-slovenia.com\/wp-content\/uploads\/2020\/02\/8urzazdravje-FB-naslovnica-2.jpg?fit=1200%2C628&ssl=1\" \/>\n\t<meta property=\"og:image:width\" content=\"1200\" \/>\n\t<meta property=\"og:image:height\" content=\"628\" \/>\n\t<meta property=\"og:image:type\" content=\"image\/jpeg\" \/>\n<meta name=\"author\" content=\"Sara Todorovic\" \/>\n<meta name=\"twitter:card\" content=\"summary_large_image\" \/>\n<meta name=\"twitter:label1\" content=\"Written by\" \/>\n\t<meta name=\"twitter:data1\" content=\"Sara Todorovic\" \/>\n\t<meta name=\"twitter:label2\" content=\"Est. reading time\" \/>\n\t<meta name=\"twitter:data2\" content=\"3 minutes\" \/>\n<script type=\"application\/ld+json\" class=\"yoast-schema-graph\">{\"@context\":\"https:\/\/schema.org\",\"@graph\":[{\"@type\":\"Article\",\"@id\":\"https:\/\/the-slovenia.com\/events\/top-100-events\/top-conference-8-hours-for-heath\/#article\",\"isPartOf\":{\"@id\":\"https:\/\/the-slovenia.com\/events\/top-100-events\/top-conference-8-hours-for-heath\/\"},\"author\":{\"name\":\"Sara Todorovic\",\"@id\":\"https:\/\/the-slovenia.com\/#\/schema\/person\/c1f00232ae0357355e0af555c02c574d\"},\"headline\":\"TOP Conference: 8 Hours for Health\",\"datePublished\":\"2020-02-26T09:36:50+00:00\",\"dateModified\":\"2020-02-26T13:13:43+00:00\",\"mainEntityOfPage\":{\"@id\":\"https:\/\/the-slovenia.com\/events\/top-100-events\/top-conference-8-hours-for-heath\/\"},\"wordCount\":606,\"commentCount\":0,\"publisher\":{\"@id\":\"https:\/\/the-slovenia.com\/#organization\"},\"image\":{\"@id\":\"https:\/\/the-slovenia.com\/events\/top-100-events\/top-conference-8-hours-for-heath\/#primaryimage\"},\"thumbnailUrl\":\"https:\/\/the-slovenia.com\/wp-content\/uploads\/2020\/02\/8urzazdravje-FB-naslovnica-2.jpg\",\"keywords\":[\"conference\",\"Events\",\"ljubljana\"],\"articleSection\":[\"EVENTS\",\"TOP 100 EVENTS\"],\"inLanguage\":\"en-US\",\"potentialAction\":[{\"@type\":\"CommentAction\",\"name\":\"Comment\",\"target\":[\"https:\/\/the-slovenia.com\/events\/top-100-events\/top-conference-8-hours-for-heath\/#respond\"]}]},{\"@type\":\"WebPage\",\"@id\":\"https:\/\/the-slovenia.com\/events\/top-100-events\/top-conference-8-hours-for-heath\/\",\"url\":\"https:\/\/the-slovenia.com\/events\/top-100-events\/top-conference-8-hours-for-heath\/\",\"name\":\"TOP Conference: 8 Hours for Health - THE Slovenia\",\"isPartOf\":{\"@id\":\"https:\/\/the-slovenia.com\/#website\"},\"primaryImageOfPage\":{\"@id\":\"https:\/\/the-slovenia.com\/events\/top-100-events\/top-conference-8-hours-for-heath\/#primaryimage\"},\"image\":{\"@id\":\"https:\/\/the-slovenia.com\/events\/top-100-events\/top-conference-8-hours-for-heath\/#primaryimage\"},\"thumbnailUrl\":\"https:\/\/the-slovenia.com\/wp-content\/uploads\/2020\/02\/8urzazdravje-FB-naslovnica-2.jpg\",\"datePublished\":\"2020-02-26T09:36:50+00:00\",\"dateModified\":\"2020-02-26T13:13:43+00:00\",\"inLanguage\":\"en-US\",\"potentialAction\":[{\"@type\":\"ReadAction\",\"target\":[\"https:\/\/the-slovenia.com\/events\/top-100-events\/top-conference-8-hours-for-heath\/\"]}]},{\"@type\":\"ImageObject\",\"inLanguage\":\"en-US\",\"@id\":\"https:\/\/the-slovenia.com\/events\/top-100-events\/top-conference-8-hours-for-heath\/#primaryimage\",\"url\":\"https:\/\/the-slovenia.com\/wp-content\/uploads\/2020\/02\/8urzazdravje-FB-naslovnica-2.jpg\",\"contentUrl\":\"https:\/\/the-slovenia.com\/wp-content\/uploads\/2020\/02\/8urzazdravje-FB-naslovnica-2.jpg\",\"width\":1200,\"height\":628},{\"@type\":\"WebSite\",\"@id\":\"https:\/\/the-slovenia.com\/#website\",\"url\":\"https:\/\/the-slovenia.com\/\",\"name\":\"THE Slovenia\",\"description\":\"\",\"publisher\":{\"@id\":\"https:\/\/the-slovenia.com\/#organization\"},\"potentialAction\":[{\"@type\":\"SearchAction\",\"target\":{\"@type\":\"EntryPoint\",\"urlTemplate\":\"https:\/\/the-slovenia.com\/?s={search_term_string}\"},\"query-input\":{\"@type\":\"PropertyValueSpecification\",\"valueRequired\":true,\"valueName\":\"search_term_string\"}}],\"inLanguage\":\"en-US\"},{\"@type\":\"Organization\",\"@id\":\"https:\/\/the-slovenia.com\/#organization\",\"name\":\"THE Slovenia\",\"url\":\"https:\/\/the-slovenia.com\/\",\"logo\":{\"@type\":\"ImageObject\",\"inLanguage\":\"en-US\",\"@id\":\"https:\/\/the-slovenia.com\/#\/schema\/logo\/image\/\",\"url\":\"https:\/\/the-slovenia.com\/wp-content\/uploads\/2020\/02\/THE_logo_final_beli_napis.jpg\",\"contentUrl\":\"https:\/\/the-slovenia.com\/wp-content\/uploads\/2020\/02\/THE_logo_final_beli_napis.jpg\",\"width\":1535,\"height\":1574,\"caption\":\"THE Slovenia\"},\"image\":{\"@id\":\"https:\/\/the-slovenia.com\/#\/schema\/logo\/image\/\"},\"sameAs\":[\"https:\/\/www.facebook.com\/THESLOVENIA\/?ref=br_rs\",\"https:\/\/www.instagram.com\/the.slovenia\/\",\"https:\/\/www.linkedin.com\/company\/the-slovenia\/\"]},{\"@type\":\"Person\",\"@id\":\"https:\/\/the-slovenia.com\/#\/schema\/person\/c1f00232ae0357355e0af555c02c574d\",\"name\":\"Sara Todorovic\",\"image\":{\"@type\":\"ImageObject\",\"inLanguage\":\"en-US\",\"@id\":\"https:\/\/the-slovenia.com\/#\/schema\/person\/image\/\",\"url\":\"https:\/\/secure.gravatar.com\/avatar\/0259cbca30644266a606832ac88c7a003b31f094d98aecea71210839e399e17c?s=96&d=mm&r=g\",\"contentUrl\":\"https:\/\/secure.gravatar.com\/avatar\/0259cbca30644266a606832ac88c7a003b31f094d98aecea71210839e399e17c?s=96&d=mm&r=g\",\"caption\":\"Sara Todorovic\"},\"url\":\"https:\/\/the-slovenia.com\/en\/author\/thesara\/\"}]}<\/script>\n<!-- \/ Yoast SEO plugin. -->","yoast_head_json":{"title":"TOP Conference: 8 Hours for Health - THE Slovenia","robots":{"index":"index","follow":"follow","max-snippet":"max-snippet:-1","max-image-preview":"max-image-preview:large","max-video-preview":"max-video-preview:-1"},"canonical":"https:\/\/the-slovenia.com\/events\/top-100-events\/top-conference-8-hours-for-heath\/","og_locale":"en_US","og_type":"article","og_title":"TOP Conference: 8 Hours for Health - THE Slovenia","og_description":"From words to actions! How to live a healthy life? The first Slovenian conference to host 8 Top lecturers in 8 hours. The pace of life in the Western world is fast and difficult to change. What we can change, however, is the responsibility to oneself, to one&#8217;s health, so attending the 8 Hours of [&hellip;]","og_url":"https:\/\/the-slovenia.com\/events\/top-100-events\/top-conference-8-hours-for-heath\/","og_site_name":"THE Slovenia","article_publisher":"https:\/\/www.facebook.com\/THESLOVENIA\/?ref=br_rs","article_published_time":"2020-02-26T09:36:50+00:00","article_modified_time":"2020-02-26T13:13:43+00:00","og_image":[{"width":1200,"height":628,"url":"https:\/\/i0.wp.com\/the-slovenia.com\/wp-content\/uploads\/2020\/02\/8urzazdravje-FB-naslovnica-2.jpg?fit=1200%2C628&ssl=1","type":"image\/jpeg"}],"author":"Sara Todorovic","twitter_card":"summary_large_image","twitter_misc":{"Written by":"Sara Todorovic","Est. reading time":"3 minutes"},"schema":{"@context":"https:\/\/schema.org","@graph":[{"@type":"Article","@id":"https:\/\/the-slovenia.com\/events\/top-100-events\/top-conference-8-hours-for-heath\/#article","isPartOf":{"@id":"https:\/\/the-slovenia.com\/events\/top-100-events\/top-conference-8-hours-for-heath\/"},"author":{"name":"Sara Todorovic","@id":"https:\/\/the-slovenia.com\/#\/schema\/person\/c1f00232ae0357355e0af555c02c574d"},"headline":"TOP Conference: 8 Hours for Health","datePublished":"2020-02-26T09:36:50+00:00","dateModified":"2020-02-26T13:13:43+00:00","mainEntityOfPage":{"@id":"https:\/\/the-slovenia.com\/events\/top-100-events\/top-conference-8-hours-for-heath\/"},"wordCount":606,"commentCount":0,"publisher":{"@id":"https:\/\/the-slovenia.com\/#organization"},"image":{"@id":"https:\/\/the-slovenia.com\/events\/top-100-events\/top-conference-8-hours-for-heath\/#primaryimage"},"thumbnailUrl":"https:\/\/the-slovenia.com\/wp-content\/uploads\/2020\/02\/8urzazdravje-FB-naslovnica-2.jpg","keywords":["conference","Events","ljubljana"],"articleSection":["EVENTS","TOP 100 EVENTS"],"inLanguage":"en-US","potentialAction":[{"@type":"CommentAction","name":"Comment","target":["https:\/\/the-slovenia.com\/events\/top-100-events\/top-conference-8-hours-for-heath\/#respond"]}]},{"@type":"WebPage","@id":"https:\/\/the-slovenia.com\/events\/top-100-events\/top-conference-8-hours-for-heath\/","url":"https:\/\/the-slovenia.com\/events\/top-100-events\/top-conference-8-hours-for-heath\/","name":"TOP Conference: 8 Hours for Health - THE Slovenia","isPartOf":{"@id":"https:\/\/the-slovenia.com\/#website"},"primaryImageOfPage":{"@id":"https:\/\/the-slovenia.com\/events\/top-100-events\/top-conference-8-hours-for-heath\/#primaryimage"},"image":{"@id":"https:\/\/the-slovenia.com\/events\/top-100-events\/top-conference-8-hours-for-heath\/#primaryimage"},"thumbnailUrl":"https:\/\/the-slovenia.com\/wp-content\/uploads\/2020\/02\/8urzazdravje-FB-naslovnica-2.jpg","datePublished":"2020-02-26T09:36:50+00:00","dateModified":"2020-02-26T13:13:43+00:00","inLanguage":"en-US","potentialAction":[{"@type":"ReadAction","target":["https:\/\/the-slovenia.com\/events\/top-100-events\/top-conference-8-hours-for-heath\/"]}]},{"@type":"ImageObject","inLanguage":"en-US","@id":"https:\/\/the-slovenia.com\/events\/top-100-events\/top-conference-8-hours-for-heath\/#primaryimage","url":"https:\/\/the-slovenia.com\/wp-content\/uploads\/2020\/02\/8urzazdravje-FB-naslovnica-2.jpg","contentUrl":"https:\/\/the-slovenia.com\/wp-content\/uploads\/2020\/02\/8urzazdravje-FB-naslovnica-2.jpg","width":1200,"height":628},{"@type":"WebSite","@id":"https:\/\/the-slovenia.com\/#website","url":"https:\/\/the-slovenia.com\/","name":"THE Slovenia","description":"","publisher":{"@id":"https:\/\/the-slovenia.com\/#organization"},"potentialAction":[{"@type":"SearchAction","target":{"@type":"EntryPoint","urlTemplate":"https:\/\/the-slovenia.com\/?s={search_term_string}"},"query-input":{"@type":"PropertyValueSpecification","valueRequired":true,"valueName":"search_term_string"}}],"inLanguage":"en-US"},{"@type":"Organization","@id":"https:\/\/the-slovenia.com\/#organization","name":"THE Slovenia","url":"https:\/\/the-slovenia.com\/","logo":{"@type":"ImageObject","inLanguage":"en-US","@id":"https:\/\/the-slovenia.com\/#\/schema\/logo\/image\/","url":"https:\/\/the-slovenia.com\/wp-content\/uploads\/2020\/02\/THE_logo_final_beli_napis.jpg","contentUrl":"https:\/\/the-slovenia.com\/wp-content\/uploads\/2020\/02\/THE_logo_final_beli_napis.jpg","width":1535,"height":1574,"caption":"THE Slovenia"},"image":{"@id":"https:\/\/the-slovenia.com\/#\/schema\/logo\/image\/"},"sameAs":["https:\/\/www.facebook.com\/THESLOVENIA\/?ref=br_rs","https:\/\/www.instagram.com\/the.slovenia\/","https:\/\/www.linkedin.com\/company\/the-slovenia\/"]},{"@type":"Person","@id":"https:\/\/the-slovenia.com\/#\/schema\/person\/c1f00232ae0357355e0af555c02c574d","name":"Sara Todorovic","image":{"@type":"ImageObject","inLanguage":"en-US","@id":"https:\/\/the-slovenia.com\/#\/schema\/person\/image\/","url":"https:\/\/secure.gravatar.com\/avatar\/0259cbca30644266a606832ac88c7a003b31f094d98aecea71210839e399e17c?s=96&d=mm&r=g","contentUrl":"https:\/\/secure.gravatar.com\/avatar\/0259cbca30644266a606832ac88c7a003b31f094d98aecea71210839e399e17c?s=96&d=mm&r=g","caption":"Sara Todorovic"},"url":"https:\/\/the-slovenia.com\/en\/author\/thesara\/"}]}},"_links":{"self":[{"href":"https:\/\/the-slovenia.com\/en\/wp-json\/wp\/v2\/posts\/29492","targetHints":{"allow":["GET"]}}],"collection":[{"href":"https:\/\/the-slovenia.com\/en\/wp-json\/wp\/v2\/posts"}],"about":[{"href":"https:\/\/the-slovenia.com\/en\/wp-json\/wp\/v2\/types\/post"}],"author":[{"embeddable":true,"href":"https:\/\/the-slovenia.com\/en\/wp-json\/wp\/v2\/users\/13"}],"replies":[{"embeddable":true,"href":"https:\/\/the-slovenia.com\/en\/wp-json\/wp\/v2\/comments?post=29492"}],"version-history":[{"count":0,"href":"https:\/\/the-slovenia.com\/en\/wp-json\/wp\/v2\/posts\/29492\/revisions"}],"wp:featuredmedia":[{"embeddable":true,"href":"https:\/\/the-slovenia.com\/en\/wp-json\/wp\/v2\/media\/29510"}],"wp:attachment":[{"href":"https:\/\/the-slovenia.com\/en\/wp-json\/wp\/v2\/media?parent=29492"}],"wp:term":[{"taxonomy":"category","embeddable":true,"href":"https:\/\/the-slovenia.com\/en\/wp-json\/wp\/v2\/categories?post=29492"},{"taxonomy":"post_tag","embeddable":true,"href":"https:\/\/the-slovenia.com\/en\/wp-json\/wp\/v2\/tags?post=29492"}],"curies":[{"name":"wp","href":"https:\/\/api.w.org\/{rel}","templated":true}]}}