{"id":26326,"date":"2020-02-05T13:29:36","date_gmt":"2020-02-05T13:29:36","guid":{"rendered":"http:\/\/the-slovenia.com\/?p=26326"},"modified":"2020-02-25T09:49:47","modified_gmt":"2020-02-25T09:49:47","slug":"the-story-behind-the-plate-for-the-slovenia-restaurant-awards-2020","status":"publish","type":"post","link":"https:\/\/the-slovenia.com\/en\/gastronomy\/the-story-behind-the-plate-for-the-slovenia-restaurant-awards-2020\/","title":{"rendered":"The story behind the plate for The Slovenia Restaurant Awards 2020"},"content":{"rendered":"<p>Food and wine tourism are becoming the fastest-growing sector of the tourism industry, both around the world and in Slovenia.&nbsp;The increasing demand from tourists for reviews of Slovenian restaurants in foreign languages, and the fact that these reviews are a rarity even in Slovene, made us realize that the process of <strong><a href=\"https:\/\/the-slovenia.com\/tsra\/\">reviewing Slovene restaurants<\/a><\/strong> must begin as soon as possible.<\/p><p>Thus, in early autumn 2016, we started <strong><a href=\"https:\/\/the-slovenia.com\/tsra\/\">the project<\/a><\/strong> with the help from some Slovenian eno-gastronomy, folklore and tourism experts. Now each year we organize an event, where we reveal all the best restaurants in Slovenia.&nbsp;Carrying out a professional, independent and national selection of <a href=\"https:\/\/the-slovenia.com\/tsra\/\"><strong>the best Slovenian restaurants<\/strong><\/a> is a project that has been maturing for quite some time and is now in its 4th year of running. <\/p><p class=\"has-large-font-size\"><strong><sub>The story behind the plate <\/sub><\/strong><\/p><p><\/p><p>The stunning plate was prepared by the head chef of the <a href=\"http:\/\/the-slovenia.com\/restavracija-dam\/\"><strong>restaurant Dam<\/strong><\/a>, Uro\u0161 Faku\u010d. On the plate, we can see a stunning layout of freshly caught octopus flavored with homegrown rosemary, sweet potato soup, crispy cuttlefish, seaweed and plankton. <\/p><p>The inspiration behind the plate is a spring walk on the beach. Nothing soothes the soul like a walk on the beach. <\/p><p>The author of the photograph is the amazingly talented Slovenian photographer, <strong><a href=\"https:\/\/www.foto-dd.com\/\">Dean Dubokovi\u010d<\/a><\/strong>. The photograph of the plate will represent this year&#8217;s promotional visuals and communications for <a href=\"https:\/\/the-slovenia.com\/tsra\/\"><strong>The Slovenian Restaurant Awards 2020<\/strong><\/a>. <\/p><p>We choose this photograph in support of the Slovenian gastronomy, culinary and its many talented chefs. <\/p><figure class=\"wp-block-image size-large td-caption-align-https:\/\/the-slovenia.com\/wp-content\/uploads\/2020\/02\/GLASUJTE-ZDAJ.png\"><img loading=\"lazy\" decoding=\"async\" width=\"1024\" height=\"536\" data-src=\"https:\/\/the-slovenia.com\/wp-content\/uploads\/2020\/02\/GLASUJTE-ZDAJ-1024x536.png\" alt=\"\" class=\"wp-image-26333 lazyload\" data-srcset=\"https:\/\/the-slovenia.com\/wp-content\/uploads\/2020\/02\/GLASUJTE-ZDAJ-1024x536.png 1024w, https:\/\/the-slovenia.com\/wp-content\/uploads\/2020\/02\/GLASUJTE-ZDAJ-600x314.png 600w, https:\/\/the-slovenia.com\/wp-content\/uploads\/2020\/02\/GLASUJTE-ZDAJ-300x157.png 300w, https:\/\/the-slovenia.com\/wp-content\/uploads\/2020\/02\/GLASUJTE-ZDAJ-768x402.png 768w, https:\/\/the-slovenia.com\/wp-content\/uploads\/2020\/02\/GLASUJTE-ZDAJ-696x364.png 696w, https:\/\/the-slovenia.com\/wp-content\/uploads\/2020\/02\/GLASUJTE-ZDAJ-1068x559.png 1068w, https:\/\/the-slovenia.com\/wp-content\/uploads\/2020\/02\/GLASUJTE-ZDAJ-803x420.png 803w, https:\/\/the-slovenia.com\/wp-content\/uploads\/2020\/02\/GLASUJTE-ZDAJ.png 1200w\" data-sizes=\"auto, (max-width: 1024px) 100vw, 1024px\" src=\"data:image\/gif;base64,R0lGODlhAQABAAAAACH5BAEKAAEALAAAAAABAAEAAAICTAEAOw==\" style=\"--smush-placeholder-width: 1024px; --smush-placeholder-aspect-ratio: 1024\/536;\" \/><noscript><img loading=\"lazy\" decoding=\"async\" width=\"1024\" height=\"536\" src=\"https:\/\/the-slovenia.com\/wp-content\/uploads\/2020\/02\/GLASUJTE-ZDAJ-1024x536.png\" alt=\"\" class=\"wp-image-26333\" srcset=\"https:\/\/the-slovenia.com\/wp-content\/uploads\/2020\/02\/GLASUJTE-ZDAJ-1024x536.png 1024w, https:\/\/the-slovenia.com\/wp-content\/uploads\/2020\/02\/GLASUJTE-ZDAJ-600x314.png 600w, https:\/\/the-slovenia.com\/wp-content\/uploads\/2020\/02\/GLASUJTE-ZDAJ-300x157.png 300w, https:\/\/the-slovenia.com\/wp-content\/uploads\/2020\/02\/GLASUJTE-ZDAJ-768x402.png 768w, https:\/\/the-slovenia.com\/wp-content\/uploads\/2020\/02\/GLASUJTE-ZDAJ-696x364.png 696w, https:\/\/the-slovenia.com\/wp-content\/uploads\/2020\/02\/GLASUJTE-ZDAJ-1068x559.png 1068w, https:\/\/the-slovenia.com\/wp-content\/uploads\/2020\/02\/GLASUJTE-ZDAJ-803x420.png 803w, https:\/\/the-slovenia.com\/wp-content\/uploads\/2020\/02\/GLASUJTE-ZDAJ.png 1200w\" sizes=\"auto, (max-width: 1024px) 100vw, 1024px\" \/><\/noscript><figcaption>Chef Uro\u0161 Faku\u010d (on the left), photographer Dean Dubokovi\u010d (on the right)<\/figcaption><\/figure><!-- CONTENT END 1 -->\n","protected":false},"excerpt":{"rendered":"<p>Food and wine tourism are becoming the fastest-growing sector of the tourism industry, both around the world and in Slovenia.&nbsp;The increasing demand from tourists for reviews of Slovenian restaurants in foreign languages, and the fact that these reviews are a rarity even in Slovene, made us realize that the process of reviewing Slovene restaurants must [&hellip;]<\/p>\n","protected":false},"author":13,"featured_media":26327,"comment_status":"open","ping_status":"open","sticky":false,"template":"","format":"standard","meta":{"_acf_changed":false,"footnotes":""},"categories":[172,174,180],"tags":[659,660,658,96,34,655,656,657],"class_list":{"0":"post-26326","1":"post","2":"type-post","3":"status-publish","4":"format-standard","5":"has-post-thumbnail","7":"category-gastronomy","8":"category-restaurant-awards","9":"category-slovenia","10":"tag-dam","11":"tag-dam-restaurant","12":"tag-photography","13":"tag-restaruant","14":"tag-restaurant-awards","15":"tag-the-slovenia-restaurant-awards-2020","16":"tag-tsra","17":"tag-tsra2020"},"acf":[],"yoast_head":"<!-- This site is optimized with the Yoast SEO plugin v24.3 - https:\/\/yoast.com\/wordpress\/plugins\/seo\/ -->\n<title>The story behind the plate for The Slovenia Restaurant Awards 2020 - THE Slovenia<\/title>\n<meta name=\"robots\" content=\"index, follow, max-snippet:-1, max-image-preview:large, max-video-preview:-1\" \/>\n<link rel=\"canonical\" href=\"https:\/\/the-slovenia.com\/gastronomy\/the-story-behind-the-plate-for-the-slovenia-restaurant-awards-2020\/\" \/>\n<meta property=\"og:locale\" content=\"en_US\" \/>\n<meta property=\"og:type\" content=\"article\" \/>\n<meta property=\"og:title\" content=\"The story behind the plate for The Slovenia Restaurant Awards 2020 - THE Slovenia\" \/>\n<meta property=\"og:description\" content=\"Food and wine tourism are becoming the fastest-growing sector of the tourism industry, both around the world and in Slovenia.&nbsp;The increasing demand from tourists for reviews of Slovenian restaurants in foreign languages, and the fact that these reviews are a rarity even in Slovene, made us realize that the process of reviewing Slovene restaurants must [&hellip;]\" \/>\n<meta property=\"og:url\" content=\"https:\/\/the-slovenia.com\/gastronomy\/the-story-behind-the-plate-for-the-slovenia-restaurant-awards-2020\/\" \/>\n<meta property=\"og:site_name\" content=\"THE Slovenia\" \/>\n<meta property=\"article:publisher\" content=\"https:\/\/www.facebook.com\/THESLOVENIA\/?ref=br_rs\" \/>\n<meta property=\"article:published_time\" content=\"2020-02-05T13:29:36+00:00\" \/>\n<meta property=\"article:modified_time\" content=\"2020-02-25T09:49:47+00:00\" \/>\n<meta property=\"og:image\" content=\"https:\/\/i1.wp.com\/the-slovenia.com\/wp-content\/uploads\/2020\/02\/Restavracija-DAM-Photo-Dean-Dubokovic-108-1-scaled.jpg?fit=2560%2C1707&ssl=1\" \/>\n\t<meta property=\"og:image:width\" content=\"2560\" \/>\n\t<meta property=\"og:image:height\" content=\"1707\" \/>\n\t<meta property=\"og:image:type\" content=\"image\/jpeg\" \/>\n<meta name=\"author\" content=\"Sara Todorovic\" \/>\n<meta name=\"twitter:card\" content=\"summary_large_image\" \/>\n<meta name=\"twitter:label1\" content=\"Written by\" \/>\n\t<meta name=\"twitter:data1\" content=\"Sara Todorovic\" \/>\n\t<meta name=\"twitter:label2\" content=\"Est. reading time\" \/>\n\t<meta name=\"twitter:data2\" content=\"1 minute\" \/>\n<script type=\"application\/ld+json\" class=\"yoast-schema-graph\">{\"@context\":\"https:\/\/schema.org\",\"@graph\":[{\"@type\":\"Article\",\"@id\":\"https:\/\/the-slovenia.com\/gastronomy\/the-story-behind-the-plate-for-the-slovenia-restaurant-awards-2020\/#article\",\"isPartOf\":{\"@id\":\"https:\/\/the-slovenia.com\/gastronomy\/the-story-behind-the-plate-for-the-slovenia-restaurant-awards-2020\/\"},\"author\":{\"name\":\"Sara Todorovic\",\"@id\":\"https:\/\/the-slovenia.com\/#\/schema\/person\/c1f00232ae0357355e0af555c02c574d\"},\"headline\":\"The story behind the plate for The Slovenia Restaurant Awards 2020\",\"datePublished\":\"2020-02-05T13:29:36+00:00\",\"dateModified\":\"2020-02-25T09:49:47+00:00\",\"mainEntityOfPage\":{\"@id\":\"https:\/\/the-slovenia.com\/gastronomy\/the-story-behind-the-plate-for-the-slovenia-restaurant-awards-2020\/\"},\"wordCount\":267,\"commentCount\":0,\"publisher\":{\"@id\":\"https:\/\/the-slovenia.com\/#organization\"},\"image\":{\"@id\":\"https:\/\/the-slovenia.com\/gastronomy\/the-story-behind-the-plate-for-the-slovenia-restaurant-awards-2020\/#primaryimage\"},\"thumbnailUrl\":\"https:\/\/the-slovenia.com\/wp-content\/uploads\/2020\/02\/Restavracija-DAM-Photo-Dean-Dubokovic-108-1-scaled.jpg\",\"keywords\":[\"DAM\",\"DAM restaurant\",\"Photography\",\"restaruant\",\"RESTAURANT AWARDS\",\"The Slovenia Restaurant Awards 2020\",\"TSRA\",\"TSRA2020\"],\"articleSection\":[\"GASTRONOMY\",\"RESTAURANT AWARDS\",\"SLOVENIA\"],\"inLanguage\":\"en-US\",\"potentialAction\":[{\"@type\":\"CommentAction\",\"name\":\"Comment\",\"target\":[\"https:\/\/the-slovenia.com\/gastronomy\/the-story-behind-the-plate-for-the-slovenia-restaurant-awards-2020\/#respond\"]}]},{\"@type\":\"WebPage\",\"@id\":\"https:\/\/the-slovenia.com\/gastronomy\/the-story-behind-the-plate-for-the-slovenia-restaurant-awards-2020\/\",\"url\":\"https:\/\/the-slovenia.com\/gastronomy\/the-story-behind-the-plate-for-the-slovenia-restaurant-awards-2020\/\",\"name\":\"The story behind the plate for The Slovenia Restaurant Awards 2020 - THE Slovenia\",\"isPartOf\":{\"@id\":\"https:\/\/the-slovenia.com\/#website\"},\"primaryImageOfPage\":{\"@id\":\"https:\/\/the-slovenia.com\/gastronomy\/the-story-behind-the-plate-for-the-slovenia-restaurant-awards-2020\/#primaryimage\"},\"image\":{\"@id\":\"https:\/\/the-slovenia.com\/gastronomy\/the-story-behind-the-plate-for-the-slovenia-restaurant-awards-2020\/#primaryimage\"},\"thumbnailUrl\":\"https:\/\/the-slovenia.com\/wp-content\/uploads\/2020\/02\/Restavracija-DAM-Photo-Dean-Dubokovic-108-1-scaled.jpg\",\"datePublished\":\"2020-02-05T13:29:36+00:00\",\"dateModified\":\"2020-02-25T09:49:47+00:00\",\"inLanguage\":\"en-US\",\"potentialAction\":[{\"@type\":\"ReadAction\",\"target\":[\"https:\/\/the-slovenia.com\/gastronomy\/the-story-behind-the-plate-for-the-slovenia-restaurant-awards-2020\/\"]}]},{\"@type\":\"ImageObject\",\"inLanguage\":\"en-US\",\"@id\":\"https:\/\/the-slovenia.com\/gastronomy\/the-story-behind-the-plate-for-the-slovenia-restaurant-awards-2020\/#primaryimage\",\"url\":\"https:\/\/the-slovenia.com\/wp-content\/uploads\/2020\/02\/Restavracija-DAM-Photo-Dean-Dubokovic-108-1-scaled.jpg\",\"contentUrl\":\"https:\/\/the-slovenia.com\/wp-content\/uploads\/2020\/02\/Restavracija-DAM-Photo-Dean-Dubokovic-108-1-scaled.jpg\",\"width\":2560,\"height\":1707},{\"@type\":\"WebSite\",\"@id\":\"https:\/\/the-slovenia.com\/#website\",\"url\":\"https:\/\/the-slovenia.com\/\",\"name\":\"THE Slovenia\",\"description\":\"\",\"publisher\":{\"@id\":\"https:\/\/the-slovenia.com\/#organization\"},\"potentialAction\":[{\"@type\":\"SearchAction\",\"target\":{\"@type\":\"EntryPoint\",\"urlTemplate\":\"https:\/\/the-slovenia.com\/?s={search_term_string}\"},\"query-input\":{\"@type\":\"PropertyValueSpecification\",\"valueRequired\":true,\"valueName\":\"search_term_string\"}}],\"inLanguage\":\"en-US\"},{\"@type\":\"Organization\",\"@id\":\"https:\/\/the-slovenia.com\/#organization\",\"name\":\"THE Slovenia\",\"url\":\"https:\/\/the-slovenia.com\/\",\"logo\":{\"@type\":\"ImageObject\",\"inLanguage\":\"en-US\",\"@id\":\"https:\/\/the-slovenia.com\/#\/schema\/logo\/image\/\",\"url\":\"https:\/\/the-slovenia.com\/wp-content\/uploads\/2020\/02\/THE_logo_final_beli_napis.jpg\",\"contentUrl\":\"https:\/\/the-slovenia.com\/wp-content\/uploads\/2020\/02\/THE_logo_final_beli_napis.jpg\",\"width\":1535,\"height\":1574,\"caption\":\"THE Slovenia\"},\"image\":{\"@id\":\"https:\/\/the-slovenia.com\/#\/schema\/logo\/image\/\"},\"sameAs\":[\"https:\/\/www.facebook.com\/THESLOVENIA\/?ref=br_rs\",\"https:\/\/www.instagram.com\/the.slovenia\/\",\"https:\/\/www.linkedin.com\/company\/the-slovenia\/\"]},{\"@type\":\"Person\",\"@id\":\"https:\/\/the-slovenia.com\/#\/schema\/person\/c1f00232ae0357355e0af555c02c574d\",\"name\":\"Sara Todorovic\",\"image\":{\"@type\":\"ImageObject\",\"inLanguage\":\"en-US\",\"@id\":\"https:\/\/the-slovenia.com\/#\/schema\/person\/image\/\",\"url\":\"https:\/\/secure.gravatar.com\/avatar\/0259cbca30644266a606832ac88c7a003b31f094d98aecea71210839e399e17c?s=96&d=mm&r=g\",\"contentUrl\":\"https:\/\/secure.gravatar.com\/avatar\/0259cbca30644266a606832ac88c7a003b31f094d98aecea71210839e399e17c?s=96&d=mm&r=g\",\"caption\":\"Sara Todorovic\"},\"url\":\"https:\/\/the-slovenia.com\/en\/author\/thesara\/\"}]}<\/script>\n<!-- \/ Yoast SEO plugin. -->","yoast_head_json":{"title":"The story behind the plate for The Slovenia Restaurant Awards 2020 - THE Slovenia","robots":{"index":"index","follow":"follow","max-snippet":"max-snippet:-1","max-image-preview":"max-image-preview:large","max-video-preview":"max-video-preview:-1"},"canonical":"https:\/\/the-slovenia.com\/gastronomy\/the-story-behind-the-plate-for-the-slovenia-restaurant-awards-2020\/","og_locale":"en_US","og_type":"article","og_title":"The story behind the plate for The Slovenia Restaurant Awards 2020 - THE Slovenia","og_description":"Food and wine tourism are becoming the fastest-growing sector of the tourism industry, both around the world and in Slovenia.&nbsp;The increasing demand from tourists for reviews of Slovenian restaurants in foreign languages, and the fact that these reviews are a rarity even in Slovene, made us realize that the process of reviewing Slovene restaurants must [&hellip;]","og_url":"https:\/\/the-slovenia.com\/gastronomy\/the-story-behind-the-plate-for-the-slovenia-restaurant-awards-2020\/","og_site_name":"THE Slovenia","article_publisher":"https:\/\/www.facebook.com\/THESLOVENIA\/?ref=br_rs","article_published_time":"2020-02-05T13:29:36+00:00","article_modified_time":"2020-02-25T09:49:47+00:00","og_image":[{"width":2560,"height":1707,"url":"https:\/\/i1.wp.com\/the-slovenia.com\/wp-content\/uploads\/2020\/02\/Restavracija-DAM-Photo-Dean-Dubokovic-108-1-scaled.jpg?fit=2560%2C1707&ssl=1","type":"image\/jpeg"}],"author":"Sara Todorovic","twitter_card":"summary_large_image","twitter_misc":{"Written by":"Sara Todorovic","Est. reading time":"1 minute"},"schema":{"@context":"https:\/\/schema.org","@graph":[{"@type":"Article","@id":"https:\/\/the-slovenia.com\/gastronomy\/the-story-behind-the-plate-for-the-slovenia-restaurant-awards-2020\/#article","isPartOf":{"@id":"https:\/\/the-slovenia.com\/gastronomy\/the-story-behind-the-plate-for-the-slovenia-restaurant-awards-2020\/"},"author":{"name":"Sara Todorovic","@id":"https:\/\/the-slovenia.com\/#\/schema\/person\/c1f00232ae0357355e0af555c02c574d"},"headline":"The story behind the plate for The Slovenia Restaurant Awards 2020","datePublished":"2020-02-05T13:29:36+00:00","dateModified":"2020-02-25T09:49:47+00:00","mainEntityOfPage":{"@id":"https:\/\/the-slovenia.com\/gastronomy\/the-story-behind-the-plate-for-the-slovenia-restaurant-awards-2020\/"},"wordCount":267,"commentCount":0,"publisher":{"@id":"https:\/\/the-slovenia.com\/#organization"},"image":{"@id":"https:\/\/the-slovenia.com\/gastronomy\/the-story-behind-the-plate-for-the-slovenia-restaurant-awards-2020\/#primaryimage"},"thumbnailUrl":"https:\/\/the-slovenia.com\/wp-content\/uploads\/2020\/02\/Restavracija-DAM-Photo-Dean-Dubokovic-108-1-scaled.jpg","keywords":["DAM","DAM restaurant","Photography","restaruant","RESTAURANT AWARDS","The Slovenia Restaurant Awards 2020","TSRA","TSRA2020"],"articleSection":["GASTRONOMY","RESTAURANT AWARDS","SLOVENIA"],"inLanguage":"en-US","potentialAction":[{"@type":"CommentAction","name":"Comment","target":["https:\/\/the-slovenia.com\/gastronomy\/the-story-behind-the-plate-for-the-slovenia-restaurant-awards-2020\/#respond"]}]},{"@type":"WebPage","@id":"https:\/\/the-slovenia.com\/gastronomy\/the-story-behind-the-plate-for-the-slovenia-restaurant-awards-2020\/","url":"https:\/\/the-slovenia.com\/gastronomy\/the-story-behind-the-plate-for-the-slovenia-restaurant-awards-2020\/","name":"The story behind the plate for The Slovenia Restaurant Awards 2020 - THE Slovenia","isPartOf":{"@id":"https:\/\/the-slovenia.com\/#website"},"primaryImageOfPage":{"@id":"https:\/\/the-slovenia.com\/gastronomy\/the-story-behind-the-plate-for-the-slovenia-restaurant-awards-2020\/#primaryimage"},"image":{"@id":"https:\/\/the-slovenia.com\/gastronomy\/the-story-behind-the-plate-for-the-slovenia-restaurant-awards-2020\/#primaryimage"},"thumbnailUrl":"https:\/\/the-slovenia.com\/wp-content\/uploads\/2020\/02\/Restavracija-DAM-Photo-Dean-Dubokovic-108-1-scaled.jpg","datePublished":"2020-02-05T13:29:36+00:00","dateModified":"2020-02-25T09:49:47+00:00","inLanguage":"en-US","potentialAction":[{"@type":"ReadAction","target":["https:\/\/the-slovenia.com\/gastronomy\/the-story-behind-the-plate-for-the-slovenia-restaurant-awards-2020\/"]}]},{"@type":"ImageObject","inLanguage":"en-US","@id":"https:\/\/the-slovenia.com\/gastronomy\/the-story-behind-the-plate-for-the-slovenia-restaurant-awards-2020\/#primaryimage","url":"https:\/\/the-slovenia.com\/wp-content\/uploads\/2020\/02\/Restavracija-DAM-Photo-Dean-Dubokovic-108-1-scaled.jpg","contentUrl":"https:\/\/the-slovenia.com\/wp-content\/uploads\/2020\/02\/Restavracija-DAM-Photo-Dean-Dubokovic-108-1-scaled.jpg","width":2560,"height":1707},{"@type":"WebSite","@id":"https:\/\/the-slovenia.com\/#website","url":"https:\/\/the-slovenia.com\/","name":"THE Slovenia","description":"","publisher":{"@id":"https:\/\/the-slovenia.com\/#organization"},"potentialAction":[{"@type":"SearchAction","target":{"@type":"EntryPoint","urlTemplate":"https:\/\/the-slovenia.com\/?s={search_term_string}"},"query-input":{"@type":"PropertyValueSpecification","valueRequired":true,"valueName":"search_term_string"}}],"inLanguage":"en-US"},{"@type":"Organization","@id":"https:\/\/the-slovenia.com\/#organization","name":"THE Slovenia","url":"https:\/\/the-slovenia.com\/","logo":{"@type":"ImageObject","inLanguage":"en-US","@id":"https:\/\/the-slovenia.com\/#\/schema\/logo\/image\/","url":"https:\/\/the-slovenia.com\/wp-content\/uploads\/2020\/02\/THE_logo_final_beli_napis.jpg","contentUrl":"https:\/\/the-slovenia.com\/wp-content\/uploads\/2020\/02\/THE_logo_final_beli_napis.jpg","width":1535,"height":1574,"caption":"THE Slovenia"},"image":{"@id":"https:\/\/the-slovenia.com\/#\/schema\/logo\/image\/"},"sameAs":["https:\/\/www.facebook.com\/THESLOVENIA\/?ref=br_rs","https:\/\/www.instagram.com\/the.slovenia\/","https:\/\/www.linkedin.com\/company\/the-slovenia\/"]},{"@type":"Person","@id":"https:\/\/the-slovenia.com\/#\/schema\/person\/c1f00232ae0357355e0af555c02c574d","name":"Sara Todorovic","image":{"@type":"ImageObject","inLanguage":"en-US","@id":"https:\/\/the-slovenia.com\/#\/schema\/person\/image\/","url":"https:\/\/secure.gravatar.com\/avatar\/0259cbca30644266a606832ac88c7a003b31f094d98aecea71210839e399e17c?s=96&d=mm&r=g","contentUrl":"https:\/\/secure.gravatar.com\/avatar\/0259cbca30644266a606832ac88c7a003b31f094d98aecea71210839e399e17c?s=96&d=mm&r=g","caption":"Sara Todorovic"},"url":"https:\/\/the-slovenia.com\/en\/author\/thesara\/"}]}},"_links":{"self":[{"href":"https:\/\/the-slovenia.com\/en\/wp-json\/wp\/v2\/posts\/26326","targetHints":{"allow":["GET"]}}],"collection":[{"href":"https:\/\/the-slovenia.com\/en\/wp-json\/wp\/v2\/posts"}],"about":[{"href":"https:\/\/the-slovenia.com\/en\/wp-json\/wp\/v2\/types\/post"}],"author":[{"embeddable":true,"href":"https:\/\/the-slovenia.com\/en\/wp-json\/wp\/v2\/users\/13"}],"replies":[{"embeddable":true,"href":"https:\/\/the-slovenia.com\/en\/wp-json\/wp\/v2\/comments?post=26326"}],"version-history":[{"count":0,"href":"https:\/\/the-slovenia.com\/en\/wp-json\/wp\/v2\/posts\/26326\/revisions"}],"wp:featuredmedia":[{"embeddable":true,"href":"https:\/\/the-slovenia.com\/en\/wp-json\/wp\/v2\/media\/26327"}],"wp:attachment":[{"href":"https:\/\/the-slovenia.com\/en\/wp-json\/wp\/v2\/media?parent=26326"}],"wp:term":[{"taxonomy":"category","embeddable":true,"href":"https:\/\/the-slovenia.com\/en\/wp-json\/wp\/v2\/categories?post=26326"},{"taxonomy":"post_tag","embeddable":true,"href":"https:\/\/the-slovenia.com\/en\/wp-json\/wp\/v2\/tags?post=26326"}],"curies":[{"name":"wp","href":"https:\/\/api.w.org\/{rel}","templated":true}]}}