{"id":26164,"date":"2020-02-04T07:58:00","date_gmt":"2020-02-04T06:58:00","guid":{"rendered":"http:\/\/the-slovenia.com\/?p=26164"},"modified":"2020-05-20T08:09:30","modified_gmt":"2020-05-20T06:09:30","slug":"top-culinary-and-gastronomic-events-of-2020","status":"publish","type":"post","link":"https:\/\/the-slovenia.com\/en\/gastronomy\/top-culinary-and-gastronomic-events-of-2020\/","title":{"rendered":"TOP Culinary and Gastronomic Events of 2020"},"content":{"rendered":"<p><!--StartFragment--><\/p><p>Dear Foodies and culinary enthusiasts, we have gathered the Top culinary and gastronomic events of 2020! From <a href=\"http:\/\/the-slovenia.com\/tsra\/\">The Slovenia Restaurant Awards<\/a> to festivals of chocolate, beer, sausages, BBQ, chili, wine and much more!<\/p><p>Check out the Top Culinary and Gastronomic Events of 2020 below and taste Slovenia!<\/p><p><\/p><p><\/p><p><strong>February<\/strong><br><\/p><p>3rd of February: <a href=\"https:\/\/www.visitkras.info\/en\/plan-your-stay\/events\/osmica-events\">The 5th &#8216;Krodegin&#8217; Sausage Day <\/a>in Dutovlje<\/p><p>8th of February: <a href=\"https:\/\/izola.si\/medijsko-sredisce\/dogodki-in-prireditve\/refuscus-mundi-svet-refoska-2020\/\">Refuscus Mundi<\/a> in Izola<\/p><p>13th of February: <a href=\"https:\/\/www.facebook.com\/zgodbeovinu\/\">Gourmet Night: Jakon\u010di\u010d vs. Kupljen<\/a> in the Grand Hotel Bernardin<\/p><p>13th of February: <a href=\"http:\/\/the-slovenia.com\/kurents-ptuj\/\">Carnival Tuesday<\/a> in Ptuj and other Slovenian bigger cities<\/p><p>22nd of February: <strong><a href=\"https:\/\/www.bohinj.si\/en\/events\/bohinj-culinary-market\/\">Bohinj Culinary Market<\/a><\/strong> in Bohinj<\/p><p><strong>March&nbsp;<\/strong><br><\/p><p>7th of March: <a href=\"https:\/\/www.visitmaribor.si\/en\/what-to-do\/events-and-shows\/calendar-of-events\/5949-\">Pruning of the Old Vine, the oldest vine in the world<\/a> in Maribor<\/p><p>13th of March: <a href=\"https:\/\/ce-sejem.si\/en\/fairs\/spring-fairs-2019\/4-coffee-festival-slovenia\/\">Festival of Coffee<\/a> in Celje<\/p><p>13th of March till 20th of December: <a href=\"https:\/\/www.visitkras.info\/en\/plan-your-stay\/events\/osmica-in-the-karst\">Osmica in the Karst <\/a>in Komen<\/p><p>13th of March: <a href=\"https:\/\/ce-sejem.si\/en\/fairs\/spring-fairs-2019\/4-festival-of-food-and-drink-kulinart\/\">5th Kulinart: Festival of Food and Drinks<\/a> in Celje<\/p><p>16th till 17 of March: <strong><a href=\"https:\/\/www.facebook.com\/chefsstage\/\">Chefs stage<\/a><\/strong> in \u0160ibenik<\/p><p>18th of March: <a href=\"http:\/\/the-slovenia.com\/michelin-restaurant-guide-slovenia\/\">Announcement of Slovenian recipients of Michelin star<\/a> in Ljubljana<\/p><p>20th of March till 30th of October:<strong> <a href=\"https:\/\/www.odprtakuhna.si\/dogodki\/\">Opening of \u201cOdprta Kuhna\u201d<\/a><\/strong> in Ljubljana<\/p><p>20th till 21st&nbsp; of March: <a href=\"https:\/\/www.visitmaribor.si\/en\/what-to-do\/events-and-shows\/calendar-of-events\/6489-\">International Festival Chilli and Chocolate<\/a> in Maribor<\/p><p>28th till 29th of March: <a href=\"https:\/\/www.facebook.com\/events\/290015981828102\/\"><strong>GRILL &amp; BBQ FEST<\/strong><\/a> in Ljubljana<\/p><p>28th till 30th of March: <strong><a href=\"http:\/\/the-slovenia.com\/v2\/european-food-summit-2020-2\/\">European Food Summit<\/a><\/strong> in Ljubljana <\/p><figure class=\"wp-block-image size-large td-caption-align-https:\/\/the-slovenia.com\/wp-content\/uploads\/2020\/02\/F008841-odprta_kuhna_jost_gantar_19_orig_jpg-photo-m.jpg\"><img loading=\"lazy\" decoding=\"async\" width=\"1024\" height=\"683\" data-src=\"http:\/\/the-slovenia.com\/wp-content\/uploads\/2020\/02\/F008841-odprta_kuhna_jost_gantar_19_orig_jpg-photo-m-1024x683.jpg\" alt=\"\" class=\"wp-image-26166 lazyload\" data-srcset=\"https:\/\/the-slovenia.com\/wp-content\/uploads\/2020\/02\/F008841-odprta_kuhna_jost_gantar_19_orig_jpg-photo-m-1024x683.jpg 1024w, https:\/\/the-slovenia.com\/wp-content\/uploads\/2020\/02\/F008841-odprta_kuhna_jost_gantar_19_orig_jpg-photo-m-600x400.jpg 600w, https:\/\/the-slovenia.com\/wp-content\/uploads\/2020\/02\/F008841-odprta_kuhna_jost_gantar_19_orig_jpg-photo-m-300x200.jpg 300w, https:\/\/the-slovenia.com\/wp-content\/uploads\/2020\/02\/F008841-odprta_kuhna_jost_gantar_19_orig_jpg-photo-m-768x512.jpg 768w, https:\/\/the-slovenia.com\/wp-content\/uploads\/2020\/02\/F008841-odprta_kuhna_jost_gantar_19_orig_jpg-photo-m-391x260.jpg 391w, https:\/\/the-slovenia.com\/wp-content\/uploads\/2020\/02\/F008841-odprta_kuhna_jost_gantar_19_orig_jpg-photo-m-1536x1024.jpg 1536w, https:\/\/the-slovenia.com\/wp-content\/uploads\/2020\/02\/F008841-odprta_kuhna_jost_gantar_19_orig_jpg-photo-m-696x464.jpg 696w, https:\/\/the-slovenia.com\/wp-content\/uploads\/2020\/02\/F008841-odprta_kuhna_jost_gantar_19_orig_jpg-photo-m-1068x712.jpg 1068w, https:\/\/the-slovenia.com\/wp-content\/uploads\/2020\/02\/F008841-odprta_kuhna_jost_gantar_19_orig_jpg-photo-m-630x420.jpg 630w, https:\/\/the-slovenia.com\/wp-content\/uploads\/2020\/02\/F008841-odprta_kuhna_jost_gantar_19_orig_jpg-photo-m.jpg 1600w\" data-sizes=\"auto, (max-width: 1024px) 100vw, 1024px\" src=\"data:image\/gif;base64,R0lGODlhAQABAAAAACH5BAEKAAEALAAAAAABAAEAAAICTAEAOw==\" style=\"--smush-placeholder-width: 1024px; --smush-placeholder-aspect-ratio: 1024\/683;\" \/><noscript><img loading=\"lazy\" decoding=\"async\" width=\"1024\" height=\"683\" src=\"http:\/\/the-slovenia.com\/wp-content\/uploads\/2020\/02\/F008841-odprta_kuhna_jost_gantar_19_orig_jpg-photo-m-1024x683.jpg\" alt=\"\" class=\"wp-image-26166\" srcset=\"https:\/\/the-slovenia.com\/wp-content\/uploads\/2020\/02\/F008841-odprta_kuhna_jost_gantar_19_orig_jpg-photo-m-1024x683.jpg 1024w, https:\/\/the-slovenia.com\/wp-content\/uploads\/2020\/02\/F008841-odprta_kuhna_jost_gantar_19_orig_jpg-photo-m-600x400.jpg 600w, https:\/\/the-slovenia.com\/wp-content\/uploads\/2020\/02\/F008841-odprta_kuhna_jost_gantar_19_orig_jpg-photo-m-300x200.jpg 300w, https:\/\/the-slovenia.com\/wp-content\/uploads\/2020\/02\/F008841-odprta_kuhna_jost_gantar_19_orig_jpg-photo-m-768x512.jpg 768w, https:\/\/the-slovenia.com\/wp-content\/uploads\/2020\/02\/F008841-odprta_kuhna_jost_gantar_19_orig_jpg-photo-m-391x260.jpg 391w, https:\/\/the-slovenia.com\/wp-content\/uploads\/2020\/02\/F008841-odprta_kuhna_jost_gantar_19_orig_jpg-photo-m-1536x1024.jpg 1536w, https:\/\/the-slovenia.com\/wp-content\/uploads\/2020\/02\/F008841-odprta_kuhna_jost_gantar_19_orig_jpg-photo-m-696x464.jpg 696w, https:\/\/the-slovenia.com\/wp-content\/uploads\/2020\/02\/F008841-odprta_kuhna_jost_gantar_19_orig_jpg-photo-m-1068x712.jpg 1068w, https:\/\/the-slovenia.com\/wp-content\/uploads\/2020\/02\/F008841-odprta_kuhna_jost_gantar_19_orig_jpg-photo-m-630x420.jpg 630w, https:\/\/the-slovenia.com\/wp-content\/uploads\/2020\/02\/F008841-odprta_kuhna_jost_gantar_19_orig_jpg-photo-m.jpg 1600w\" sizes=\"auto, (max-width: 1024px) 100vw, 1024px\" \/><\/noscript><figcaption>Photo: Jo\u0161t Gantar for STO<\/figcaption><\/figure><p><\/p><p><strong>April<\/strong><br><\/p><p>4th till 5th of April: <a href=\"https:\/\/www.facebook.com\/GrillBBQFest\/\">Grill &amp; BBQ Fest<\/a> in Ljubljana<\/p><p>5th of April: <a href=\"https:\/\/www.visitkras.info\/en\/plan-your-stay\/events\/brstovska-spargljada-asparagus-festival-koloosmica-and-asparagus-walk_1\">Br&#8217;stovska \u0161pargljada asparagus festival, Koloosmica and asparagus walk<\/a> at Brestovica pri Komnu<\/p><p>11th of April: <a href=\"https:\/\/izola.si\/medijsko-sredisce\/dogodki-in-prireditve\/beerfest\/\">Beer Fest<\/a> in Izola<\/p><p>17th of April: <a href=\"https:\/\/www.radolca.si\/sl\/festival-cokolade\">The Radovljica chocolate festival<\/a><\/p><p>18th of April: <a href=\"https:\/\/www.brda.si\/events_and_festivals\/2012050915564505\/Brda%20&amp;%20Wine%20\/\">Brda&amp;Wine<\/a> in Brda<\/p><p>18th till 19th of April: <a href=\"https:\/\/www.brda.si\/events_and_festivals\/2012050916051805\/Rebula%20and%20Olive%20Oil%20Festival\/\">Rebula and Olive Oil Festival<\/a> in Gori\u0161ka Brda<\/p><p>24th of April: <a href=\"https:\/\/orangewinefestival.si\/\">Orange Wine Festival<\/a> in Izola<\/p><p>26th of April: <a href=\"https:\/\/www.visitpodcetrtek.com\/en\/events\/festival-of-wine-and-chocolate-at-podcetrtek\">Festival of wine and chocolate<\/a>&nbsp;at Pod\u010detrtek <\/p><figure class=\"wp-block-image size-large td-caption-align-https:\/\/the-slovenia.com\/wp-content\/uploads\/2020\/02\/F013984-okoladnica_syncerus_1-photo-m.jpg\"><img loading=\"lazy\" decoding=\"async\" width=\"1024\" height=\"682\" data-src=\"http:\/\/the-slovenia.com\/wp-content\/uploads\/2020\/02\/F013984-okoladnica_syncerus_1-photo-m-1024x682.jpg\" alt=\"\" class=\"wp-image-26167 lazyload\" data-srcset=\"https:\/\/the-slovenia.com\/wp-content\/uploads\/2020\/02\/F013984-okoladnica_syncerus_1-photo-m-1024x682.jpg 1024w, https:\/\/the-slovenia.com\/wp-content\/uploads\/2020\/02\/F013984-okoladnica_syncerus_1-photo-m-600x400.jpg 600w, https:\/\/the-slovenia.com\/wp-content\/uploads\/2020\/02\/F013984-okoladnica_syncerus_1-photo-m-300x200.jpg 300w, https:\/\/the-slovenia.com\/wp-content\/uploads\/2020\/02\/F013984-okoladnica_syncerus_1-photo-m-768x512.jpg 768w, https:\/\/the-slovenia.com\/wp-content\/uploads\/2020\/02\/F013984-okoladnica_syncerus_1-photo-m-391x260.jpg 391w, https:\/\/the-slovenia.com\/wp-content\/uploads\/2020\/02\/F013984-okoladnica_syncerus_1-photo-m-1536x1024.jpg 1536w, https:\/\/the-slovenia.com\/wp-content\/uploads\/2020\/02\/F013984-okoladnica_syncerus_1-photo-m-696x464.jpg 696w, https:\/\/the-slovenia.com\/wp-content\/uploads\/2020\/02\/F013984-okoladnica_syncerus_1-photo-m-1068x712.jpg 1068w, https:\/\/the-slovenia.com\/wp-content\/uploads\/2020\/02\/F013984-okoladnica_syncerus_1-photo-m-1920x1280.jpg 1920w, https:\/\/the-slovenia.com\/wp-content\/uploads\/2020\/02\/F013984-okoladnica_syncerus_1-photo-m-630x420.jpg 630w, https:\/\/the-slovenia.com\/wp-content\/uploads\/2020\/02\/F013984-okoladnica_syncerus_1-photo-m.jpg 2000w\" data-sizes=\"auto, (max-width: 1024px) 100vw, 1024px\" src=\"data:image\/gif;base64,R0lGODlhAQABAAAAACH5BAEKAAEALAAAAAABAAEAAAICTAEAOw==\" style=\"--smush-placeholder-width: 1024px; --smush-placeholder-aspect-ratio: 1024\/682;\" \/><noscript><img loading=\"lazy\" decoding=\"async\" width=\"1024\" height=\"682\" src=\"http:\/\/the-slovenia.com\/wp-content\/uploads\/2020\/02\/F013984-okoladnica_syncerus_1-photo-m-1024x682.jpg\" alt=\"\" class=\"wp-image-26167\" srcset=\"https:\/\/the-slovenia.com\/wp-content\/uploads\/2020\/02\/F013984-okoladnica_syncerus_1-photo-m-1024x682.jpg 1024w, https:\/\/the-slovenia.com\/wp-content\/uploads\/2020\/02\/F013984-okoladnica_syncerus_1-photo-m-600x400.jpg 600w, https:\/\/the-slovenia.com\/wp-content\/uploads\/2020\/02\/F013984-okoladnica_syncerus_1-photo-m-300x200.jpg 300w, https:\/\/the-slovenia.com\/wp-content\/uploads\/2020\/02\/F013984-okoladnica_syncerus_1-photo-m-768x512.jpg 768w, https:\/\/the-slovenia.com\/wp-content\/uploads\/2020\/02\/F013984-okoladnica_syncerus_1-photo-m-391x260.jpg 391w, https:\/\/the-slovenia.com\/wp-content\/uploads\/2020\/02\/F013984-okoladnica_syncerus_1-photo-m-1536x1024.jpg 1536w, https:\/\/the-slovenia.com\/wp-content\/uploads\/2020\/02\/F013984-okoladnica_syncerus_1-photo-m-696x464.jpg 696w, https:\/\/the-slovenia.com\/wp-content\/uploads\/2020\/02\/F013984-okoladnica_syncerus_1-photo-m-1068x712.jpg 1068w, https:\/\/the-slovenia.com\/wp-content\/uploads\/2020\/02\/F013984-okoladnica_syncerus_1-photo-m-1920x1280.jpg 1920w, https:\/\/the-slovenia.com\/wp-content\/uploads\/2020\/02\/F013984-okoladnica_syncerus_1-photo-m-630x420.jpg 630w, https:\/\/the-slovenia.com\/wp-content\/uploads\/2020\/02\/F013984-okoladnica_syncerus_1-photo-m.jpg 2000w\" sizes=\"auto, (max-width: 1024px) 100vw, 1024px\" \/><\/noscript><\/figure><p><\/p><p><strong>May&nbsp;<\/strong><br><\/p><p>5th of May: <strong><a href=\"https:\/\/the-slovenia.com\/the-slovenia-restaurant-awards-2019-top-10-finalists\/\">The Slovenia Restaurant Awards<\/a><\/strong> at Smlednik<\/p><p>5th of May: <strong>The Slovenia Dinner<\/strong> at Smlednik<\/p><p>14th of May: <a href=\"https:\/\/www.visitmaribor.si\/en\/what-to-do\/events-and-shows\/calendar-of-events\/5869-\">Street Food Market&nbsp;<\/a>in Maribor<\/p><p>15th till 17th of May: <a href=\"https:\/\/www.ptuj.info\/en\/eat-drink\/culinary-events\/specialties-of-slovenian-farms\/\">Specialties of Slovenian farms<\/a> in Ptuj<\/p><p>17th of May: <a href=\"https:\/\/www.visitkras.info\/en\/kohisce-cross-border-oenological-gastronomic-walking-tour\">Kohi\u0161\u010de cross-border Oenological &amp; Gastronomic Walking Tour<\/a> in Karst<\/p><p>22nd of May: <a href=\"http:\/\/praznik-refoska.si\/\">Refosco and Slovenian Istria Festival<\/a> at Marezige<\/p><p>23th of May: <a href=\"http:\/\/www.visitmedvode.si\/dogodki-prireditve\/festival-kranjske-klobase\">Festival of Kranjska klobasa<\/a> in Medvode<\/p><p>23th till 24th of May: <a href=\"https:\/\/www.portoroz.si\/en\/experience\/events\/1023-praznik-articok-v-strunjanu\">Artichoke Fest<\/a> in Strunjan<\/p><p>29th till 30th of May: <a href=\"https:\/\/www.visitizola.com\/en\/events\">Olives, Wine and Fish Festival <\/a>in Izola<\/p><p>30th of May till 7th of June: <a href=\"https:\/\/brda.si\/events_and_festivals\/2012050916233924\/Cherry%20festival\/\">Cherry Festival<\/a> at Gori\u0161ka Brda<\/p><p>31st of May: <a href=\"https:\/\/www.visitmaribor.si\/en\/what-to-do\/events-and-shows\/calendar-of-events\/6491-\">Picnic in City Park<\/a> in Maribor City Park<\/p><p>31st of May: <a href=\"https:\/\/www.brda.si\/events_and_festivals\/2012050916304530\/Cherry%20to%20Cherry%20Hike\/\">Cherry to Cherry Hike<\/a> at Gori\u0161ka Brda<\/p><figure class=\"wp-block-image size-large td-caption-align-https:\/\/the-slovenia.com\/wp-content\/uploads\/2020\/02\/2D1A8183-scaled.jpg\"><img loading=\"lazy\" decoding=\"async\" width=\"1024\" height=\"683\" data-src=\"http:\/\/the-slovenia.com\/wp-content\/uploads\/2020\/02\/2D1A8183-1024x683.jpg\" alt=\"\" class=\"wp-image-26165 lazyload\" data-srcset=\"https:\/\/the-slovenia.com\/wp-content\/uploads\/2020\/02\/2D1A8183-1024x683.jpg 1024w, https:\/\/the-slovenia.com\/wp-content\/uploads\/2020\/02\/2D1A8183-scaled-600x400.jpg 600w, https:\/\/the-slovenia.com\/wp-content\/uploads\/2020\/02\/2D1A8183-300x200.jpg 300w, https:\/\/the-slovenia.com\/wp-content\/uploads\/2020\/02\/2D1A8183-768x512.jpg 768w, https:\/\/the-slovenia.com\/wp-content\/uploads\/2020\/02\/2D1A8183-391x260.jpg 391w, https:\/\/the-slovenia.com\/wp-content\/uploads\/2020\/02\/2D1A8183-1536x1024.jpg 1536w, https:\/\/the-slovenia.com\/wp-content\/uploads\/2020\/02\/2D1A8183-2048x1366.jpg 2048w, https:\/\/the-slovenia.com\/wp-content\/uploads\/2020\/02\/2D1A8183-696x464.jpg 696w, https:\/\/the-slovenia.com\/wp-content\/uploads\/2020\/02\/2D1A8183-1068x712.jpg 1068w, https:\/\/the-slovenia.com\/wp-content\/uploads\/2020\/02\/2D1A8183-1920x1280.jpg 1920w, https:\/\/the-slovenia.com\/wp-content\/uploads\/2020\/02\/2D1A8183-630x420.jpg 630w\" data-sizes=\"auto, (max-width: 1024px) 100vw, 1024px\" src=\"data:image\/gif;base64,R0lGODlhAQABAAAAACH5BAEKAAEALAAAAAABAAEAAAICTAEAOw==\" style=\"--smush-placeholder-width: 1024px; --smush-placeholder-aspect-ratio: 1024\/683;\" \/><noscript><img loading=\"lazy\" decoding=\"async\" width=\"1024\" height=\"683\" src=\"http:\/\/the-slovenia.com\/wp-content\/uploads\/2020\/02\/2D1A8183-1024x683.jpg\" alt=\"\" class=\"wp-image-26165\" srcset=\"https:\/\/the-slovenia.com\/wp-content\/uploads\/2020\/02\/2D1A8183-1024x683.jpg 1024w, https:\/\/the-slovenia.com\/wp-content\/uploads\/2020\/02\/2D1A8183-scaled-600x400.jpg 600w, https:\/\/the-slovenia.com\/wp-content\/uploads\/2020\/02\/2D1A8183-300x200.jpg 300w, https:\/\/the-slovenia.com\/wp-content\/uploads\/2020\/02\/2D1A8183-768x512.jpg 768w, https:\/\/the-slovenia.com\/wp-content\/uploads\/2020\/02\/2D1A8183-391x260.jpg 391w, https:\/\/the-slovenia.com\/wp-content\/uploads\/2020\/02\/2D1A8183-1536x1024.jpg 1536w, https:\/\/the-slovenia.com\/wp-content\/uploads\/2020\/02\/2D1A8183-2048x1366.jpg 2048w, https:\/\/the-slovenia.com\/wp-content\/uploads\/2020\/02\/2D1A8183-696x464.jpg 696w, https:\/\/the-slovenia.com\/wp-content\/uploads\/2020\/02\/2D1A8183-1068x712.jpg 1068w, https:\/\/the-slovenia.com\/wp-content\/uploads\/2020\/02\/2D1A8183-1920x1280.jpg 1920w, https:\/\/the-slovenia.com\/wp-content\/uploads\/2020\/02\/2D1A8183-630x420.jpg 630w\" sizes=\"auto, (max-width: 1024px) 100vw, 1024px\" \/><\/noscript><figcaption>The Slovenia Restaurant Awards 2019<\/figcaption><\/figure><p><\/p><p><strong>June<\/strong><br><\/p><p>1st of June till 31st of August: <a href=\"https:\/\/www.visitizola.com\/en\/events\">Fishermen\u2019s Evenings <\/a>in Izola<\/p><p>4th of June: 10. Blaufrankisch Wine Festival at Grad Sevnica<\/p><p>6th till 7th of June: <a href=\"https:\/\/www.brda.si\/events_and_festivals\/2012121709291575\/Open%20Cellar%20Days%20(Wine%20Days)\/\">Open Cellar Days (Wine Days)<\/a> at Gori\u0161ka Brda<\/p><p>14th of June till 15th of September: <a href=\"https:\/\/www.visitkras.info\/en\/plan-your-stay\/events\/summer-of-open-wine-cellars-and-homesteads-in-the-karst_1\">Summer of open wine cellars and homesteads in the Karst<\/a><\/p><p>20th till 29th of June: <a href=\"http:\/\/tastingslovenia.eu\/event-festival\/sladolent-maribor-eastern-slovenia\/\">Sladolent<\/a> in Maribor<\/p><figure class=\"wp-block-image size-large td-caption-align-https:\/\/the-slovenia.com\/wp-content\/uploads\/2020\/02\/F004443-tzp443649_istrska_kulinarika_istrian_cuisine_photo_matevz_kostanjsek_in_grusa_zorn_orig_jpg-photo-m.jpg\"><img loading=\"lazy\" decoding=\"async\" width=\"1024\" height=\"768\" data-src=\"http:\/\/the-slovenia.com\/wp-content\/uploads\/2020\/02\/F004443-tzp443649_istrska_kulinarika_istrian_cuisine_photo_matevz_kostanjsek_in_grusa_zorn_orig_jpg-photo-m-1024x768.jpg\" alt=\"\" class=\"wp-image-26171 lazyload\" data-srcset=\"https:\/\/the-slovenia.com\/wp-content\/uploads\/2020\/02\/F004443-tzp443649_istrska_kulinarika_istrian_cuisine_photo_matevz_kostanjsek_in_grusa_zorn_orig_jpg-photo-m-1024x768.jpg 1024w, https:\/\/the-slovenia.com\/wp-content\/uploads\/2020\/02\/F004443-tzp443649_istrska_kulinarika_istrian_cuisine_photo_matevz_kostanjsek_in_grusa_zorn_orig_jpg-photo-m-600x450.jpg 600w, https:\/\/the-slovenia.com\/wp-content\/uploads\/2020\/02\/F004443-tzp443649_istrska_kulinarika_istrian_cuisine_photo_matevz_kostanjsek_in_grusa_zorn_orig_jpg-photo-m-300x225.jpg 300w, https:\/\/the-slovenia.com\/wp-content\/uploads\/2020\/02\/F004443-tzp443649_istrska_kulinarika_istrian_cuisine_photo_matevz_kostanjsek_in_grusa_zorn_orig_jpg-photo-m-768x576.jpg 768w, https:\/\/the-slovenia.com\/wp-content\/uploads\/2020\/02\/F004443-tzp443649_istrska_kulinarika_istrian_cuisine_photo_matevz_kostanjsek_in_grusa_zorn_orig_jpg-photo-m-1536x1152.jpg 1536w, https:\/\/the-slovenia.com\/wp-content\/uploads\/2020\/02\/F004443-tzp443649_istrska_kulinarika_istrian_cuisine_photo_matevz_kostanjsek_in_grusa_zorn_orig_jpg-photo-m-696x522.jpg 696w, https:\/\/the-slovenia.com\/wp-content\/uploads\/2020\/02\/F004443-tzp443649_istrska_kulinarika_istrian_cuisine_photo_matevz_kostanjsek_in_grusa_zorn_orig_jpg-photo-m-1068x801.jpg 1068w, https:\/\/the-slovenia.com\/wp-content\/uploads\/2020\/02\/F004443-tzp443649_istrska_kulinarika_istrian_cuisine_photo_matevz_kostanjsek_in_grusa_zorn_orig_jpg-photo-m-560x420.jpg 560w, https:\/\/the-slovenia.com\/wp-content\/uploads\/2020\/02\/F004443-tzp443649_istrska_kulinarika_istrian_cuisine_photo_matevz_kostanjsek_in_grusa_zorn_orig_jpg-photo-m-80x60.jpg 80w, https:\/\/the-slovenia.com\/wp-content\/uploads\/2020\/02\/F004443-tzp443649_istrska_kulinarika_istrian_cuisine_photo_matevz_kostanjsek_in_grusa_zorn_orig_jpg-photo-m-265x198.jpg 265w, https:\/\/the-slovenia.com\/wp-content\/uploads\/2020\/02\/F004443-tzp443649_istrska_kulinarika_istrian_cuisine_photo_matevz_kostanjsek_in_grusa_zorn_orig_jpg-photo-m.jpg 1600w\" data-sizes=\"auto, (max-width: 1024px) 100vw, 1024px\" src=\"data:image\/gif;base64,R0lGODlhAQABAAAAACH5BAEKAAEALAAAAAABAAEAAAICTAEAOw==\" style=\"--smush-placeholder-width: 1024px; --smush-placeholder-aspect-ratio: 1024\/768;\" \/><noscript><img loading=\"lazy\" decoding=\"async\" width=\"1024\" height=\"768\" src=\"http:\/\/the-slovenia.com\/wp-content\/uploads\/2020\/02\/F004443-tzp443649_istrska_kulinarika_istrian_cuisine_photo_matevz_kostanjsek_in_grusa_zorn_orig_jpg-photo-m-1024x768.jpg\" alt=\"\" class=\"wp-image-26171\" srcset=\"https:\/\/the-slovenia.com\/wp-content\/uploads\/2020\/02\/F004443-tzp443649_istrska_kulinarika_istrian_cuisine_photo_matevz_kostanjsek_in_grusa_zorn_orig_jpg-photo-m-1024x768.jpg 1024w, https:\/\/the-slovenia.com\/wp-content\/uploads\/2020\/02\/F004443-tzp443649_istrska_kulinarika_istrian_cuisine_photo_matevz_kostanjsek_in_grusa_zorn_orig_jpg-photo-m-600x450.jpg 600w, https:\/\/the-slovenia.com\/wp-content\/uploads\/2020\/02\/F004443-tzp443649_istrska_kulinarika_istrian_cuisine_photo_matevz_kostanjsek_in_grusa_zorn_orig_jpg-photo-m-300x225.jpg 300w, https:\/\/the-slovenia.com\/wp-content\/uploads\/2020\/02\/F004443-tzp443649_istrska_kulinarika_istrian_cuisine_photo_matevz_kostanjsek_in_grusa_zorn_orig_jpg-photo-m-768x576.jpg 768w, https:\/\/the-slovenia.com\/wp-content\/uploads\/2020\/02\/F004443-tzp443649_istrska_kulinarika_istrian_cuisine_photo_matevz_kostanjsek_in_grusa_zorn_orig_jpg-photo-m-1536x1152.jpg 1536w, https:\/\/the-slovenia.com\/wp-content\/uploads\/2020\/02\/F004443-tzp443649_istrska_kulinarika_istrian_cuisine_photo_matevz_kostanjsek_in_grusa_zorn_orig_jpg-photo-m-696x522.jpg 696w, https:\/\/the-slovenia.com\/wp-content\/uploads\/2020\/02\/F004443-tzp443649_istrska_kulinarika_istrian_cuisine_photo_matevz_kostanjsek_in_grusa_zorn_orig_jpg-photo-m-1068x801.jpg 1068w, https:\/\/the-slovenia.com\/wp-content\/uploads\/2020\/02\/F004443-tzp443649_istrska_kulinarika_istrian_cuisine_photo_matevz_kostanjsek_in_grusa_zorn_orig_jpg-photo-m-560x420.jpg 560w, https:\/\/the-slovenia.com\/wp-content\/uploads\/2020\/02\/F004443-tzp443649_istrska_kulinarika_istrian_cuisine_photo_matevz_kostanjsek_in_grusa_zorn_orig_jpg-photo-m-80x60.jpg 80w, https:\/\/the-slovenia.com\/wp-content\/uploads\/2020\/02\/F004443-tzp443649_istrska_kulinarika_istrian_cuisine_photo_matevz_kostanjsek_in_grusa_zorn_orig_jpg-photo-m-265x198.jpg 265w, https:\/\/the-slovenia.com\/wp-content\/uploads\/2020\/02\/F004443-tzp443649_istrska_kulinarika_istrian_cuisine_photo_matevz_kostanjsek_in_grusa_zorn_orig_jpg-photo-m.jpg 1600w\" sizes=\"auto, (max-width: 1024px) 100vw, 1024px\" \/><\/noscript><figcaption>Photo: Matev\u017e Kostanj\u0161el &amp; Gru\u0161a Zorn for STO<\/figcaption><\/figure><p><\/p><p><strong>July<\/strong><br><\/p><p>11th of July: <a href=\"https:\/\/www.visitkranj.com\/en\/events\/top-events\/caravan-of-local-craft-breweries-and-the-kranska-kuhna-street-food-event\">Caravan of Local Craft Breweries and the Kranska kuhna street food event <\/a>in Kranj <\/p><p>11th till 12th of July: <a href=\"https:\/\/www.portoroz.si\/en\/experience\/events\/2457-praznik-vina-in-cesna\">Wine and Garlic Feast <\/a>in Nova vas<\/p><p>25th of July: <a href=\"https:\/\/www.visitmaribor.si\/en\/what-to-do\/events-and-shows\/calendar-of-events\/5953-\">Setting up of the Wind Rattle in Front of the Old Vine House<\/a> in Maribor<\/p><p><\/p><p><strong>August<\/strong><br><\/p><p>8th till 16th of August: <a href=\"https:\/\/www.visitkras.info\/en\/plan-your-stay\/events\/50th-teran-and-prosciutto-festival\">50th Teran and Prosciutto festival<\/a> in Dutovlje<\/p><p>22nd of August: <a href=\"https:\/\/www.idrijski-zlikrofi.si\/en\/\">Idrija \u017dlikrof Festival<\/a> in Idrija<\/p><p>26th till 29th of August: <a href=\"https:\/\/www.ptuj.info\/en\/see-do\/culture-heritage\/festivals-events\/days-of-poetry-and-wine\/\">Greatest Poets and Best Wines<\/a> in Ptuj<\/p><figure class=\"wp-block-image size-large td-caption-align-https:\/\/the-slovenia.com\/wp-content\/uploads\/2020\/02\/F002376-16_prsut_4163_orig_4163_orig_jpg-photo-m.jpg\"><img loading=\"lazy\" decoding=\"async\" width=\"1024\" height=\"674\" data-src=\"http:\/\/the-slovenia.com\/wp-content\/uploads\/2020\/02\/F002376-16_prsut_4163_orig_4163_orig_jpg-photo-m-1024x674.jpg\" alt=\"\" class=\"wp-image-26170 lazyload\" data-srcset=\"https:\/\/the-slovenia.com\/wp-content\/uploads\/2020\/02\/F002376-16_prsut_4163_orig_4163_orig_jpg-photo-m-1024x674.jpg 1024w, https:\/\/the-slovenia.com\/wp-content\/uploads\/2020\/02\/F002376-16_prsut_4163_orig_4163_orig_jpg-photo-m-600x395.jpg 600w, https:\/\/the-slovenia.com\/wp-content\/uploads\/2020\/02\/F002376-16_prsut_4163_orig_4163_orig_jpg-photo-m-300x197.jpg 300w, https:\/\/the-slovenia.com\/wp-content\/uploads\/2020\/02\/F002376-16_prsut_4163_orig_4163_orig_jpg-photo-m-768x505.jpg 768w, https:\/\/the-slovenia.com\/wp-content\/uploads\/2020\/02\/F002376-16_prsut_4163_orig_4163_orig_jpg-photo-m-1536x1011.jpg 1536w, https:\/\/the-slovenia.com\/wp-content\/uploads\/2020\/02\/F002376-16_prsut_4163_orig_4163_orig_jpg-photo-m-696x458.jpg 696w, https:\/\/the-slovenia.com\/wp-content\/uploads\/2020\/02\/F002376-16_prsut_4163_orig_4163_orig_jpg-photo-m-1068x703.jpg 1068w, https:\/\/the-slovenia.com\/wp-content\/uploads\/2020\/02\/F002376-16_prsut_4163_orig_4163_orig_jpg-photo-m-638x420.jpg 638w, https:\/\/the-slovenia.com\/wp-content\/uploads\/2020\/02\/F002376-16_prsut_4163_orig_4163_orig_jpg-photo-m.jpg 1600w\" data-sizes=\"auto, (max-width: 1024px) 100vw, 1024px\" src=\"data:image\/gif;base64,R0lGODlhAQABAAAAACH5BAEKAAEALAAAAAABAAEAAAICTAEAOw==\" style=\"--smush-placeholder-width: 1024px; --smush-placeholder-aspect-ratio: 1024\/674;\" \/><noscript><img loading=\"lazy\" decoding=\"async\" width=\"1024\" height=\"674\" src=\"http:\/\/the-slovenia.com\/wp-content\/uploads\/2020\/02\/F002376-16_prsut_4163_orig_4163_orig_jpg-photo-m-1024x674.jpg\" alt=\"\" class=\"wp-image-26170\" srcset=\"https:\/\/the-slovenia.com\/wp-content\/uploads\/2020\/02\/F002376-16_prsut_4163_orig_4163_orig_jpg-photo-m-1024x674.jpg 1024w, https:\/\/the-slovenia.com\/wp-content\/uploads\/2020\/02\/F002376-16_prsut_4163_orig_4163_orig_jpg-photo-m-600x395.jpg 600w, https:\/\/the-slovenia.com\/wp-content\/uploads\/2020\/02\/F002376-16_prsut_4163_orig_4163_orig_jpg-photo-m-300x197.jpg 300w, https:\/\/the-slovenia.com\/wp-content\/uploads\/2020\/02\/F002376-16_prsut_4163_orig_4163_orig_jpg-photo-m-768x505.jpg 768w, https:\/\/the-slovenia.com\/wp-content\/uploads\/2020\/02\/F002376-16_prsut_4163_orig_4163_orig_jpg-photo-m-1536x1011.jpg 1536w, https:\/\/the-slovenia.com\/wp-content\/uploads\/2020\/02\/F002376-16_prsut_4163_orig_4163_orig_jpg-photo-m-696x458.jpg 696w, https:\/\/the-slovenia.com\/wp-content\/uploads\/2020\/02\/F002376-16_prsut_4163_orig_4163_orig_jpg-photo-m-1068x703.jpg 1068w, https:\/\/the-slovenia.com\/wp-content\/uploads\/2020\/02\/F002376-16_prsut_4163_orig_4163_orig_jpg-photo-m-638x420.jpg 638w, https:\/\/the-slovenia.com\/wp-content\/uploads\/2020\/02\/F002376-16_prsut_4163_orig_4163_orig_jpg-photo-m.jpg 1600w\" sizes=\"auto, (max-width: 1024px) 100vw, 1024px\" \/><\/noscript><figcaption> 50. Teran and Prosciutto festival <\/figcaption><\/figure><p><\/p><p><strong>September<\/strong><br><\/p><p>5th of September: <a href=\"https:\/\/posavje.com\/en\/kategorija\/tastes-of-posavje\/\">Taste Posavje<\/a> in Posavje region<\/p><p>17th till 20th of September: <a href=\"https:\/\/www.visitmaribor.si\/en\/what-to-do\/events-and-shows\/calendar-of-events\/5911-\">The Old Vine Festival<\/a> in Maribor<\/p><p>20th of September: <a href=\"https:\/\/www.visitmaribor.si\/en\/what-to-do\/events-and-shows\/calendar-of-events\/5915-\">The ceremonious grape harvest of the oldest vine in the world<\/a> in Maribor<\/p><p>20th of September: <a href=\"https:\/\/tdbohinj.si\/en\/events\/63nd-traditional-cows-ball\/\">63rd Traditional Cows Ball and Cheese Festival<\/a> in Bohinj<\/p><p>25th of September: Beer Fest Maribor<\/p><p>26th of September:<a href=\"https:\/\/www.visitizola.com\/dogodki\"> \u010ciliada <\/a>in Izola<\/p><p>26th till 27th of September: <a href=\"http:\/\/www.sladka-istra.si\/sl\/\">12th International Festival of Desserts &#8211; Sweet Istria<\/a> in Koper<\/p><p>26th till 29th of September:<a href=\"https:\/\/www.ptuj.info\/en\/see-do\/culture-heritage\/festivals-events\/\"> Festival of Coffee and Cafe Culture<\/a> in Ptuj<\/p><figure class=\"wp-block-image size-large td-caption-align-https:\/\/the-slovenia.com\/wp-content\/uploads\/2020\/02\/F012896-harvest_of_the_oldest_vine_in_the_world_maribor_pohorje_slovenia_dejan_blut_138-photo-m.jpg\"><img loading=\"lazy\" decoding=\"async\" width=\"1024\" height=\"683\" data-src=\"http:\/\/the-slovenia.com\/wp-content\/uploads\/2020\/02\/F012896-harvest_of_the_oldest_vine_in_the_world_maribor_pohorje_slovenia_dejan_blut_138-photo-m-1024x683.jpg\" alt=\"\" class=\"wp-image-26174 lazyload\" data-srcset=\"https:\/\/the-slovenia.com\/wp-content\/uploads\/2020\/02\/F012896-harvest_of_the_oldest_vine_in_the_world_maribor_pohorje_slovenia_dejan_blut_138-photo-m-1024x683.jpg 1024w, https:\/\/the-slovenia.com\/wp-content\/uploads\/2020\/02\/F012896-harvest_of_the_oldest_vine_in_the_world_maribor_pohorje_slovenia_dejan_blut_138-photo-m-600x400.jpg 600w, https:\/\/the-slovenia.com\/wp-content\/uploads\/2020\/02\/F012896-harvest_of_the_oldest_vine_in_the_world_maribor_pohorje_slovenia_dejan_blut_138-photo-m-300x200.jpg 300w, https:\/\/the-slovenia.com\/wp-content\/uploads\/2020\/02\/F012896-harvest_of_the_oldest_vine_in_the_world_maribor_pohorje_slovenia_dejan_blut_138-photo-m-768x512.jpg 768w, https:\/\/the-slovenia.com\/wp-content\/uploads\/2020\/02\/F012896-harvest_of_the_oldest_vine_in_the_world_maribor_pohorje_slovenia_dejan_blut_138-photo-m-391x260.jpg 391w, https:\/\/the-slovenia.com\/wp-content\/uploads\/2020\/02\/F012896-harvest_of_the_oldest_vine_in_the_world_maribor_pohorje_slovenia_dejan_blut_138-photo-m-1536x1024.jpg 1536w, https:\/\/the-slovenia.com\/wp-content\/uploads\/2020\/02\/F012896-harvest_of_the_oldest_vine_in_the_world_maribor_pohorje_slovenia_dejan_blut_138-photo-m-696x464.jpg 696w, https:\/\/the-slovenia.com\/wp-content\/uploads\/2020\/02\/F012896-harvest_of_the_oldest_vine_in_the_world_maribor_pohorje_slovenia_dejan_blut_138-photo-m-1068x712.jpg 1068w, https:\/\/the-slovenia.com\/wp-content\/uploads\/2020\/02\/F012896-harvest_of_the_oldest_vine_in_the_world_maribor_pohorje_slovenia_dejan_blut_138-photo-m-630x420.jpg 630w, https:\/\/the-slovenia.com\/wp-content\/uploads\/2020\/02\/F012896-harvest_of_the_oldest_vine_in_the_world_maribor_pohorje_slovenia_dejan_blut_138-photo-m.jpg 1600w\" data-sizes=\"auto, (max-width: 1024px) 100vw, 1024px\" src=\"data:image\/gif;base64,R0lGODlhAQABAAAAACH5BAEKAAEALAAAAAABAAEAAAICTAEAOw==\" style=\"--smush-placeholder-width: 1024px; --smush-placeholder-aspect-ratio: 1024\/683;\" \/><noscript><img loading=\"lazy\" decoding=\"async\" width=\"1024\" height=\"683\" src=\"http:\/\/the-slovenia.com\/wp-content\/uploads\/2020\/02\/F012896-harvest_of_the_oldest_vine_in_the_world_maribor_pohorje_slovenia_dejan_blut_138-photo-m-1024x683.jpg\" alt=\"\" class=\"wp-image-26174\" srcset=\"https:\/\/the-slovenia.com\/wp-content\/uploads\/2020\/02\/F012896-harvest_of_the_oldest_vine_in_the_world_maribor_pohorje_slovenia_dejan_blut_138-photo-m-1024x683.jpg 1024w, https:\/\/the-slovenia.com\/wp-content\/uploads\/2020\/02\/F012896-harvest_of_the_oldest_vine_in_the_world_maribor_pohorje_slovenia_dejan_blut_138-photo-m-600x400.jpg 600w, https:\/\/the-slovenia.com\/wp-content\/uploads\/2020\/02\/F012896-harvest_of_the_oldest_vine_in_the_world_maribor_pohorje_slovenia_dejan_blut_138-photo-m-300x200.jpg 300w, https:\/\/the-slovenia.com\/wp-content\/uploads\/2020\/02\/F012896-harvest_of_the_oldest_vine_in_the_world_maribor_pohorje_slovenia_dejan_blut_138-photo-m-768x512.jpg 768w, https:\/\/the-slovenia.com\/wp-content\/uploads\/2020\/02\/F012896-harvest_of_the_oldest_vine_in_the_world_maribor_pohorje_slovenia_dejan_blut_138-photo-m-391x260.jpg 391w, https:\/\/the-slovenia.com\/wp-content\/uploads\/2020\/02\/F012896-harvest_of_the_oldest_vine_in_the_world_maribor_pohorje_slovenia_dejan_blut_138-photo-m-1536x1024.jpg 1536w, https:\/\/the-slovenia.com\/wp-content\/uploads\/2020\/02\/F012896-harvest_of_the_oldest_vine_in_the_world_maribor_pohorje_slovenia_dejan_blut_138-photo-m-696x464.jpg 696w, https:\/\/the-slovenia.com\/wp-content\/uploads\/2020\/02\/F012896-harvest_of_the_oldest_vine_in_the_world_maribor_pohorje_slovenia_dejan_blut_138-photo-m-1068x712.jpg 1068w, https:\/\/the-slovenia.com\/wp-content\/uploads\/2020\/02\/F012896-harvest_of_the_oldest_vine_in_the_world_maribor_pohorje_slovenia_dejan_blut_138-photo-m-630x420.jpg 630w, https:\/\/the-slovenia.com\/wp-content\/uploads\/2020\/02\/F012896-harvest_of_the_oldest_vine_in_the_world_maribor_pohorje_slovenia_dejan_blut_138-photo-m.jpg 1600w\" sizes=\"auto, (max-width: 1024px) 100vw, 1024px\" \/><\/noscript><figcaption>Photo: Dejan Blut<\/figcaption><\/figure><p><strong>October<\/strong><br><\/p><p>3rd of October: <a href=\"https:\/\/www.visitkranj.com\/en\/events\/top-events\/beer-and-sausage-festival\">Beer and Sausage Festival<\/a> in Kranj<\/p><p>10th till 11th of October: <a href=\"https:\/\/kozjanski-park.si\/?page_id=197\">Kozjansko Apple Festival <\/a>at Podsreda<\/p><p>30th of October till 30th of November: <a href=\"https:\/\/www.radolca.si\/en\/food-and-wine\/taste-radolca\">Taste Radol&#8217;ca, the month of local cuisine<\/a> in Radovljica<\/p><figure class=\"wp-block-image size-large is-resized td-caption-align-https:\/\/the-slovenia.com\/wp-content\/uploads\/2020\/02\/F002094-6_radolca_okusi_radolce_orig_jpg-photo-m-1.jpg\"><img loading=\"lazy\" decoding=\"async\" data-src=\"http:\/\/the-slovenia.com\/wp-content\/uploads\/2020\/02\/F002094-6_radolca_okusi_radolce_orig_jpg-photo-m-1-1024x682.jpg\" alt=\"\" class=\"wp-image-26169 lazyload\" width=\"726\" height=\"483\" data-srcset=\"https:\/\/the-slovenia.com\/wp-content\/uploads\/2020\/02\/F002094-6_radolca_okusi_radolce_orig_jpg-photo-m-1-1024x682.jpg 1024w, https:\/\/the-slovenia.com\/wp-content\/uploads\/2020\/02\/F002094-6_radolca_okusi_radolce_orig_jpg-photo-m-1-600x399.jpg 600w, https:\/\/the-slovenia.com\/wp-content\/uploads\/2020\/02\/F002094-6_radolca_okusi_radolce_orig_jpg-photo-m-1-300x200.jpg 300w, https:\/\/the-slovenia.com\/wp-content\/uploads\/2020\/02\/F002094-6_radolca_okusi_radolce_orig_jpg-photo-m-1-768x511.jpg 768w, https:\/\/the-slovenia.com\/wp-content\/uploads\/2020\/02\/F002094-6_radolca_okusi_radolce_orig_jpg-photo-m-1-391x260.jpg 391w, https:\/\/the-slovenia.com\/wp-content\/uploads\/2020\/02\/F002094-6_radolca_okusi_radolce_orig_jpg-photo-m-1-1536x1022.jpg 1536w, https:\/\/the-slovenia.com\/wp-content\/uploads\/2020\/02\/F002094-6_radolca_okusi_radolce_orig_jpg-photo-m-1-696x463.jpg 696w, https:\/\/the-slovenia.com\/wp-content\/uploads\/2020\/02\/F002094-6_radolca_okusi_radolce_orig_jpg-photo-m-1-1068x711.jpg 1068w, https:\/\/the-slovenia.com\/wp-content\/uploads\/2020\/02\/F002094-6_radolca_okusi_radolce_orig_jpg-photo-m-1-631x420.jpg 631w, https:\/\/the-slovenia.com\/wp-content\/uploads\/2020\/02\/F002094-6_radolca_okusi_radolce_orig_jpg-photo-m-1.jpg 1600w\" data-sizes=\"auto, (max-width: 726px) 100vw, 726px\" src=\"data:image\/gif;base64,R0lGODlhAQABAAAAACH5BAEKAAEALAAAAAABAAEAAAICTAEAOw==\" style=\"--smush-placeholder-width: 726px; --smush-placeholder-aspect-ratio: 726\/483;\" \/><noscript><img loading=\"lazy\" decoding=\"async\" src=\"http:\/\/the-slovenia.com\/wp-content\/uploads\/2020\/02\/F002094-6_radolca_okusi_radolce_orig_jpg-photo-m-1-1024x682.jpg\" alt=\"\" class=\"wp-image-26169\" width=\"726\" height=\"483\" srcset=\"https:\/\/the-slovenia.com\/wp-content\/uploads\/2020\/02\/F002094-6_radolca_okusi_radolce_orig_jpg-photo-m-1-1024x682.jpg 1024w, https:\/\/the-slovenia.com\/wp-content\/uploads\/2020\/02\/F002094-6_radolca_okusi_radolce_orig_jpg-photo-m-1-600x399.jpg 600w, https:\/\/the-slovenia.com\/wp-content\/uploads\/2020\/02\/F002094-6_radolca_okusi_radolce_orig_jpg-photo-m-1-300x200.jpg 300w, https:\/\/the-slovenia.com\/wp-content\/uploads\/2020\/02\/F002094-6_radolca_okusi_radolce_orig_jpg-photo-m-1-768x511.jpg 768w, https:\/\/the-slovenia.com\/wp-content\/uploads\/2020\/02\/F002094-6_radolca_okusi_radolce_orig_jpg-photo-m-1-391x260.jpg 391w, https:\/\/the-slovenia.com\/wp-content\/uploads\/2020\/02\/F002094-6_radolca_okusi_radolce_orig_jpg-photo-m-1-1536x1022.jpg 1536w, https:\/\/the-slovenia.com\/wp-content\/uploads\/2020\/02\/F002094-6_radolca_okusi_radolce_orig_jpg-photo-m-1-696x463.jpg 696w, https:\/\/the-slovenia.com\/wp-content\/uploads\/2020\/02\/F002094-6_radolca_okusi_radolce_orig_jpg-photo-m-1-1068x711.jpg 1068w, https:\/\/the-slovenia.com\/wp-content\/uploads\/2020\/02\/F002094-6_radolca_okusi_radolce_orig_jpg-photo-m-1-631x420.jpg 631w, https:\/\/the-slovenia.com\/wp-content\/uploads\/2020\/02\/F002094-6_radolca_okusi_radolce_orig_jpg-photo-m-1.jpg 1600w\" sizes=\"auto, (max-width: 726px) 100vw, 726px\" \/><\/noscript><figcaption> Taste Radol&#8217;ca<\/figcaption><\/figure><p><\/p><p><strong>November&nbsp;<\/strong><br><\/p><p>2nd till 30th of November: <a href=\"https:\/\/gourmet-lj.si\/si\">November Gourmet Ljubljana<\/a> in Ljubljana<\/p><p>11th of November: St. Martin&#8217;s Day celebration <\/p><p>14th till 15th of November: <a href=\"https:\/\/www.brda.si\/events_and_festivals\/2012050916362910\/St.%20Martin's%20day%20\/\">St. Martins Festival<\/a> in \u0160martno<\/p><p>19th till 20th of November: <a href=\"https:\/\/slovenskifestivalvin.si\/en\/home\/\">23rd Slovenian Wine Festival&nbsp;<\/a>in Ljubljana<\/p><figure class=\"wp-block-image size-large td-caption-align-https:\/\/the-slovenia.com\/wp-content\/uploads\/2020\/02\/F008407-vinska_klet_cotar_gorjansko_tomo_jesenicnik_13_orig_jpg-photo-m.jpg\"><img loading=\"lazy\" decoding=\"async\" width=\"1024\" height=\"684\" data-src=\"http:\/\/the-slovenia.com\/wp-content\/uploads\/2020\/02\/F008407-vinska_klet_cotar_gorjansko_tomo_jesenicnik_13_orig_jpg-photo-m-1024x684.jpg\" alt=\"\" class=\"wp-image-26168 lazyload\" data-srcset=\"https:\/\/the-slovenia.com\/wp-content\/uploads\/2020\/02\/F008407-vinska_klet_cotar_gorjansko_tomo_jesenicnik_13_orig_jpg-photo-m-1024x684.jpg 1024w, https:\/\/the-slovenia.com\/wp-content\/uploads\/2020\/02\/F008407-vinska_klet_cotar_gorjansko_tomo_jesenicnik_13_orig_jpg-photo-m-600x401.jpg 600w, https:\/\/the-slovenia.com\/wp-content\/uploads\/2020\/02\/F008407-vinska_klet_cotar_gorjansko_tomo_jesenicnik_13_orig_jpg-photo-m-300x200.jpg 300w, https:\/\/the-slovenia.com\/wp-content\/uploads\/2020\/02\/F008407-vinska_klet_cotar_gorjansko_tomo_jesenicnik_13_orig_jpg-photo-m-768x513.jpg 768w, https:\/\/the-slovenia.com\/wp-content\/uploads\/2020\/02\/F008407-vinska_klet_cotar_gorjansko_tomo_jesenicnik_13_orig_jpg-photo-m-391x260.jpg 391w, https:\/\/the-slovenia.com\/wp-content\/uploads\/2020\/02\/F008407-vinska_klet_cotar_gorjansko_tomo_jesenicnik_13_orig_jpg-photo-m-1536x1025.jpg 1536w, https:\/\/the-slovenia.com\/wp-content\/uploads\/2020\/02\/F008407-vinska_klet_cotar_gorjansko_tomo_jesenicnik_13_orig_jpg-photo-m-696x465.jpg 696w, https:\/\/the-slovenia.com\/wp-content\/uploads\/2020\/02\/F008407-vinska_klet_cotar_gorjansko_tomo_jesenicnik_13_orig_jpg-photo-m-1068x713.jpg 1068w, https:\/\/the-slovenia.com\/wp-content\/uploads\/2020\/02\/F008407-vinska_klet_cotar_gorjansko_tomo_jesenicnik_13_orig_jpg-photo-m-629x420.jpg 629w, https:\/\/the-slovenia.com\/wp-content\/uploads\/2020\/02\/F008407-vinska_klet_cotar_gorjansko_tomo_jesenicnik_13_orig_jpg-photo-m.jpg 1600w\" data-sizes=\"auto, (max-width: 1024px) 100vw, 1024px\" src=\"data:image\/gif;base64,R0lGODlhAQABAAAAACH5BAEKAAEALAAAAAABAAEAAAICTAEAOw==\" style=\"--smush-placeholder-width: 1024px; --smush-placeholder-aspect-ratio: 1024\/684;\" \/><noscript><img loading=\"lazy\" decoding=\"async\" width=\"1024\" height=\"684\" src=\"http:\/\/the-slovenia.com\/wp-content\/uploads\/2020\/02\/F008407-vinska_klet_cotar_gorjansko_tomo_jesenicnik_13_orig_jpg-photo-m-1024x684.jpg\" alt=\"\" class=\"wp-image-26168\" srcset=\"https:\/\/the-slovenia.com\/wp-content\/uploads\/2020\/02\/F008407-vinska_klet_cotar_gorjansko_tomo_jesenicnik_13_orig_jpg-photo-m-1024x684.jpg 1024w, https:\/\/the-slovenia.com\/wp-content\/uploads\/2020\/02\/F008407-vinska_klet_cotar_gorjansko_tomo_jesenicnik_13_orig_jpg-photo-m-600x401.jpg 600w, https:\/\/the-slovenia.com\/wp-content\/uploads\/2020\/02\/F008407-vinska_klet_cotar_gorjansko_tomo_jesenicnik_13_orig_jpg-photo-m-300x200.jpg 300w, https:\/\/the-slovenia.com\/wp-content\/uploads\/2020\/02\/F008407-vinska_klet_cotar_gorjansko_tomo_jesenicnik_13_orig_jpg-photo-m-768x513.jpg 768w, https:\/\/the-slovenia.com\/wp-content\/uploads\/2020\/02\/F008407-vinska_klet_cotar_gorjansko_tomo_jesenicnik_13_orig_jpg-photo-m-391x260.jpg 391w, https:\/\/the-slovenia.com\/wp-content\/uploads\/2020\/02\/F008407-vinska_klet_cotar_gorjansko_tomo_jesenicnik_13_orig_jpg-photo-m-1536x1025.jpg 1536w, https:\/\/the-slovenia.com\/wp-content\/uploads\/2020\/02\/F008407-vinska_klet_cotar_gorjansko_tomo_jesenicnik_13_orig_jpg-photo-m-696x465.jpg 696w, https:\/\/the-slovenia.com\/wp-content\/uploads\/2020\/02\/F008407-vinska_klet_cotar_gorjansko_tomo_jesenicnik_13_orig_jpg-photo-m-1068x713.jpg 1068w, https:\/\/the-slovenia.com\/wp-content\/uploads\/2020\/02\/F008407-vinska_klet_cotar_gorjansko_tomo_jesenicnik_13_orig_jpg-photo-m-629x420.jpg 629w, https:\/\/the-slovenia.com\/wp-content\/uploads\/2020\/02\/F008407-vinska_klet_cotar_gorjansko_tomo_jesenicnik_13_orig_jpg-photo-m.jpg 1600w\" sizes=\"auto, (max-width: 1024px) 100vw, 1024px\" \/><\/noscript><figcaption>Photo: Tomo Jeseni\u010dnik for STO<\/figcaption><\/figure><p><strong>December<\/strong><br><\/p><p>3rd of December: <a href=\"http:\/\/www.velenje-tourism.si\/dozivetja\/velenje-underground\">Velenje Underground <\/a>in Velenje <\/p><p>26th of December: <a href=\"https:\/\/www.portoroz.si\/en\/experience\/events\/sparkling-wine-festival\">8th Sparkling Wine Festival<\/a> in Portoro\u017e<\/p><p><\/p><p><strong>To find out other unique places in Slovenia and features the very best in Slovenian dining, chefs and restaurants all over Slovenia, check out our newest edition of <\/strong><a href=\"http:\/\/the-slovenia.com\/v2\/product\/the-slovenia-restaurants\/\"><strong>THE SLOVENIA RESTAURANTS BOOK<\/strong><\/a><strong>!&nbsp;<\/strong><br><\/p><p><a href=\"http:\/\/Dear Foodies and culinary enthusiasts, we have gathered the Top culinary and gastronomic events of 2020! From The Slovenia Restaurant Awards to festivals of chocolate, beer,sausages, bbq, wine and much more!  Check out the Top Culinary and Gastronomic Events of 2020 below and taste Slovenia!    February  3rd of February: The 5th 'Krodegin' Sausage Day  8th of February: Refuscus Mundi in Izola   March   7th of March: Pruning of the Old Vine, the oldest vine in the world  13th of March: Festival of Coffee in Celje  13th of March till 20th of December: Osmica in the Karst  13th of March: 5th Kulinart: Festival of food and drinks  18th of March: Announcement of Slovenian recipients of Michelin star  20th of March till 30th of October: Opening of \u201cOdprta Kuhna\u201d  20th till 21st  of March: International Festival Chilli and Chocolate  28th till 30th of March: European Food Summit   April  4th till 5th of April: Grill &amp; BBQ Fest Ljubljana  5th of April: Br'stovska \u0161pargljada asparagus festival, Koloosmica and asparagus walk  11th of April: Beer Fest in Izola  17th of April: The Radovljica chocolate festival  18th of April: Brda&amp;Wine  18th till 19th of April: Rebula and Olive Oil Festival  24th of April: Orange Wine Festival  26th of April: Festival of wine and chocolate     May   5th of May: The Slovenia Restaurant Awards  5th of May: The Slovenia Dinner  14th of May: Street Food Market   15th till 17th of May: Specialties of Slovenian farms  17th of May: Kohi\u0161\u010de cross-border Oenological &amp; Gastronomic Walking Tour  22nd of May: Refosco and Slovenian Istria Festival  23th of May: Festival of Kranjska klobasa  23th of May: Artichoke Fest in Strunjan  29th till 30th of May: Olives, Wine and Fish Festival  30th of May till 7th of June: Cherry Festival  31st of May: Picnic in City Park  31st of May: Cherry to Cherry Hike   June  1st of June till 31st of August: Fishermen\u2019s Evenings  4th of June: 10. Blaufrankisch Wine Festival  6th till 7th of June: Open Cellar Days (Wine Days)  14th of June till 15th of September: Summer of open wine cellars and homesteads in the Karst  20th till 29th of June: Sladolent  27th of June: Caravan of Local Craft Breweries and the Kranska kuhna street food event   July  11th till 12th of July: Wine and Garlic Feast  25th of July: Setting up of the Wind Rattle in Front of the Old Vine House   August  8th till 16th of August: 50. Teran and Prosciutto festival  22nd of August: Idrija \u017dlikrof Festival  26th till 29th of August: Greatest Poets and Best Wines   September  5th of September: Taste Posavje  17th till 20th of September: The Old Vine Festival  20th of September: The ceremonious grape harvest of the oldest vine in the world  20th of September: 63rd Traditional Cows Ball  25th of September: Beer Fest Maribor  26th of September: \u010ciliada in Izola  26th till 27th of September: 12th International Festival of Desserts - Sweet Istria  26th till 29th of September: Festival of Coffee and Cafe Culture    October  3rd of October: Beer and Sausage Festival  10th till 11th of October: Kozjansko Apple Festival  30th of October till 30th of November: Taste Radol'ca, month of local cuisine   November   2nd till 30th of November:November Gourmet Ljubljana  11th of November: St. Martin's Day celebration  14th till 15th of November: St. Martins Festival in \u0160martno  19th till 20th of November: 23rd Slovenian Wine Festival      December  3rd of December: Velenje Underground  26th of December: 8th Sparkling Wine Festival   To find out other unique places in Slovenia and features the very best in Slovenian dining, chefs and restaurants all over Slovenia, check out our newest edition of THE SLOVENIA RESTAURANTS BOOK!   THE Slovenia Restaurants features the very best in Slovenian dining, chefs and restaurants. We revealed the very best restaurants all over Slovenia in comprehensive guide to the best regional and national restaurants in Slovenia.\">THE Slovenia Restaurants<\/a> <a href=\"http:\/\/Dear Foodies and culinary enthusiasts, we have gathered the Top culinary and gastronomic events of 2020! From The Slovenia Restaurant Awards to festivals of chocolate, beer,sausages, bbq, wine and much more!  Check out the Top Culinary and Gastronomic Events of 2020 below and taste Slovenia!    February  3rd of February: The 5th 'Krodegin' Sausage Day  8th of February: Refuscus Mundi in Izola   March   7th of March: Pruning of the Old Vine, the oldest vine in the world  13th of March: Festival of Coffee in Celje  13th of March till 20th of December: Osmica in the Karst  13th of March: 5th Kulinart: Festival of food and drinks  18th of March: Announcement of Slovenian recipients of Michelin star  20th of March till 30th of October: Opening of \u201cOdprta Kuhna\u201d  20th till 21st  of March: International Festival Chilli and Chocolate  28th till 30th of March: European Food Summit   April  4th till 5th of April: Grill &amp; BBQ Fest Ljubljana  5th of April: Br'stovska \u0161pargljada asparagus festival, Koloosmica and asparagus walk  11th of April: Beer Fest in Izola  17th of April: The Radovljica chocolate festival  18th of April: Brda&amp;Wine  18th till 19th of April: Rebula and Olive Oil Festival  24th of April: Orange Wine Festival  26th of April: Festival of wine and chocolate     May   5th of May: The Slovenia Restaurant Awards  5th of May: The Slovenia Dinner  14th of May: Street Food Market   15th till 17th of May: Specialties of Slovenian farms  17th of May: Kohi\u0161\u010de cross-border Oenological &amp; Gastronomic Walking Tour  22nd of May: Refosco and Slovenian Istria Festival  23th of May: Festival of Kranjska klobasa  23th of May: Artichoke Fest in Strunjan  29th till 30th of May: Olives, Wine and Fish Festival  30th of May till 7th of June: Cherry Festival  31st of May: Picnic in City Park  31st of May: Cherry to Cherry Hike   June  1st of June till 31st of August: Fishermen\u2019s Evenings  4th of June: 10. Blaufrankisch Wine Festival  6th till 7th of June: Open Cellar Days (Wine Days)  14th of June till 15th of September: Summer of open wine cellars and homesteads in the Karst  20th till 29th of June: Sladolent  27th of June: Caravan of Local Craft Breweries and the Kranska kuhna street food event   July  11th till 12th of July: Wine and Garlic Feast  25th of July: Setting up of the Wind Rattle in Front of the Old Vine House   August  8th till 16th of August: 50. Teran and Prosciutto festival  22nd of August: Idrija \u017dlikrof Festival  26th till 29th of August: Greatest Poets and Best Wines   September  5th of September: Taste Posavje  17th till 20th of September: The Old Vine Festival  20th of September: The ceremonious grape harvest of the oldest vine in the world  20th of September: 63rd Traditional Cows Ball  25th of September: Beer Fest Maribor  26th of September: \u010ciliada in Izola  26th till 27th of September: 12th International Festival of Desserts - Sweet Istria  26th till 29th of September: Festival of Coffee and Cafe Culture    October  3rd of October: Beer and Sausage Festival  10th till 11th of October: Kozjansko Apple Festival  30th of October till 30th of November: Taste Radol'ca, month of local cuisine   November   2nd till 30th of November:November Gourmet Ljubljana  11th of November: St. Martin's Day celebration  14th till 15th of November: St. Martins Festival in \u0160martno  19th till 20th of November: 23rd Slovenian Wine Festival      December  3rd of December: Velenje Underground  26th of December: 8th Sparkling Wine Festival   To find out other unique places in Slovenia and features the very best in Slovenian dining, chefs and restaurants all over Slovenia, check out our newest edition of THE SLOVENIA RESTAURANTS BOOK!   THE Slovenia Restaurants features the very best in Slovenian dining, chefs and restaurants. We revealed the very best restaurants all over Slovenia in comprehensive guide to the best regional and national restaurants in Slovenia.\">Book<\/a> features the very best in Slovenian dining, chefs, and restaurants. We revealed the very best restaurants all over Slovenia in a comprehensive guide to the best regional and national restaurants in Slovenia.<\/p><p>If you know any other Culinary or Gastronomic events in Slovenia let us know in the comments below!<br><\/p><!-- CONTENT END 1 -->\n","protected":false},"excerpt":{"rendered":"<p>Dear Foodies and culinary enthusiasts, we have gathered the Top culinary and gastronomic events of 2020! From The Slovenia Restaurant Awards to festivals of chocolate, beer, sausages, BBQ, chili, wine and much more! Check out the Top Culinary and Gastronomic Events of 2020 below and taste Slovenia! February 3rd of February: The 5th &#8216;Krodegin&#8217; Sausage [&hellip;]<\/p>\n","protected":false},"author":13,"featured_media":26166,"comment_status":"open","ping_status":"open","sticky":false,"template":"","format":"standard","meta":{"_acf_changed":false,"footnotes":""},"categories":[171,2114,172],"tags":[454,649,419,76,414],"class_list":{"0":"post-26164","1":"post","2":"type-post","3":"status-publish","4":"format-standard","5":"has-post-thumbnail","7":"category-best-of-slovenia","8":"category-events-in-ljubljana","9":"category-gastronomy","10":"tag-european-food-summit-2020","11":"tag-events","12":"tag-st-martins-events","13":"tag-tasts-of-slovenia","14":"tag-yummy-food"},"acf":[],"yoast_head":"<!-- This site is optimized with the Yoast SEO plugin v24.3 - https:\/\/yoast.com\/wordpress\/plugins\/seo\/ -->\n<title>TOP Culinary and Gastronomic Events of 2020 - THE Slovenia<\/title>\n<meta name=\"robots\" content=\"index, follow, max-snippet:-1, max-image-preview:large, max-video-preview:-1\" \/>\n<link rel=\"canonical\" href=\"https:\/\/the-slovenia.com\/gastronomy\/top-culinary-and-gastronomic-events-of-2020\/\" \/>\n<meta property=\"og:locale\" content=\"en_US\" \/>\n<meta property=\"og:type\" content=\"article\" \/>\n<meta property=\"og:title\" content=\"TOP Culinary and Gastronomic Events of 2020 - THE Slovenia\" \/>\n<meta property=\"og:description\" content=\"Dear Foodies and culinary enthusiasts, we have gathered the Top culinary and gastronomic events of 2020! From The Slovenia Restaurant Awards to festivals of chocolate, beer, sausages, BBQ, chili, wine and much more! Check out the Top Culinary and Gastronomic Events of 2020 below and taste Slovenia! February 3rd of February: The 5th &#8216;Krodegin&#8217; Sausage [&hellip;]\" \/>\n<meta property=\"og:url\" content=\"https:\/\/the-slovenia.com\/gastronomy\/top-culinary-and-gastronomic-events-of-2020\/\" \/>\n<meta property=\"og:site_name\" content=\"THE Slovenia\" \/>\n<meta property=\"article:publisher\" content=\"https:\/\/www.facebook.com\/THESLOVENIA\/?ref=br_rs\" \/>\n<meta property=\"article:published_time\" content=\"2020-02-04T06:58:00+00:00\" \/>\n<meta property=\"article:modified_time\" content=\"2020-05-20T06:09:30+00:00\" \/>\n<meta property=\"og:image\" content=\"https:\/\/i1.wp.com\/the-slovenia.com\/wp-content\/uploads\/2020\/02\/F008841-odprta_kuhna_jost_gantar_19_orig_jpg-photo-m.jpg?fit=1600%2C1067&ssl=1\" \/>\n\t<meta property=\"og:image:width\" content=\"1600\" \/>\n\t<meta property=\"og:image:height\" content=\"1067\" \/>\n\t<meta property=\"og:image:type\" content=\"image\/jpeg\" \/>\n<meta name=\"author\" content=\"Sara Todorovic\" \/>\n<meta name=\"twitter:card\" content=\"summary_large_image\" \/>\n<meta name=\"twitter:label1\" content=\"Written by\" \/>\n\t<meta name=\"twitter:data1\" content=\"Sara Todorovic\" \/>\n\t<meta name=\"twitter:label2\" content=\"Est. reading time\" \/>\n\t<meta name=\"twitter:data2\" content=\"4 minutes\" \/>\n<script type=\"application\/ld+json\" class=\"yoast-schema-graph\">{\"@context\":\"https:\/\/schema.org\",\"@graph\":[{\"@type\":\"Article\",\"@id\":\"https:\/\/the-slovenia.com\/gastronomy\/top-culinary-and-gastronomic-events-of-2020\/#article\",\"isPartOf\":{\"@id\":\"https:\/\/the-slovenia.com\/gastronomy\/top-culinary-and-gastronomic-events-of-2020\/\"},\"author\":{\"name\":\"Sara Todorovic\",\"@id\":\"https:\/\/the-slovenia.com\/#\/schema\/person\/c1f00232ae0357355e0af555c02c574d\"},\"headline\":\"TOP Culinary and Gastronomic Events of 2020\",\"datePublished\":\"2020-02-04T06:58:00+00:00\",\"dateModified\":\"2020-05-20T06:09:30+00:00\",\"mainEntityOfPage\":{\"@id\":\"https:\/\/the-slovenia.com\/gastronomy\/top-culinary-and-gastronomic-events-of-2020\/\"},\"wordCount\":877,\"commentCount\":0,\"publisher\":{\"@id\":\"https:\/\/the-slovenia.com\/#organization\"},\"image\":{\"@id\":\"https:\/\/the-slovenia.com\/gastronomy\/top-culinary-and-gastronomic-events-of-2020\/#primaryimage\"},\"thumbnailUrl\":\"https:\/\/the-slovenia.com\/wp-content\/uploads\/2020\/02\/F008841-odprta_kuhna_jost_gantar_19_orig_jpg-photo-m.jpg\",\"keywords\":[\"European Food Summit 2020\",\"Events\",\"St. Martin's Events\",\"tasts of slovenia\",\"yummy food\"],\"articleSection\":[\"BEST OF SLOVENIA\",\"EVENTS IN LJUBLJANA\",\"GASTRONOMY\"],\"inLanguage\":\"en-US\",\"potentialAction\":[{\"@type\":\"CommentAction\",\"name\":\"Comment\",\"target\":[\"https:\/\/the-slovenia.com\/gastronomy\/top-culinary-and-gastronomic-events-of-2020\/#respond\"]}]},{\"@type\":\"WebPage\",\"@id\":\"https:\/\/the-slovenia.com\/gastronomy\/top-culinary-and-gastronomic-events-of-2020\/\",\"url\":\"https:\/\/the-slovenia.com\/gastronomy\/top-culinary-and-gastronomic-events-of-2020\/\",\"name\":\"TOP Culinary and Gastronomic Events of 2020 - THE Slovenia\",\"isPartOf\":{\"@id\":\"https:\/\/the-slovenia.com\/#website\"},\"primaryImageOfPage\":{\"@id\":\"https:\/\/the-slovenia.com\/gastronomy\/top-culinary-and-gastronomic-events-of-2020\/#primaryimage\"},\"image\":{\"@id\":\"https:\/\/the-slovenia.com\/gastronomy\/top-culinary-and-gastronomic-events-of-2020\/#primaryimage\"},\"thumbnailUrl\":\"https:\/\/the-slovenia.com\/wp-content\/uploads\/2020\/02\/F008841-odprta_kuhna_jost_gantar_19_orig_jpg-photo-m.jpg\",\"datePublished\":\"2020-02-04T06:58:00+00:00\",\"dateModified\":\"2020-05-20T06:09:30+00:00\",\"inLanguage\":\"en-US\",\"potentialAction\":[{\"@type\":\"ReadAction\",\"target\":[\"https:\/\/the-slovenia.com\/gastronomy\/top-culinary-and-gastronomic-events-of-2020\/\"]}]},{\"@type\":\"ImageObject\",\"inLanguage\":\"en-US\",\"@id\":\"https:\/\/the-slovenia.com\/gastronomy\/top-culinary-and-gastronomic-events-of-2020\/#primaryimage\",\"url\":\"https:\/\/the-slovenia.com\/wp-content\/uploads\/2020\/02\/F008841-odprta_kuhna_jost_gantar_19_orig_jpg-photo-m.jpg\",\"contentUrl\":\"https:\/\/the-slovenia.com\/wp-content\/uploads\/2020\/02\/F008841-odprta_kuhna_jost_gantar_19_orig_jpg-photo-m.jpg\",\"width\":1600,\"height\":1067},{\"@type\":\"WebSite\",\"@id\":\"https:\/\/the-slovenia.com\/#website\",\"url\":\"https:\/\/the-slovenia.com\/\",\"name\":\"THE Slovenia\",\"description\":\"\",\"publisher\":{\"@id\":\"https:\/\/the-slovenia.com\/#organization\"},\"potentialAction\":[{\"@type\":\"SearchAction\",\"target\":{\"@type\":\"EntryPoint\",\"urlTemplate\":\"https:\/\/the-slovenia.com\/?s={search_term_string}\"},\"query-input\":{\"@type\":\"PropertyValueSpecification\",\"valueRequired\":true,\"valueName\":\"search_term_string\"}}],\"inLanguage\":\"en-US\"},{\"@type\":\"Organization\",\"@id\":\"https:\/\/the-slovenia.com\/#organization\",\"name\":\"THE Slovenia\",\"url\":\"https:\/\/the-slovenia.com\/\",\"logo\":{\"@type\":\"ImageObject\",\"inLanguage\":\"en-US\",\"@id\":\"https:\/\/the-slovenia.com\/#\/schema\/logo\/image\/\",\"url\":\"https:\/\/the-slovenia.com\/wp-content\/uploads\/2020\/02\/THE_logo_final_beli_napis.jpg\",\"contentUrl\":\"https:\/\/the-slovenia.com\/wp-content\/uploads\/2020\/02\/THE_logo_final_beli_napis.jpg\",\"width\":1535,\"height\":1574,\"caption\":\"THE Slovenia\"},\"image\":{\"@id\":\"https:\/\/the-slovenia.com\/#\/schema\/logo\/image\/\"},\"sameAs\":[\"https:\/\/www.facebook.com\/THESLOVENIA\/?ref=br_rs\",\"https:\/\/www.instagram.com\/the.slovenia\/\",\"https:\/\/www.linkedin.com\/company\/the-slovenia\/\"]},{\"@type\":\"Person\",\"@id\":\"https:\/\/the-slovenia.com\/#\/schema\/person\/c1f00232ae0357355e0af555c02c574d\",\"name\":\"Sara Todorovic\",\"image\":{\"@type\":\"ImageObject\",\"inLanguage\":\"en-US\",\"@id\":\"https:\/\/the-slovenia.com\/#\/schema\/person\/image\/\",\"url\":\"https:\/\/secure.gravatar.com\/avatar\/0259cbca30644266a606832ac88c7a003b31f094d98aecea71210839e399e17c?s=96&d=mm&r=g\",\"contentUrl\":\"https:\/\/secure.gravatar.com\/avatar\/0259cbca30644266a606832ac88c7a003b31f094d98aecea71210839e399e17c?s=96&d=mm&r=g\",\"caption\":\"Sara Todorovic\"},\"url\":\"https:\/\/the-slovenia.com\/en\/author\/thesara\/\"}]}<\/script>\n<!-- \/ Yoast SEO plugin. -->","yoast_head_json":{"title":"TOP Culinary and Gastronomic Events of 2020 - THE Slovenia","robots":{"index":"index","follow":"follow","max-snippet":"max-snippet:-1","max-image-preview":"max-image-preview:large","max-video-preview":"max-video-preview:-1"},"canonical":"https:\/\/the-slovenia.com\/gastronomy\/top-culinary-and-gastronomic-events-of-2020\/","og_locale":"en_US","og_type":"article","og_title":"TOP Culinary and Gastronomic Events of 2020 - THE Slovenia","og_description":"Dear Foodies and culinary enthusiasts, we have gathered the Top culinary and gastronomic events of 2020! From The Slovenia Restaurant Awards to festivals of chocolate, beer, sausages, BBQ, chili, wine and much more! Check out the Top Culinary and Gastronomic Events of 2020 below and taste Slovenia! February 3rd of February: The 5th &#8216;Krodegin&#8217; Sausage [&hellip;]","og_url":"https:\/\/the-slovenia.com\/gastronomy\/top-culinary-and-gastronomic-events-of-2020\/","og_site_name":"THE Slovenia","article_publisher":"https:\/\/www.facebook.com\/THESLOVENIA\/?ref=br_rs","article_published_time":"2020-02-04T06:58:00+00:00","article_modified_time":"2020-05-20T06:09:30+00:00","og_image":[{"width":1600,"height":1067,"url":"https:\/\/i1.wp.com\/the-slovenia.com\/wp-content\/uploads\/2020\/02\/F008841-odprta_kuhna_jost_gantar_19_orig_jpg-photo-m.jpg?fit=1600%2C1067&ssl=1","type":"image\/jpeg"}],"author":"Sara Todorovic","twitter_card":"summary_large_image","twitter_misc":{"Written by":"Sara Todorovic","Est. reading time":"4 minutes"},"schema":{"@context":"https:\/\/schema.org","@graph":[{"@type":"Article","@id":"https:\/\/the-slovenia.com\/gastronomy\/top-culinary-and-gastronomic-events-of-2020\/#article","isPartOf":{"@id":"https:\/\/the-slovenia.com\/gastronomy\/top-culinary-and-gastronomic-events-of-2020\/"},"author":{"name":"Sara Todorovic","@id":"https:\/\/the-slovenia.com\/#\/schema\/person\/c1f00232ae0357355e0af555c02c574d"},"headline":"TOP Culinary and Gastronomic Events of 2020","datePublished":"2020-02-04T06:58:00+00:00","dateModified":"2020-05-20T06:09:30+00:00","mainEntityOfPage":{"@id":"https:\/\/the-slovenia.com\/gastronomy\/top-culinary-and-gastronomic-events-of-2020\/"},"wordCount":877,"commentCount":0,"publisher":{"@id":"https:\/\/the-slovenia.com\/#organization"},"image":{"@id":"https:\/\/the-slovenia.com\/gastronomy\/top-culinary-and-gastronomic-events-of-2020\/#primaryimage"},"thumbnailUrl":"https:\/\/the-slovenia.com\/wp-content\/uploads\/2020\/02\/F008841-odprta_kuhna_jost_gantar_19_orig_jpg-photo-m.jpg","keywords":["European Food Summit 2020","Events","St. Martin's Events","tasts of slovenia","yummy food"],"articleSection":["BEST OF SLOVENIA","EVENTS IN LJUBLJANA","GASTRONOMY"],"inLanguage":"en-US","potentialAction":[{"@type":"CommentAction","name":"Comment","target":["https:\/\/the-slovenia.com\/gastronomy\/top-culinary-and-gastronomic-events-of-2020\/#respond"]}]},{"@type":"WebPage","@id":"https:\/\/the-slovenia.com\/gastronomy\/top-culinary-and-gastronomic-events-of-2020\/","url":"https:\/\/the-slovenia.com\/gastronomy\/top-culinary-and-gastronomic-events-of-2020\/","name":"TOP Culinary and Gastronomic Events of 2020 - THE Slovenia","isPartOf":{"@id":"https:\/\/the-slovenia.com\/#website"},"primaryImageOfPage":{"@id":"https:\/\/the-slovenia.com\/gastronomy\/top-culinary-and-gastronomic-events-of-2020\/#primaryimage"},"image":{"@id":"https:\/\/the-slovenia.com\/gastronomy\/top-culinary-and-gastronomic-events-of-2020\/#primaryimage"},"thumbnailUrl":"https:\/\/the-slovenia.com\/wp-content\/uploads\/2020\/02\/F008841-odprta_kuhna_jost_gantar_19_orig_jpg-photo-m.jpg","datePublished":"2020-02-04T06:58:00+00:00","dateModified":"2020-05-20T06:09:30+00:00","inLanguage":"en-US","potentialAction":[{"@type":"ReadAction","target":["https:\/\/the-slovenia.com\/gastronomy\/top-culinary-and-gastronomic-events-of-2020\/"]}]},{"@type":"ImageObject","inLanguage":"en-US","@id":"https:\/\/the-slovenia.com\/gastronomy\/top-culinary-and-gastronomic-events-of-2020\/#primaryimage","url":"https:\/\/the-slovenia.com\/wp-content\/uploads\/2020\/02\/F008841-odprta_kuhna_jost_gantar_19_orig_jpg-photo-m.jpg","contentUrl":"https:\/\/the-slovenia.com\/wp-content\/uploads\/2020\/02\/F008841-odprta_kuhna_jost_gantar_19_orig_jpg-photo-m.jpg","width":1600,"height":1067},{"@type":"WebSite","@id":"https:\/\/the-slovenia.com\/#website","url":"https:\/\/the-slovenia.com\/","name":"THE Slovenia","description":"","publisher":{"@id":"https:\/\/the-slovenia.com\/#organization"},"potentialAction":[{"@type":"SearchAction","target":{"@type":"EntryPoint","urlTemplate":"https:\/\/the-slovenia.com\/?s={search_term_string}"},"query-input":{"@type":"PropertyValueSpecification","valueRequired":true,"valueName":"search_term_string"}}],"inLanguage":"en-US"},{"@type":"Organization","@id":"https:\/\/the-slovenia.com\/#organization","name":"THE Slovenia","url":"https:\/\/the-slovenia.com\/","logo":{"@type":"ImageObject","inLanguage":"en-US","@id":"https:\/\/the-slovenia.com\/#\/schema\/logo\/image\/","url":"https:\/\/the-slovenia.com\/wp-content\/uploads\/2020\/02\/THE_logo_final_beli_napis.jpg","contentUrl":"https:\/\/the-slovenia.com\/wp-content\/uploads\/2020\/02\/THE_logo_final_beli_napis.jpg","width":1535,"height":1574,"caption":"THE Slovenia"},"image":{"@id":"https:\/\/the-slovenia.com\/#\/schema\/logo\/image\/"},"sameAs":["https:\/\/www.facebook.com\/THESLOVENIA\/?ref=br_rs","https:\/\/www.instagram.com\/the.slovenia\/","https:\/\/www.linkedin.com\/company\/the-slovenia\/"]},{"@type":"Person","@id":"https:\/\/the-slovenia.com\/#\/schema\/person\/c1f00232ae0357355e0af555c02c574d","name":"Sara Todorovic","image":{"@type":"ImageObject","inLanguage":"en-US","@id":"https:\/\/the-slovenia.com\/#\/schema\/person\/image\/","url":"https:\/\/secure.gravatar.com\/avatar\/0259cbca30644266a606832ac88c7a003b31f094d98aecea71210839e399e17c?s=96&d=mm&r=g","contentUrl":"https:\/\/secure.gravatar.com\/avatar\/0259cbca30644266a606832ac88c7a003b31f094d98aecea71210839e399e17c?s=96&d=mm&r=g","caption":"Sara Todorovic"},"url":"https:\/\/the-slovenia.com\/en\/author\/thesara\/"}]}},"_links":{"self":[{"href":"https:\/\/the-slovenia.com\/en\/wp-json\/wp\/v2\/posts\/26164","targetHints":{"allow":["GET"]}}],"collection":[{"href":"https:\/\/the-slovenia.com\/en\/wp-json\/wp\/v2\/posts"}],"about":[{"href":"https:\/\/the-slovenia.com\/en\/wp-json\/wp\/v2\/types\/post"}],"author":[{"embeddable":true,"href":"https:\/\/the-slovenia.com\/en\/wp-json\/wp\/v2\/users\/13"}],"replies":[{"embeddable":true,"href":"https:\/\/the-slovenia.com\/en\/wp-json\/wp\/v2\/comments?post=26164"}],"version-history":[{"count":0,"href":"https:\/\/the-slovenia.com\/en\/wp-json\/wp\/v2\/posts\/26164\/revisions"}],"wp:featuredmedia":[{"embeddable":true,"href":"https:\/\/the-slovenia.com\/en\/wp-json\/wp\/v2\/media\/26166"}],"wp:attachment":[{"href":"https:\/\/the-slovenia.com\/en\/wp-json\/wp\/v2\/media?parent=26164"}],"wp:term":[{"taxonomy":"category","embeddable":true,"href":"https:\/\/the-slovenia.com\/en\/wp-json\/wp\/v2\/categories?post=26164"},{"taxonomy":"post_tag","embeddable":true,"href":"https:\/\/the-slovenia.com\/en\/wp-json\/wp\/v2\/tags?post=26164"}],"curies":[{"name":"wp","href":"https:\/\/api.w.org\/{rel}","templated":true}]}}