{"id":208348,"date":"2026-09-02T10:06:12","date_gmt":"2026-09-02T08:06:12","guid":{"rendered":"https:\/\/the-slovenia.com\/?p=208348"},"modified":"2026-09-02T10:06:18","modified_gmt":"2026-09-02T08:06:18","slug":"winery-of-the-week-kuster-wines-with-tradition-from-svecina","status":"publish","type":"post","link":"https:\/\/the-slovenia.com\/en\/gastronomy\/winery-of-the-week-kuster-wines-with-tradition-from-svecina\/","title":{"rendered":"Winery of the Week: Ku\u0161ter \u2013 Wines with Tradition from Sve\u010dina"},"content":{"rendered":"<p>In <strong>Sve\u010dina<\/strong>, right next to the Slovenian-Austrian border, the story of the \u0160erbinek family, known as <strong>Ku\u0161ter<\/strong>, has been developing for centuries. Their family name dates back at least <strong>500 years<\/strong>, while the house name Ku\u0161ter has been used for around 300 years \u2013 and today it also appears on their wines. The winery combines a long winemaking tradition, distinctive vineyard sites and a modern approach, with the aim of producing <strong>mature and rich wines that remain fresh, fruity and true to their varietal character<\/strong>.<\/p><h2 class=\"wp-block-heading\"><strong>A Family Story that Continues<\/strong><\/h2><p>Vinko \u0160erbinek learned the winemaking craft from his grandfather Vinko, while his father focused mainly on fruit growing. After the war, the family was left with just one third of a hectare of vineyards. A new chapter began in <strong>1989<\/strong>, when the younger Vinko and his wife Sonja started the first major renewal of the vineyards.<\/p><p>In recent years, Vinko has been joined in the cellar by his son <strong>\u017diga<\/strong>, who took over the winemaking responsibilities for the first time in autumn 2019.<\/p><h2 class=\"wp-block-heading\"><strong>Vineyards on the Austrian Border<\/strong><\/h2><p>One of the defining features of Ku\u0161ter wines is their distinctive vineyard locations. <strong>Doma\u010di Kogl, Pesjak, Pri Kreni and \u017dupnikova<\/strong> each have their own position, soil and grape varieties.<\/p><p>The steep slopes are planted with varieties including <strong>Pinot Gris, Sauvignon Blanc, Muscat Ottonel, Rizvanec, Welschriesling, Riesling, Kerner and Traminer<\/strong>, while some vineyards are still worked entirely by hand due to the demanding terrain.<\/p><p>The Pesjak site is mentioned in old Slovenian records as an excellent vineyard location, while the steep and partly rocky Pri Kreni vineyard is primarily planted with Riesling and Kerner.<\/p><h2 class=\"wp-block-heading\"><strong>Fresh, Sparkling and Mature Wines<\/strong><\/h2><p>Ku\u0161ter divides its wines into <strong>fresh, sparkling and mature wines<\/strong>. The range includes Welschriesling, Riesling, Sauvignon Blanc, Traminer, Muscat Ottonel, Pinot Gris and several blends, including <strong>Ku\u0161ter and Vincenc<\/strong>.<\/p><p>Among the sparkling wines, <strong>Mu\u0161katna Penina<\/strong> and <strong>Penina Edition<\/strong> stand out.<\/p><p>Their philosophy is based on time: the wines are allowed to develop and rest in the cellar for as long as possible, preserving their aromatic freshness while gaining structure and character \u2013 something the family itself describes as <strong>\u201cku\u0161trava mladostnost\u201d, or \u201cplayfully tousled youthfulness.\u201d<\/strong><\/p><figure class=\"wp-block-image size-full\"><a href=\"https:\/\/the-slovenia.com\/wp-content\/uploads\/2026\/09\/image-10.png\"><img loading=\"lazy\" decoding=\"async\" width=\"960\" height=\"358\" data-src=\"https:\/\/the-slovenia.com\/wp-content\/uploads\/2026\/09\/image-10.png\" alt=\"\" class=\"wp-image-208351 lazyload\" data-srcset=\"https:\/\/the-slovenia.com\/wp-content\/uploads\/2026\/09\/image-10.png 960w, https:\/\/the-slovenia.com\/wp-content\/uploads\/2026\/09\/image-10-300x112.png 300w, https:\/\/the-slovenia.com\/wp-content\/uploads\/2026\/09\/image-10-768x286.png 768w, https:\/\/the-slovenia.com\/wp-content\/uploads\/2026\/09\/image-10-150x56.png 150w, https:\/\/the-slovenia.com\/wp-content\/uploads\/2026\/09\/image-10-696x260.png 696w, https:\/\/the-slovenia.com\/wp-content\/uploads\/2026\/09\/image-10-600x224.png 600w\" data-sizes=\"auto, (max-width: 960px) 100vw, 960px\" src=\"data:image\/gif;base64,R0lGODlhAQABAAAAACH5BAEKAAEALAAAAAABAAEAAAICTAEAOw==\" style=\"--smush-placeholder-width: 960px; --smush-placeholder-aspect-ratio: 960\/358;\" \/><noscript><img loading=\"lazy\" decoding=\"async\" width=\"960\" height=\"358\" src=\"https:\/\/the-slovenia.com\/wp-content\/uploads\/2026\/09\/image-10.png\" alt=\"\" class=\"wp-image-208351\" srcset=\"https:\/\/the-slovenia.com\/wp-content\/uploads\/2026\/09\/image-10.png 960w, https:\/\/the-slovenia.com\/wp-content\/uploads\/2026\/09\/image-10-300x112.png 300w, https:\/\/the-slovenia.com\/wp-content\/uploads\/2026\/09\/image-10-768x286.png 768w, https:\/\/the-slovenia.com\/wp-content\/uploads\/2026\/09\/image-10-150x56.png 150w, https:\/\/the-slovenia.com\/wp-content\/uploads\/2026\/09\/image-10-696x260.png 696w, https:\/\/the-slovenia.com\/wp-content\/uploads\/2026\/09\/image-10-600x224.png 600w\" sizes=\"auto, (max-width: 960px) 100vw, 960px\" \/><\/noscript><\/a><figcaption class=\"wp-element-caption\">Ku\u0161ter wines<\/figcaption><\/figure><div class=\"vlp-link-container vlp-layout-basic wp-block-visual-link-preview-link\"><a href=\"https:\/\/the-slovenia.com\/en\/gastronomy\/winery-of-the-week-meum\/\" class=\"vlp-link\" title=\"Winery of the Week: Meum\"><\/a><div class=\"vlp-layout-zone-side\"><div class=\"vlp-block-2 vlp-link-image\"><img loading=\"lazy\" decoding=\"async\" style=\"--smush-placeholder-width: 150px; --smush-placeholder-aspect-ratio: 150\/116;max-width: 150px;\" width=\"150\" height=\"116\" data-src=\"https:\/\/the-slovenia.com\/wp-content\/uploads\/2026\/04\/Posnetek-zaslona-2026-04-21-115359.png\" class=\"attachment-150x999 size-150x999 lazyload\" alt=\"\" data-srcset=\"https:\/\/the-slovenia.com\/wp-content\/uploads\/2026\/04\/Posnetek-zaslona-2026-04-21-115359.png 735w, https:\/\/the-slovenia.com\/wp-content\/uploads\/2026\/04\/Posnetek-zaslona-2026-04-21-115359-300x232.png 300w, https:\/\/the-slovenia.com\/wp-content\/uploads\/2026\/04\/Posnetek-zaslona-2026-04-21-115359-543x420.png 543w, https:\/\/the-slovenia.com\/wp-content\/uploads\/2026\/04\/Posnetek-zaslona-2026-04-21-115359-150x116.png 150w, https:\/\/the-slovenia.com\/wp-content\/uploads\/2026\/04\/Posnetek-zaslona-2026-04-21-115359-696x539.png 696w, https:\/\/the-slovenia.com\/wp-content\/uploads\/2026\/04\/Posnetek-zaslona-2026-04-21-115359-600x464.png 600w\" data-sizes=\"auto, (max-width: 150px) 100vw, 150px\" src=\"data:image\/gif;base64,R0lGODlhAQABAAAAACH5BAEKAAEALAAAAAABAAEAAAICTAEAOw==\" \/><noscript><img loading=\"lazy\" decoding=\"async\" style=\"max-width: 150px;\" width=\"150\" height=\"116\" src=\"https:\/\/the-slovenia.com\/wp-content\/uploads\/2026\/04\/Posnetek-zaslona-2026-04-21-115359.png\" class=\"attachment-150x999 size-150x999\" alt=\"\" srcset=\"https:\/\/the-slovenia.com\/wp-content\/uploads\/2026\/04\/Posnetek-zaslona-2026-04-21-115359.png 735w, https:\/\/the-slovenia.com\/wp-content\/uploads\/2026\/04\/Posnetek-zaslona-2026-04-21-115359-300x232.png 300w, https:\/\/the-slovenia.com\/wp-content\/uploads\/2026\/04\/Posnetek-zaslona-2026-04-21-115359-543x420.png 543w, https:\/\/the-slovenia.com\/wp-content\/uploads\/2026\/04\/Posnetek-zaslona-2026-04-21-115359-150x116.png 150w, https:\/\/the-slovenia.com\/wp-content\/uploads\/2026\/04\/Posnetek-zaslona-2026-04-21-115359-696x539.png 696w, https:\/\/the-slovenia.com\/wp-content\/uploads\/2026\/04\/Posnetek-zaslona-2026-04-21-115359-600x464.png 600w\" sizes=\"auto, (max-width: 150px) 100vw, 150px\" \/><\/noscript><\/div><\/div><div class=\"vlp-layout-zone-main\"><div class=\"vlp-block-0 vlp-link-title\">Winery of the Week: Meum<\/div><div class=\"vlp-block-1 vlp-link-summary\">On the picturesque hills above Lo\u010de and \u017di\u010de, where the winemaking tradition intertwines with the history of the \u017di\u010de Charterhouse, one of the more compelling modern wine stories in Slovenia is taking shape. Meum Winery, led by the Brumec family, continues a legacy first established in this area by Carthusian monks in the 12th century. Today, Meum is synonymous with boutique production, distinctive terroir, and wines that combine elegance, freshness, and a contemporary winemaking approach. A wine story with roots in the 12th century What makes Meum particularly special is its strong connection to the history of the place. When [&hellip;]<\/div><\/div><\/div><h2 class=\"wp-block-heading\"><strong>Vino Ku\u0161ter in Sve\u010dina<\/strong><\/h2><p>The family&#8217;s wine story can be experienced at their estate in <strong>Pla\u010d near Sve\u010dina<\/strong>, where fruit growing also continues to play an important role alongside viticulture.<\/p><p><strong>Vino Ku\u0161ter \u2013 Vinko \u0160erbinek<\/strong><br>Pla\u010d 9, 2201 Zgornja Kungota<br>Phone: <strong>+386 31 262 480 \/ +386 31 565 146 \/ +386 41 866 259<\/strong><br>Email: <strong><a>info@vino-kuster.com<\/a><\/strong><\/p><p><a href=\"https:\/\/vino-kuster.com\/\">Vino Ku\u0161ter \u2013 official website<\/a><\/p><!-- CONTENT END 1 -->\n","protected":false},"excerpt":{"rendered":"<p>In Sve\u010dina, right next to the Slovenian-Austrian border, the story of the \u0160erbinek family, known as Ku\u0161ter, has been developing for centuries. Their family name dates back at least 500 years, while the house name Ku\u0161ter has been used for around 300 years \u2013 and today it also appears on their wines. The winery combines [&hellip;]<\/p>\n","protected":false},"author":732,"featured_media":208349,"comment_status":"closed","ping_status":"open","sticky":false,"template":"","format":"standard","meta":{"_acf_changed":false,"footnotes":""},"categories":[172,177],"tags":[13424,9837],"class_list":{"0":"post-208348","1":"post","2":"type-post","3":"status-publish","4":"format-standard","5":"has-post-thumbnail","7":"category-gastronomy","8":"category-wine","9":"tag-kuster-wines","10":"tag-slovenian-wines"},"acf":[],"yoast_head":"<!-- This site is optimized with the Yoast SEO plugin v24.3 - https:\/\/yoast.com\/wordpress\/plugins\/seo\/ -->\n<title>Winery of the Week: Ku\u0161ter \u2013 Wines with Tradition from Sve\u010dina - THE Slovenia<\/title>\n<meta name=\"robots\" content=\"index, follow, max-snippet:-1, max-image-preview:large, max-video-preview:-1\" \/>\n<link rel=\"canonical\" href=\"https:\/\/the-slovenia.com\/en\/gastronomy\/winery-of-the-week-kuster-wines-with-tradition-from-svecina\/\" \/>\n<meta property=\"og:locale\" content=\"en_US\" \/>\n<meta property=\"og:type\" content=\"article\" \/>\n<meta property=\"og:title\" content=\"Winery of the Week: Ku\u0161ter \u2013 Wines with Tradition from Sve\u010dina - THE Slovenia\" \/>\n<meta property=\"og:description\" content=\"In Sve\u010dina, right next to the Slovenian-Austrian border, the story of the \u0160erbinek family, known as Ku\u0161ter, has been developing for centuries. Their family name dates back at least 500 years, while the house name Ku\u0161ter has been used for around 300 years \u2013 and today it also appears on their wines. The winery combines [&hellip;]\" \/>\n<meta property=\"og:url\" content=\"https:\/\/the-slovenia.com\/en\/gastronomy\/winery-of-the-week-kuster-wines-with-tradition-from-svecina\/\" \/>\n<meta property=\"og:site_name\" content=\"THE Slovenia\" \/>\n<meta property=\"article:publisher\" content=\"https:\/\/www.facebook.com\/THESLOVENIA\/?ref=br_rs\" \/>\n<meta property=\"article:published_time\" content=\"2026-09-02T08:06:12+00:00\" \/>\n<meta property=\"article:modified_time\" content=\"2026-09-02T08:06:18+00:00\" \/>\n<meta property=\"og:image\" content=\"https:\/\/the-slovenia.com\/wp-content\/uploads\/2026\/09\/Penine1300x800-1.jpg\" \/>\n\t<meta property=\"og:image:width\" content=\"1300\" \/>\n\t<meta property=\"og:image:height\" content=\"800\" \/>\n\t<meta property=\"og:image:type\" content=\"image\/jpeg\" \/>\n<meta name=\"author\" content=\"Tia B\" \/>\n<meta name=\"twitter:card\" content=\"summary_large_image\" \/>\n<meta name=\"twitter:label1\" content=\"Written by\" \/>\n\t<meta name=\"twitter:data1\" content=\"Tia B\" \/>\n\t<meta name=\"twitter:label2\" content=\"Est. reading time\" \/>\n\t<meta name=\"twitter:data2\" content=\"4 minutes\" \/>\n<script type=\"application\/ld+json\" class=\"yoast-schema-graph\">{\"@context\":\"https:\/\/schema.org\",\"@graph\":[{\"@type\":\"Article\",\"@id\":\"https:\/\/the-slovenia.com\/en\/gastronomy\/winery-of-the-week-kuster-wines-with-tradition-from-svecina\/#article\",\"isPartOf\":{\"@id\":\"https:\/\/the-slovenia.com\/en\/gastronomy\/winery-of-the-week-kuster-wines-with-tradition-from-svecina\/\"},\"author\":{\"name\":\"Tia B\",\"@id\":\"https:\/\/the-slovenia.com\/#\/schema\/person\/ce8ec205af7a6c8e66c2d96cbf3d995f\"},\"headline\":\"Winery of the Week: Ku\u0161ter \u2013 Wines with Tradition from Sve\u010dina\",\"datePublished\":\"2026-09-02T08:06:12+00:00\",\"dateModified\":\"2026-09-02T08:06:18+00:00\",\"mainEntityOfPage\":{\"@id\":\"https:\/\/the-slovenia.com\/en\/gastronomy\/winery-of-the-week-kuster-wines-with-tradition-from-svecina\/\"},\"wordCount\":537,\"publisher\":{\"@id\":\"https:\/\/the-slovenia.com\/#organization\"},\"image\":{\"@id\":\"https:\/\/the-slovenia.com\/en\/gastronomy\/winery-of-the-week-kuster-wines-with-tradition-from-svecina\/#primaryimage\"},\"thumbnailUrl\":\"https:\/\/the-slovenia.com\/wp-content\/uploads\/2026\/09\/Penine1300x800-1.jpg\",\"keywords\":[\"ku\u0161ter wines\",\"slovenian wines\"],\"articleSection\":[\"GASTRONOMY\",\"WINE\"],\"inLanguage\":\"en-US\"},{\"@type\":\"WebPage\",\"@id\":\"https:\/\/the-slovenia.com\/en\/gastronomy\/winery-of-the-week-kuster-wines-with-tradition-from-svecina\/\",\"url\":\"https:\/\/the-slovenia.com\/en\/gastronomy\/winery-of-the-week-kuster-wines-with-tradition-from-svecina\/\",\"name\":\"Winery of the Week: Ku\u0161ter \u2013 Wines with Tradition from Sve\u010dina - THE Slovenia\",\"isPartOf\":{\"@id\":\"https:\/\/the-slovenia.com\/#website\"},\"primaryImageOfPage\":{\"@id\":\"https:\/\/the-slovenia.com\/en\/gastronomy\/winery-of-the-week-kuster-wines-with-tradition-from-svecina\/#primaryimage\"},\"image\":{\"@id\":\"https:\/\/the-slovenia.com\/en\/gastronomy\/winery-of-the-week-kuster-wines-with-tradition-from-svecina\/#primaryimage\"},\"thumbnailUrl\":\"https:\/\/the-slovenia.com\/wp-content\/uploads\/2026\/09\/Penine1300x800-1.jpg\",\"datePublished\":\"2026-09-02T08:06:12+00:00\",\"dateModified\":\"2026-09-02T08:06:18+00:00\",\"inLanguage\":\"en-US\",\"potentialAction\":[{\"@type\":\"ReadAction\",\"target\":[\"https:\/\/the-slovenia.com\/en\/gastronomy\/winery-of-the-week-kuster-wines-with-tradition-from-svecina\/\"]}]},{\"@type\":\"ImageObject\",\"inLanguage\":\"en-US\",\"@id\":\"https:\/\/the-slovenia.com\/en\/gastronomy\/winery-of-the-week-kuster-wines-with-tradition-from-svecina\/#primaryimage\",\"url\":\"https:\/\/the-slovenia.com\/wp-content\/uploads\/2026\/09\/Penine1300x800-1.jpg\",\"contentUrl\":\"https:\/\/the-slovenia.com\/wp-content\/uploads\/2026\/09\/Penine1300x800-1.jpg\",\"width\":1300,\"height\":800},{\"@type\":\"WebSite\",\"@id\":\"https:\/\/the-slovenia.com\/#website\",\"url\":\"https:\/\/the-slovenia.com\/\",\"name\":\"THE Slovenia\",\"description\":\"\",\"publisher\":{\"@id\":\"https:\/\/the-slovenia.com\/#organization\"},\"potentialAction\":[{\"@type\":\"SearchAction\",\"target\":{\"@type\":\"EntryPoint\",\"urlTemplate\":\"https:\/\/the-slovenia.com\/?s={search_term_string}\"},\"query-input\":{\"@type\":\"PropertyValueSpecification\",\"valueRequired\":true,\"valueName\":\"search_term_string\"}}],\"inLanguage\":\"en-US\"},{\"@type\":\"Organization\",\"@id\":\"https:\/\/the-slovenia.com\/#organization\",\"name\":\"THE Slovenia\",\"url\":\"https:\/\/the-slovenia.com\/\",\"logo\":{\"@type\":\"ImageObject\",\"inLanguage\":\"en-US\",\"@id\":\"https:\/\/the-slovenia.com\/#\/schema\/logo\/image\/\",\"url\":\"https:\/\/the-slovenia.com\/wp-content\/uploads\/2020\/02\/THE_logo_final_beli_napis.jpg\",\"contentUrl\":\"https:\/\/the-slovenia.com\/wp-content\/uploads\/2020\/02\/THE_logo_final_beli_napis.jpg\",\"width\":1535,\"height\":1574,\"caption\":\"THE Slovenia\"},\"image\":{\"@id\":\"https:\/\/the-slovenia.com\/#\/schema\/logo\/image\/\"},\"sameAs\":[\"https:\/\/www.facebook.com\/THESLOVENIA\/?ref=br_rs\",\"https:\/\/www.instagram.com\/the.slovenia\/\",\"https:\/\/www.linkedin.com\/company\/the-slovenia\/\"]},{\"@type\":\"Person\",\"@id\":\"https:\/\/the-slovenia.com\/#\/schema\/person\/ce8ec205af7a6c8e66c2d96cbf3d995f\",\"name\":\"Tia B\",\"image\":{\"@type\":\"ImageObject\",\"inLanguage\":\"en-US\",\"@id\":\"https:\/\/the-slovenia.com\/#\/schema\/person\/image\/\",\"url\":\"https:\/\/secure.gravatar.com\/avatar\/d4ad440fd67c89539d8dab8be98b2acc9238505f2b8694da3afd05429f01b95f?s=96&d=mm&r=g\",\"contentUrl\":\"https:\/\/secure.gravatar.com\/avatar\/d4ad440fd67c89539d8dab8be98b2acc9238505f2b8694da3afd05429f01b95f?s=96&d=mm&r=g\",\"caption\":\"Tia B\"},\"url\":\"https:\/\/the-slovenia.com\/en\/author\/tia-b\/\"}]}<\/script>\n<!-- \/ Yoast SEO plugin. -->","yoast_head_json":{"title":"Winery of the Week: Ku\u0161ter \u2013 Wines with Tradition from Sve\u010dina - THE Slovenia","robots":{"index":"index","follow":"follow","max-snippet":"max-snippet:-1","max-image-preview":"max-image-preview:large","max-video-preview":"max-video-preview:-1"},"canonical":"https:\/\/the-slovenia.com\/en\/gastronomy\/winery-of-the-week-kuster-wines-with-tradition-from-svecina\/","og_locale":"en_US","og_type":"article","og_title":"Winery of the Week: Ku\u0161ter \u2013 Wines with Tradition from Sve\u010dina - THE Slovenia","og_description":"In Sve\u010dina, right next to the Slovenian-Austrian border, the story of the \u0160erbinek family, known as Ku\u0161ter, has been developing for centuries. Their family name dates back at least 500 years, while the house name Ku\u0161ter has been used for around 300 years \u2013 and today it also appears on their wines. The winery combines [&hellip;]","og_url":"https:\/\/the-slovenia.com\/en\/gastronomy\/winery-of-the-week-kuster-wines-with-tradition-from-svecina\/","og_site_name":"THE Slovenia","article_publisher":"https:\/\/www.facebook.com\/THESLOVENIA\/?ref=br_rs","article_published_time":"2026-09-02T08:06:12+00:00","article_modified_time":"2026-09-02T08:06:18+00:00","og_image":[{"width":1300,"height":800,"url":"https:\/\/the-slovenia.com\/wp-content\/uploads\/2026\/09\/Penine1300x800-1.jpg","type":"image\/jpeg"}],"author":"Tia B","twitter_card":"summary_large_image","twitter_misc":{"Written by":"Tia B","Est. reading time":"4 minutes"},"schema":{"@context":"https:\/\/schema.org","@graph":[{"@type":"Article","@id":"https:\/\/the-slovenia.com\/en\/gastronomy\/winery-of-the-week-kuster-wines-with-tradition-from-svecina\/#article","isPartOf":{"@id":"https:\/\/the-slovenia.com\/en\/gastronomy\/winery-of-the-week-kuster-wines-with-tradition-from-svecina\/"},"author":{"name":"Tia B","@id":"https:\/\/the-slovenia.com\/#\/schema\/person\/ce8ec205af7a6c8e66c2d96cbf3d995f"},"headline":"Winery of the Week: Ku\u0161ter \u2013 Wines with Tradition from Sve\u010dina","datePublished":"2026-09-02T08:06:12+00:00","dateModified":"2026-09-02T08:06:18+00:00","mainEntityOfPage":{"@id":"https:\/\/the-slovenia.com\/en\/gastronomy\/winery-of-the-week-kuster-wines-with-tradition-from-svecina\/"},"wordCount":537,"publisher":{"@id":"https:\/\/the-slovenia.com\/#organization"},"image":{"@id":"https:\/\/the-slovenia.com\/en\/gastronomy\/winery-of-the-week-kuster-wines-with-tradition-from-svecina\/#primaryimage"},"thumbnailUrl":"https:\/\/the-slovenia.com\/wp-content\/uploads\/2026\/09\/Penine1300x800-1.jpg","keywords":["ku\u0161ter wines","slovenian wines"],"articleSection":["GASTRONOMY","WINE"],"inLanguage":"en-US"},{"@type":"WebPage","@id":"https:\/\/the-slovenia.com\/en\/gastronomy\/winery-of-the-week-kuster-wines-with-tradition-from-svecina\/","url":"https:\/\/the-slovenia.com\/en\/gastronomy\/winery-of-the-week-kuster-wines-with-tradition-from-svecina\/","name":"Winery of the Week: Ku\u0161ter \u2013 Wines with Tradition from Sve\u010dina - THE Slovenia","isPartOf":{"@id":"https:\/\/the-slovenia.com\/#website"},"primaryImageOfPage":{"@id":"https:\/\/the-slovenia.com\/en\/gastronomy\/winery-of-the-week-kuster-wines-with-tradition-from-svecina\/#primaryimage"},"image":{"@id":"https:\/\/the-slovenia.com\/en\/gastronomy\/winery-of-the-week-kuster-wines-with-tradition-from-svecina\/#primaryimage"},"thumbnailUrl":"https:\/\/the-slovenia.com\/wp-content\/uploads\/2026\/09\/Penine1300x800-1.jpg","datePublished":"2026-09-02T08:06:12+00:00","dateModified":"2026-09-02T08:06:18+00:00","inLanguage":"en-US","potentialAction":[{"@type":"ReadAction","target":["https:\/\/the-slovenia.com\/en\/gastronomy\/winery-of-the-week-kuster-wines-with-tradition-from-svecina\/"]}]},{"@type":"ImageObject","inLanguage":"en-US","@id":"https:\/\/the-slovenia.com\/en\/gastronomy\/winery-of-the-week-kuster-wines-with-tradition-from-svecina\/#primaryimage","url":"https:\/\/the-slovenia.com\/wp-content\/uploads\/2026\/09\/Penine1300x800-1.jpg","contentUrl":"https:\/\/the-slovenia.com\/wp-content\/uploads\/2026\/09\/Penine1300x800-1.jpg","width":1300,"height":800},{"@type":"WebSite","@id":"https:\/\/the-slovenia.com\/#website","url":"https:\/\/the-slovenia.com\/","name":"THE Slovenia","description":"","publisher":{"@id":"https:\/\/the-slovenia.com\/#organization"},"potentialAction":[{"@type":"SearchAction","target":{"@type":"EntryPoint","urlTemplate":"https:\/\/the-slovenia.com\/?s={search_term_string}"},"query-input":{"@type":"PropertyValueSpecification","valueRequired":true,"valueName":"search_term_string"}}],"inLanguage":"en-US"},{"@type":"Organization","@id":"https:\/\/the-slovenia.com\/#organization","name":"THE Slovenia","url":"https:\/\/the-slovenia.com\/","logo":{"@type":"ImageObject","inLanguage":"en-US","@id":"https:\/\/the-slovenia.com\/#\/schema\/logo\/image\/","url":"https:\/\/the-slovenia.com\/wp-content\/uploads\/2020\/02\/THE_logo_final_beli_napis.jpg","contentUrl":"https:\/\/the-slovenia.com\/wp-content\/uploads\/2020\/02\/THE_logo_final_beli_napis.jpg","width":1535,"height":1574,"caption":"THE Slovenia"},"image":{"@id":"https:\/\/the-slovenia.com\/#\/schema\/logo\/image\/"},"sameAs":["https:\/\/www.facebook.com\/THESLOVENIA\/?ref=br_rs","https:\/\/www.instagram.com\/the.slovenia\/","https:\/\/www.linkedin.com\/company\/the-slovenia\/"]},{"@type":"Person","@id":"https:\/\/the-slovenia.com\/#\/schema\/person\/ce8ec205af7a6c8e66c2d96cbf3d995f","name":"Tia B","image":{"@type":"ImageObject","inLanguage":"en-US","@id":"https:\/\/the-slovenia.com\/#\/schema\/person\/image\/","url":"https:\/\/secure.gravatar.com\/avatar\/d4ad440fd67c89539d8dab8be98b2acc9238505f2b8694da3afd05429f01b95f?s=96&d=mm&r=g","contentUrl":"https:\/\/secure.gravatar.com\/avatar\/d4ad440fd67c89539d8dab8be98b2acc9238505f2b8694da3afd05429f01b95f?s=96&d=mm&r=g","caption":"Tia B"},"url":"https:\/\/the-slovenia.com\/en\/author\/tia-b\/"}]}},"_links":{"self":[{"href":"https:\/\/the-slovenia.com\/en\/wp-json\/wp\/v2\/posts\/208348","targetHints":{"allow":["GET"]}}],"collection":[{"href":"https:\/\/the-slovenia.com\/en\/wp-json\/wp\/v2\/posts"}],"about":[{"href":"https:\/\/the-slovenia.com\/en\/wp-json\/wp\/v2\/types\/post"}],"author":[{"embeddable":true,"href":"https:\/\/the-slovenia.com\/en\/wp-json\/wp\/v2\/users\/732"}],"replies":[{"embeddable":true,"href":"https:\/\/the-slovenia.com\/en\/wp-json\/wp\/v2\/comments?post=208348"}],"version-history":[{"count":1,"href":"https:\/\/the-slovenia.com\/en\/wp-json\/wp\/v2\/posts\/208348\/revisions"}],"predecessor-version":[{"id":208353,"href":"https:\/\/the-slovenia.com\/en\/wp-json\/wp\/v2\/posts\/208348\/revisions\/208353"}],"wp:featuredmedia":[{"embeddable":true,"href":"https:\/\/the-slovenia.com\/en\/wp-json\/wp\/v2\/media\/208349"}],"wp:attachment":[{"href":"https:\/\/the-slovenia.com\/en\/wp-json\/wp\/v2\/media?parent=208348"}],"wp:term":[{"taxonomy":"category","embeddable":true,"href":"https:\/\/the-slovenia.com\/en\/wp-json\/wp\/v2\/categories?post=208348"},{"taxonomy":"post_tag","embeddable":true,"href":"https:\/\/the-slovenia.com\/en\/wp-json\/wp\/v2\/tags?post=208348"}],"curies":[{"name":"wp","href":"https:\/\/api.w.org\/{rel}","templated":true}]}}