{"id":2050,"date":"2019-01-26T00:35:49","date_gmt":"2019-01-26T00:35:49","guid":{"rendered":"https:\/\/the-slovenia.com\/?p=2050"},"modified":"2019-01-26T00:35:49","modified_gmt":"2019-01-26T00:35:49","slug":"trzic-a-kingdom-of-pathways","status":"publish","type":"post","link":"https:\/\/the-slovenia.com\/en\/slovenia\/best-of-slovenia\/trzic-a-kingdom-of-pathways\/","title":{"rendered":"TR\u017dI\u010c: A kingdom of pathways"},"content":{"rendered":"<blockquote>\n<p><em><strong>Beautiful Tr\u017ei\u010d is situated near the ancient route that for centuries led over the Ljubelj pass and connected Carinthia with the plains of Gorenjska. Nowadays the route over the mountains may no longer be trodden (as travellers instead opt to use the tunnel which goes through the Karavanke mountain range), but Tr\u017ei\u010d has always profited from its location on this old trade route, and the town is still a regional centre for trade and crafts.<\/strong><\/em><\/p>\n<\/blockquote>\n<p><img decoding=\"async\" src=\"https:\/\/static1.squarespace.com\/static\/57dada2c3e00be0b2acfdea7\/t\/5b8e7d0f032be4d3b7ee14fc\/1536064811534\/Tr%C5%BEi%C4%8D4.jpg?format=750w\" alt=\"Tr\u017ei\u010d4.jpg\" data-src=\"https:\/\/static1.squarespace.com\/static\/57dada2c3e00be0b2acfdea7\/t\/5b8e7d0f032be4d3b7ee14fc\/1536064811534\/Tr%C5%BEi%C4%8D4.jpg\" data-image=\"https:\/\/static1.squarespace.com\/static\/57dada2c3e00be0b2acfdea7\/t\/5b8e7d0f032be4d3b7ee14fc\/1536064811534\/Tr%C5%BEi%C4%8D4.jpg\" data-image-dimensions=\"738x559\" data-image-focal-point=\"0.5,0.5\" data-load=\"false\" data-image-id=\"5b8e7d0f032be4d3b7ee14fc\" data-type=\"image\" data-position-mode=\"standard\" data-image-resolution=\"750w\" \/><\/p>\n<p>Although a big fire destroyed a large part of the town centre in 1811, the population overcame this setback with financial help of Austrian Field Marshall Joseph Radetzky. He owned a mansion in the town and is immortalized by the famous Radetzky March, which was composed by Johann Strauss and dedicated to this brilliant army leader. The town centre of Tr\u017ei\u010d has been protected since 1985 as a cultural and historical monument and this is clear proof of its rich past and architecture, and due to its many little canals with bridges the town is often referred to as the \u2018Venice of Gorenjska\u2019. A staggering 80% of the municipality of Tr\u017ei\u010d is considered a protected area as part of the European Natura 2000 project, which aims to protect important areas where flora and fauna can thrive. The town and surrounding area is an excellent destination thanks to its breathtaking landscape, rich history and cultural heritage.<\/p>\n<p><a href=\"https:\/\/www.the-slovenia.com\/shop\/the-slovenia-book-bm6er\">THE Slovenia Book present&#8217;s Slovenia&#8217;s Top 100 Destinations, tons of interviews and Top 10 lists, hundreds of amazing photos and lots more! Click for more info.<\/a><\/p>\n<p>&#8220;&gt;<a href=\"https:\/\/the-slovenia.com\/product\/the-slovenia-book-top-100-destinations-3rd-edition\/\"><img decoding=\"async\" src=\"https:\/\/static1.squarespace.com\/static\/57dada2c3e00be0b2acfdea7\/t\/5b967e22b8a045c01ce1a114\/1536589396307\/The+Slovenia+Book.jpg?format=500w\" alt=\"THE Slovenia Book present's Slovenia's Top 100 Destinations, tons of interviews and Top 10 lists, hundreds of amazing photos and lots more! Click for more info.\" data-src=\"https:\/\/static1.squarespace.com\/static\/57dada2c3e00be0b2acfdea7\/t\/5b967e22b8a045c01ce1a114\/1536589396307\/The+Slovenia+Book.jpg\" data-image=\"https:\/\/static1.squarespace.com\/static\/57dada2c3e00be0b2acfdea7\/t\/5b967e22b8a045c01ce1a114\/1536589396307\/The+Slovenia+Book.jpg\" data-image-dimensions=\"362x376\" data-image-focal-point=\"0.5,0.5\" data-load=\"false\" data-image-id=\"5b967e22b8a045c01ce1a114\" data-type=\"image\" data-position-mode=\"standard\" data-image-resolution=\"500w\" \/><\/a><\/p>\n<p><a href=\"https:\/\/the-slovenia.com\/product\/the-slovenia-book-top-100-destinations-3rd-edition\/\">THE Slovenia Book present&#8217;s Slovenia&#8217;s Top 100 Destinations, tons of interviews and Top 10 lists, hundreds of amazing photos and lots more! Click for more info.<\/a><\/p>\n<p><strong>DOV\u017dANOVA SOTESKA GORGE:<\/strong> Just a short drive from Tr\u017ei\u010d in the heart of the Karavanke mountain range lays the Dov\u017eanova Soteska Gorge, a site of immense natural beauty. Throughout time the wild Tr\u017ei\u0161ka Bistrica River has cut itself deep into the limestone here, creating these unique spot and uncovering rich geological treasures. Since 1988, it has officially been a protected natural monument. A wide range of fossils and stones dating back to the Paleozoic era have been uncovered here and can still be found in and around the gorge. Most notable are fossils of the Schwagerina carniolica, a microorganism which used to thrive in a shallow sea that covered this area and can only be found here. It\u2019s advisable to take the educational path, which leads past all the geological highlights and ends at the Exhibition and Educational Centre in the small settlement of Dolina, where the staff can tell you everything about the origins of the fossils and creation of this breathtaking landscape. Nearby is the impressive sight of the Tr\u017ei\u0161ka Bistrica River cascading down huge flint rocks and some enormous limestone pyramids. Open from June until the end of October.<\/p>\n<p><strong>MAUTHAUSEN MEMORIAL PARK<\/strong>: The park is situated at the location where the Ljubelj concentration camp (part of Mauthausen) once stood. The camp was built to house the prisoners who were charged with carving out a 1.5km long tunnel through the Karavanke mountain range. Although there was also a small contingent of civilian engineers and workers, the largest part of the workforce consisted of political prisoners and captured combatants, who were forced to work on the tunnel in deplorable and inhumane conditions. Between 1943 and 1945 the mostly Polish, French, Russian, Yugoslav and Norwegian prisoners worked without any respite on the strategically important tunnel. Nowadays the site of the concentration camp, the only one on Slovene territory, is marked by an impressive sculpture. The monument is in the shape of a skeleton with a heart, raising its arms to the sky accompanied by the inscription on the pedestal: j\u2019accuse (I accuse). Across the road the foundations of a large part of the camp still remain and information signs specify the exact layout of the complex and the function of the buildings. In the cellar of the nearby Korean restaurant is a memorial room with an exhibition consisting of the prisoners\u2019 personal belongings, the tools they used and photographs of the camp and its detainees. The whole site is a monumental place, and we recommend visiting this historically important location. <strong>Info:<\/strong> <strong>www.visit-trzic.com\/en.<\/strong><\/p>\n<hr \/>\n<blockquote>\n<p><strong><em>TR\u017dI\u010c BY THE NUMBERS:<\/em><\/strong><\/p>\n<\/blockquote>\n<blockquote>\n<p><strong><em>Population (municipality): 15,620 \/ Population (town): 3,920 \/ Size: 155.4km2 \/ Municipal holiday: 12 December \/ Postcode: 4290 \/ Mayor: Borut Sajovic \/ Known for: Many Winter Olympians<\/em><\/strong><\/p>\n<\/blockquote>\n<hr \/>\n<figure class='gallery-item'>\n\t\t\t\t<a data-elementor-open-lightbox=\"default\" data-elementor-lightbox-slideshow=\"a9bdcac\" href='https:\/\/the-slovenia.com\/wp-content\/uploads\/2019\/04\/Tr\u017ei\u010d.jpg'><img loading=\"lazy\" decoding=\"async\" width=\"300\" height=\"300\" data-src=\"https:\/\/the-slovenia.com\/wp-content\/uploads\/2019\/04\/Tr\u017ei\u010d-300x300.jpg\" alt=\"\" data-srcset=\"https:\/\/the-slovenia.com\/wp-content\/uploads\/2019\/04\/Tr\u017ei\u010d-300x300.jpg 300w, https:\/\/the-slovenia.com\/wp-content\/uploads\/2019\/04\/Tr\u017ei\u010d-150x150.jpg 150w, https:\/\/the-slovenia.com\/wp-content\/uploads\/2019\/04\/Tr\u017ei\u010d-100x100.jpg 100w\" data-sizes=\"auto, (max-width: 300px) 100vw, 300px\" src=\"data:image\/gif;base64,R0lGODlhAQABAAAAACH5BAEKAAEALAAAAAABAAEAAAICTAEAOw==\" class=\"lazyload\" style=\"--smush-placeholder-width: 300px; --smush-placeholder-aspect-ratio: 300\/300;\" \/><noscript><img loading=\"lazy\" decoding=\"async\" width=\"300\" height=\"300\" src=\"https:\/\/the-slovenia.com\/wp-content\/uploads\/2019\/04\/Tr\u017ei\u010d-300x300.jpg\" alt=\"\" srcset=\"https:\/\/the-slovenia.com\/wp-content\/uploads\/2019\/04\/Tr\u017ei\u010d-300x300.jpg 300w, https:\/\/the-slovenia.com\/wp-content\/uploads\/2019\/04\/Tr\u017ei\u010d-150x150.jpg 150w, https:\/\/the-slovenia.com\/wp-content\/uploads\/2019\/04\/Tr\u017ei\u010d-100x100.jpg 100w\" sizes=\"auto, (max-width: 300px) 100vw, 300px\" \/><\/noscript><\/a><br \/>\n\t\t\t<\/figure>\n<figure class='gallery-item'>\n\t\t\t\t<a data-elementor-open-lightbox=\"default\" data-elementor-lightbox-slideshow=\"a9bdcac\" href='https:\/\/the-slovenia.com\/wp-content\/uploads\/2019\/04\/Tr\u017ei\u010d2.jpg'><img loading=\"lazy\" decoding=\"async\" width=\"300\" height=\"300\" data-src=\"https:\/\/the-slovenia.com\/wp-content\/uploads\/2019\/04\/Tr\u017ei\u010d2-300x300.jpg\" alt=\"\" data-srcset=\"https:\/\/the-slovenia.com\/wp-content\/uploads\/2019\/04\/Tr\u017ei\u010d2-300x300.jpg 300w, https:\/\/the-slovenia.com\/wp-content\/uploads\/2019\/04\/Tr\u017ei\u010d2-150x150.jpg 150w, https:\/\/the-slovenia.com\/wp-content\/uploads\/2019\/04\/Tr\u017ei\u010d2-100x100.jpg 100w\" data-sizes=\"auto, (max-width: 300px) 100vw, 300px\" src=\"data:image\/gif;base64,R0lGODlhAQABAAAAACH5BAEKAAEALAAAAAABAAEAAAICTAEAOw==\" class=\"lazyload\" style=\"--smush-placeholder-width: 300px; --smush-placeholder-aspect-ratio: 300\/300;\" \/><noscript><img loading=\"lazy\" decoding=\"async\" width=\"300\" height=\"300\" src=\"https:\/\/the-slovenia.com\/wp-content\/uploads\/2019\/04\/Tr\u017ei\u010d2-300x300.jpg\" alt=\"\" srcset=\"https:\/\/the-slovenia.com\/wp-content\/uploads\/2019\/04\/Tr\u017ei\u010d2-300x300.jpg 300w, https:\/\/the-slovenia.com\/wp-content\/uploads\/2019\/04\/Tr\u017ei\u010d2-150x150.jpg 150w, https:\/\/the-slovenia.com\/wp-content\/uploads\/2019\/04\/Tr\u017ei\u010d2-100x100.jpg 100w\" sizes=\"auto, (max-width: 300px) 100vw, 300px\" \/><\/noscript><\/a><br \/>\n\t\t\t<\/figure>\n<figure class='gallery-item'>\n\t\t\t\t<a data-elementor-open-lightbox=\"default\" data-elementor-lightbox-slideshow=\"a9bdcac\" href='https:\/\/the-slovenia.com\/wp-content\/uploads\/2019\/04\/Tr\u017ei\u010d3.jpg'><img loading=\"lazy\" decoding=\"async\" width=\"300\" height=\"300\" data-src=\"https:\/\/the-slovenia.com\/wp-content\/uploads\/2019\/04\/Tr\u017ei\u010d3-300x300.jpg\" alt=\"\" data-srcset=\"https:\/\/the-slovenia.com\/wp-content\/uploads\/2019\/04\/Tr\u017ei\u010d3-300x300.jpg 300w, https:\/\/the-slovenia.com\/wp-content\/uploads\/2019\/04\/Tr\u017ei\u010d3-150x150.jpg 150w, https:\/\/the-slovenia.com\/wp-content\/uploads\/2019\/04\/Tr\u017ei\u010d3-100x100.jpg 100w\" data-sizes=\"auto, (max-width: 300px) 100vw, 300px\" src=\"data:image\/gif;base64,R0lGODlhAQABAAAAACH5BAEKAAEALAAAAAABAAEAAAICTAEAOw==\" class=\"lazyload\" style=\"--smush-placeholder-width: 300px; --smush-placeholder-aspect-ratio: 300\/300;\" \/><noscript><img loading=\"lazy\" decoding=\"async\" width=\"300\" height=\"300\" src=\"https:\/\/the-slovenia.com\/wp-content\/uploads\/2019\/04\/Tr\u017ei\u010d3-300x300.jpg\" alt=\"\" srcset=\"https:\/\/the-slovenia.com\/wp-content\/uploads\/2019\/04\/Tr\u017ei\u010d3-300x300.jpg 300w, https:\/\/the-slovenia.com\/wp-content\/uploads\/2019\/04\/Tr\u017ei\u010d3-150x150.jpg 150w, https:\/\/the-slovenia.com\/wp-content\/uploads\/2019\/04\/Tr\u017ei\u010d3-100x100.jpg 100w\" sizes=\"auto, (max-width: 300px) 100vw, 300px\" \/><\/noscript><\/a><br \/>\n\t\t\t<\/figure>\n<figure class='gallery-item'>\n\t\t\t\t<a data-elementor-open-lightbox=\"default\" data-elementor-lightbox-slideshow=\"a9bdcac\" href='https:\/\/the-slovenia.com\/wp-content\/uploads\/2019\/04\/Tr\u017ei\u010d5.jpg'><img loading=\"lazy\" decoding=\"async\" width=\"300\" height=\"300\" data-src=\"https:\/\/the-slovenia.com\/wp-content\/uploads\/2019\/04\/Tr\u017ei\u010d5-300x300.jpg\" alt=\"\" data-srcset=\"https:\/\/the-slovenia.com\/wp-content\/uploads\/2019\/04\/Tr\u017ei\u010d5-300x300.jpg 300w, https:\/\/the-slovenia.com\/wp-content\/uploads\/2019\/04\/Tr\u017ei\u010d5-150x150.jpg 150w, https:\/\/the-slovenia.com\/wp-content\/uploads\/2019\/04\/Tr\u017ei\u010d5-100x100.jpg 100w\" data-sizes=\"auto, (max-width: 300px) 100vw, 300px\" src=\"data:image\/gif;base64,R0lGODlhAQABAAAAACH5BAEKAAEALAAAAAABAAEAAAICTAEAOw==\" class=\"lazyload\" style=\"--smush-placeholder-width: 300px; --smush-placeholder-aspect-ratio: 300\/300;\" \/><noscript><img loading=\"lazy\" decoding=\"async\" width=\"300\" height=\"300\" src=\"https:\/\/the-slovenia.com\/wp-content\/uploads\/2019\/04\/Tr\u017ei\u010d5-300x300.jpg\" alt=\"\" srcset=\"https:\/\/the-slovenia.com\/wp-content\/uploads\/2019\/04\/Tr\u017ei\u010d5-300x300.jpg 300w, https:\/\/the-slovenia.com\/wp-content\/uploads\/2019\/04\/Tr\u017ei\u010d5-150x150.jpg 150w, https:\/\/the-slovenia.com\/wp-content\/uploads\/2019\/04\/Tr\u017ei\u010d5-100x100.jpg 100w\" sizes=\"auto, (max-width: 300px) 100vw, 300px\" \/><\/noscript><\/a><br \/>\n\t\t\t<\/figure>\n<figure class='gallery-item'>\n\t\t\t\t<a data-elementor-open-lightbox=\"default\" data-elementor-lightbox-slideshow=\"a9bdcac\" href='https:\/\/the-slovenia.com\/wp-content\/uploads\/2019\/04\/Tr\u017ei\u010d6.jpg'><img loading=\"lazy\" decoding=\"async\" width=\"300\" height=\"300\" data-src=\"https:\/\/the-slovenia.com\/wp-content\/uploads\/2019\/04\/Tr\u017ei\u010d6-300x300.jpg\" alt=\"\" data-srcset=\"https:\/\/the-slovenia.com\/wp-content\/uploads\/2019\/04\/Tr\u017ei\u010d6-300x300.jpg 300w, https:\/\/the-slovenia.com\/wp-content\/uploads\/2019\/04\/Tr\u017ei\u010d6-150x150.jpg 150w, https:\/\/the-slovenia.com\/wp-content\/uploads\/2019\/04\/Tr\u017ei\u010d6-100x100.jpg 100w\" data-sizes=\"auto, (max-width: 300px) 100vw, 300px\" src=\"data:image\/gif;base64,R0lGODlhAQABAAAAACH5BAEKAAEALAAAAAABAAEAAAICTAEAOw==\" class=\"lazyload\" style=\"--smush-placeholder-width: 300px; --smush-placeholder-aspect-ratio: 300\/300;\" \/><noscript><img loading=\"lazy\" decoding=\"async\" width=\"300\" height=\"300\" src=\"https:\/\/the-slovenia.com\/wp-content\/uploads\/2019\/04\/Tr\u017ei\u010d6-300x300.jpg\" alt=\"\" srcset=\"https:\/\/the-slovenia.com\/wp-content\/uploads\/2019\/04\/Tr\u017ei\u010d6-300x300.jpg 300w, https:\/\/the-slovenia.com\/wp-content\/uploads\/2019\/04\/Tr\u017ei\u010d6-150x150.jpg 150w, https:\/\/the-slovenia.com\/wp-content\/uploads\/2019\/04\/Tr\u017ei\u010d6-100x100.jpg 100w\" sizes=\"auto, (max-width: 300px) 100vw, 300px\" \/><\/noscript><\/a><br \/>\n\t\t\t<\/figure>\n<figure class='gallery-item'>\n\t\t\t\t<a data-elementor-open-lightbox=\"default\" data-elementor-lightbox-slideshow=\"a9bdcac\" href='https:\/\/the-slovenia.com\/wp-content\/uploads\/2019\/04\/Tr\u017ei\u010d7.jpg'><img loading=\"lazy\" decoding=\"async\" width=\"300\" height=\"300\" data-src=\"https:\/\/the-slovenia.com\/wp-content\/uploads\/2019\/04\/Tr\u017ei\u010d7-300x300.jpg\" alt=\"\" data-srcset=\"https:\/\/the-slovenia.com\/wp-content\/uploads\/2019\/04\/Tr\u017ei\u010d7-300x300.jpg 300w, https:\/\/the-slovenia.com\/wp-content\/uploads\/2019\/04\/Tr\u017ei\u010d7-150x150.jpg 150w, https:\/\/the-slovenia.com\/wp-content\/uploads\/2019\/04\/Tr\u017ei\u010d7-100x100.jpg 100w\" data-sizes=\"auto, (max-width: 300px) 100vw, 300px\" src=\"data:image\/gif;base64,R0lGODlhAQABAAAAACH5BAEKAAEALAAAAAABAAEAAAICTAEAOw==\" class=\"lazyload\" style=\"--smush-placeholder-width: 300px; --smush-placeholder-aspect-ratio: 300\/300;\" \/><noscript><img loading=\"lazy\" decoding=\"async\" width=\"300\" height=\"300\" src=\"https:\/\/the-slovenia.com\/wp-content\/uploads\/2019\/04\/Tr\u017ei\u010d7-300x300.jpg\" alt=\"\" srcset=\"https:\/\/the-slovenia.com\/wp-content\/uploads\/2019\/04\/Tr\u017ei\u010d7-300x300.jpg 300w, https:\/\/the-slovenia.com\/wp-content\/uploads\/2019\/04\/Tr\u017ei\u010d7-150x150.jpg 150w, https:\/\/the-slovenia.com\/wp-content\/uploads\/2019\/04\/Tr\u017ei\u010d7-100x100.jpg 100w\" sizes=\"auto, (max-width: 300px) 100vw, 300px\" \/><\/noscript><\/a><br \/>\n\t\t\t<\/figure>\n<figure class='gallery-item'>\n\t\t\t\t<a data-elementor-open-lightbox=\"default\" data-elementor-lightbox-slideshow=\"a9bdcac\" href='https:\/\/the-slovenia.com\/wp-content\/uploads\/2019\/04\/Tr\u017ei\u010d9.jpg'><img loading=\"lazy\" decoding=\"async\" width=\"300\" height=\"300\" data-src=\"https:\/\/the-slovenia.com\/wp-content\/uploads\/2019\/04\/Tr\u017ei\u010d9-300x300.jpg\" alt=\"\" data-srcset=\"https:\/\/the-slovenia.com\/wp-content\/uploads\/2019\/04\/Tr\u017ei\u010d9-300x300.jpg 300w, https:\/\/the-slovenia.com\/wp-content\/uploads\/2019\/04\/Tr\u017ei\u010d9-150x150.jpg 150w, https:\/\/the-slovenia.com\/wp-content\/uploads\/2019\/04\/Tr\u017ei\u010d9-100x100.jpg 100w\" data-sizes=\"auto, (max-width: 300px) 100vw, 300px\" src=\"data:image\/gif;base64,R0lGODlhAQABAAAAACH5BAEKAAEALAAAAAABAAEAAAICTAEAOw==\" class=\"lazyload\" style=\"--smush-placeholder-width: 300px; --smush-placeholder-aspect-ratio: 300\/300;\" \/><noscript><img loading=\"lazy\" decoding=\"async\" width=\"300\" height=\"300\" src=\"https:\/\/the-slovenia.com\/wp-content\/uploads\/2019\/04\/Tr\u017ei\u010d9-300x300.jpg\" alt=\"\" srcset=\"https:\/\/the-slovenia.com\/wp-content\/uploads\/2019\/04\/Tr\u017ei\u010d9-300x300.jpg 300w, https:\/\/the-slovenia.com\/wp-content\/uploads\/2019\/04\/Tr\u017ei\u010d9-150x150.jpg 150w, https:\/\/the-slovenia.com\/wp-content\/uploads\/2019\/04\/Tr\u017ei\u010d9-100x100.jpg 100w\" sizes=\"auto, (max-width: 300px) 100vw, 300px\" \/><\/noscript><\/a><br \/>\n\t\t\t<\/figure>\n<p><strong>MUSEUM OF TR\u017dI\u010c<\/strong>: Located in a well-preserved 150 year-old manor once owned by the influential Pollak family, the museum presents a clear insight into the cultural and ethnographic heritage of the Tr\u017ei\u010d area through a variety of exhibits. Crafts like shoemaking, charcoal burning, leather tanning, wheel-making, weaving and dyeing have a long tradition and were important means of income in the region. The different guilds responsible for these professions were very influential in Tr\u017ei\u010d and their legacy can still be seen today. The exhibitions in the museum paint a vivid picture of how these traditional occupations were performed, as well as the living and working conditions of the workers. Very interesting and entertaining at the same time. <strong>Info: Muzejska 11, tel. +386 (0)4 53 15 176, trziski.muzej@guest.arnes.si, www.trziski-muzej.si.<\/strong><\/p>\n<p><strong>GORENJSKA PLA\u017dA<\/strong>: While Tr\u017ei\u010d\u2019s unofficial nickname Venice of the Alps might be a slight exaggeration, the town does now boast a modern swimming pool complex, which is a great place to relax in the sun beneath the green mountains towering above. The two pools comprise some 1,000m2 of total surface area, and include a shallow wading area for the little ones as well as a 50m lap pool for serious swimming enthusiasts. Parking, deck chairs and umbrellas are all free of charge, and there\u2019s even a small snack bar on hand where you can conveniently grab a quick bite or drink without having to put your clothes back on. <strong>Info: Marie aux Mines 11, +386 8 205 76 66, gorenjska.plaza@gmail.com, www.visit-trzic.com.<\/strong><\/p>\n<p><strong>CYCLING AROUND TR\u017dI\u010c<\/strong>: As well as the many hiking and skiing opportunities in the immediate area, there are also plenty of chances to enjoy the beauty of the region whilst simultaneously turning your leg muscles to iron with cycling routes for everyone from leisurely day-trippers to the most hardcore of enthusiasts. The routes have been well planned and thought about in great detail, providing visitors with opportunities galore that are guaranteed to keep everyone fi t and happy. Routes include everything from a stunning journey through the Dov\u017ean Gorge, a strenuous loop trail around Konj\u0161\u010dica and a more laid-back option through the wonderful Lom Valley suitable for cyclists of all ages and abilities. The extensive website at www.visit-trzic. com\/en\/paths\/cycling-routes provides detailed information about each route complete with maps and photographs.<\/p>\n<p><a href=\"https:\/\/www.the-slovenia.com\/shop\"><em><strong>To discover other unique places in Slovenia, check out THE SLOVENIA BOOK \u2013 AN INSIDER\u2019S GUIDE TO THE BEST OF SLOVENIA<\/strong><\/em><\/a><\/p>\n<!-- CONTENT END 1 -->\n","protected":false},"excerpt":{"rendered":"<p>Beautiful Tr\u017ei\u010d is situated near the ancient route that for centuries led over the Ljubelj pass and connected Carinthia with the plains of Gorenjska. Nowadays the route over the mountains may no longer be trodden (as travellers instead opt to use the tunnel which goes through the Karavanke mountain range), but Tr\u017ei\u010d has always profited [&hellip;]<\/p>\n","protected":false},"author":1,"featured_media":2051,"comment_status":"closed","ping_status":"closed","sticky":false,"template":"","format":"standard","meta":{"_acf_changed":false,"footnotes":""},"categories":[171,180],"tags":[],"class_list":{"0":"post-2050","1":"post","2":"type-post","3":"status-publish","4":"format-standard","5":"has-post-thumbnail","7":"category-best-of-slovenia","8":"category-slovenia"},"acf":[],"yoast_head":"<!-- This site is optimized with the Yoast SEO plugin v24.3 - https:\/\/yoast.com\/wordpress\/plugins\/seo\/ -->\n<title>TR\u017dI\u010c: A kingdom of pathways - THE Slovenia<\/title>\n<meta name=\"robots\" content=\"index, follow, max-snippet:-1, max-image-preview:large, max-video-preview:-1\" \/>\n<link rel=\"canonical\" href=\"https:\/\/the-slovenia.com\/slovenia\/best-of-slovenia\/trzic-a-kingdom-of-pathways\/\" \/>\n<meta property=\"og:locale\" content=\"en_US\" \/>\n<meta property=\"og:type\" content=\"article\" \/>\n<meta property=\"og:title\" content=\"TR\u017dI\u010c: A kingdom of pathways - THE Slovenia\" \/>\n<meta property=\"og:description\" content=\"Beautiful Tr\u017ei\u010d is situated near the ancient route that for centuries led over the Ljubelj pass and connected Carinthia with the plains of Gorenjska. Nowadays the route over the mountains may no longer be trodden (as travellers instead opt to use the tunnel which goes through the Karavanke mountain range), but Tr\u017ei\u010d has always profited [&hellip;]\" \/>\n<meta property=\"og:url\" content=\"https:\/\/the-slovenia.com\/slovenia\/best-of-slovenia\/trzic-a-kingdom-of-pathways\/\" \/>\n<meta property=\"og:site_name\" content=\"THE Slovenia\" \/>\n<meta property=\"article:publisher\" content=\"https:\/\/www.facebook.com\/THESLOVENIA\/?ref=br_rs\" \/>\n<meta property=\"article:published_time\" content=\"2019-01-26T00:35:49+00:00\" \/>\n<meta name=\"author\" content=\"theadmin\" \/>\n<meta name=\"twitter:card\" content=\"summary_large_image\" \/>\n<meta name=\"twitter:label1\" content=\"Written by\" \/>\n\t<meta name=\"twitter:data1\" content=\"theadmin\" \/>\n\t<meta name=\"twitter:label2\" content=\"Est. reading time\" \/>\n\t<meta name=\"twitter:data2\" content=\"6 minutes\" \/>\n<script type=\"application\/ld+json\" class=\"yoast-schema-graph\">{\"@context\":\"https:\/\/schema.org\",\"@graph\":[{\"@type\":\"Article\",\"@id\":\"https:\/\/the-slovenia.com\/slovenia\/best-of-slovenia\/trzic-a-kingdom-of-pathways\/#article\",\"isPartOf\":{\"@id\":\"https:\/\/the-slovenia.com\/slovenia\/best-of-slovenia\/trzic-a-kingdom-of-pathways\/\"},\"author\":{\"name\":\"theadmin\",\"@id\":\"https:\/\/the-slovenia.com\/#\/schema\/person\/0a86dc76cbfd2ed860cbb3461f653d91\"},\"headline\":\"TR\u017dI\u010c: A kingdom of pathways\",\"datePublished\":\"2019-01-26T00:35:49+00:00\",\"dateModified\":\"2019-01-26T00:35:49+00:00\",\"mainEntityOfPage\":{\"@id\":\"https:\/\/the-slovenia.com\/slovenia\/best-of-slovenia\/trzic-a-kingdom-of-pathways\/\"},\"wordCount\":1151,\"publisher\":{\"@id\":\"https:\/\/the-slovenia.com\/#organization\"},\"image\":{\"@id\":\"https:\/\/the-slovenia.com\/slovenia\/best-of-slovenia\/trzic-a-kingdom-of-pathways\/#primaryimage\"},\"thumbnailUrl\":\"\",\"articleSection\":[\"BEST OF SLOVENIA\",\"SLOVENIA\"],\"inLanguage\":\"en-US\"},{\"@type\":\"WebPage\",\"@id\":\"https:\/\/the-slovenia.com\/slovenia\/best-of-slovenia\/trzic-a-kingdom-of-pathways\/\",\"url\":\"https:\/\/the-slovenia.com\/slovenia\/best-of-slovenia\/trzic-a-kingdom-of-pathways\/\",\"name\":\"TR\u017dI\u010c: A kingdom of pathways - THE Slovenia\",\"isPartOf\":{\"@id\":\"https:\/\/the-slovenia.com\/#website\"},\"primaryImageOfPage\":{\"@id\":\"https:\/\/the-slovenia.com\/slovenia\/best-of-slovenia\/trzic-a-kingdom-of-pathways\/#primaryimage\"},\"image\":{\"@id\":\"https:\/\/the-slovenia.com\/slovenia\/best-of-slovenia\/trzic-a-kingdom-of-pathways\/#primaryimage\"},\"thumbnailUrl\":\"\",\"datePublished\":\"2019-01-26T00:35:49+00:00\",\"dateModified\":\"2019-01-26T00:35:49+00:00\",\"inLanguage\":\"en-US\",\"potentialAction\":[{\"@type\":\"ReadAction\",\"target\":[\"https:\/\/the-slovenia.com\/slovenia\/best-of-slovenia\/trzic-a-kingdom-of-pathways\/\"]}]},{\"@type\":\"ImageObject\",\"inLanguage\":\"en-US\",\"@id\":\"https:\/\/the-slovenia.com\/slovenia\/best-of-slovenia\/trzic-a-kingdom-of-pathways\/#primaryimage\",\"url\":\"\",\"contentUrl\":\"\"},{\"@type\":\"WebSite\",\"@id\":\"https:\/\/the-slovenia.com\/#website\",\"url\":\"https:\/\/the-slovenia.com\/\",\"name\":\"THE Slovenia\",\"description\":\"\",\"publisher\":{\"@id\":\"https:\/\/the-slovenia.com\/#organization\"},\"potentialAction\":[{\"@type\":\"SearchAction\",\"target\":{\"@type\":\"EntryPoint\",\"urlTemplate\":\"https:\/\/the-slovenia.com\/?s={search_term_string}\"},\"query-input\":{\"@type\":\"PropertyValueSpecification\",\"valueRequired\":true,\"valueName\":\"search_term_string\"}}],\"inLanguage\":\"en-US\"},{\"@type\":\"Organization\",\"@id\":\"https:\/\/the-slovenia.com\/#organization\",\"name\":\"THE Slovenia\",\"url\":\"https:\/\/the-slovenia.com\/\",\"logo\":{\"@type\":\"ImageObject\",\"inLanguage\":\"en-US\",\"@id\":\"https:\/\/the-slovenia.com\/#\/schema\/logo\/image\/\",\"url\":\"https:\/\/the-slovenia.com\/wp-content\/uploads\/2020\/02\/THE_logo_final_beli_napis.jpg\",\"contentUrl\":\"https:\/\/the-slovenia.com\/wp-content\/uploads\/2020\/02\/THE_logo_final_beli_napis.jpg\",\"width\":1535,\"height\":1574,\"caption\":\"THE Slovenia\"},\"image\":{\"@id\":\"https:\/\/the-slovenia.com\/#\/schema\/logo\/image\/\"},\"sameAs\":[\"https:\/\/www.facebook.com\/THESLOVENIA\/?ref=br_rs\",\"https:\/\/www.instagram.com\/the.slovenia\/\",\"https:\/\/www.linkedin.com\/company\/the-slovenia\/\"]},{\"@type\":\"Person\",\"@id\":\"https:\/\/the-slovenia.com\/#\/schema\/person\/0a86dc76cbfd2ed860cbb3461f653d91\",\"name\":\"theadmin\",\"image\":{\"@type\":\"ImageObject\",\"inLanguage\":\"en-US\",\"@id\":\"https:\/\/the-slovenia.com\/#\/schema\/person\/image\/\",\"url\":\"https:\/\/secure.gravatar.com\/avatar\/0e20ec9e2c5a701239f380685df7c94bcf45f48ce6f6af5c226567ebee123581?s=96&d=mm&r=g\",\"contentUrl\":\"https:\/\/secure.gravatar.com\/avatar\/0e20ec9e2c5a701239f380685df7c94bcf45f48ce6f6af5c226567ebee123581?s=96&d=mm&r=g\",\"caption\":\"theadmin\"},\"url\":\"https:\/\/the-slovenia.com\/en\/author\/theadmin\/\"}]}<\/script>\n<!-- \/ Yoast SEO plugin. -->","yoast_head_json":{"title":"TR\u017dI\u010c: A kingdom of pathways - THE Slovenia","robots":{"index":"index","follow":"follow","max-snippet":"max-snippet:-1","max-image-preview":"max-image-preview:large","max-video-preview":"max-video-preview:-1"},"canonical":"https:\/\/the-slovenia.com\/slovenia\/best-of-slovenia\/trzic-a-kingdom-of-pathways\/","og_locale":"en_US","og_type":"article","og_title":"TR\u017dI\u010c: A kingdom of pathways - THE Slovenia","og_description":"Beautiful Tr\u017ei\u010d is situated near the ancient route that for centuries led over the Ljubelj pass and connected Carinthia with the plains of Gorenjska. Nowadays the route over the mountains may no longer be trodden (as travellers instead opt to use the tunnel which goes through the Karavanke mountain range), but Tr\u017ei\u010d has always profited [&hellip;]","og_url":"https:\/\/the-slovenia.com\/slovenia\/best-of-slovenia\/trzic-a-kingdom-of-pathways\/","og_site_name":"THE Slovenia","article_publisher":"https:\/\/www.facebook.com\/THESLOVENIA\/?ref=br_rs","article_published_time":"2019-01-26T00:35:49+00:00","author":"theadmin","twitter_card":"summary_large_image","twitter_misc":{"Written by":"theadmin","Est. reading time":"6 minutes"},"schema":{"@context":"https:\/\/schema.org","@graph":[{"@type":"Article","@id":"https:\/\/the-slovenia.com\/slovenia\/best-of-slovenia\/trzic-a-kingdom-of-pathways\/#article","isPartOf":{"@id":"https:\/\/the-slovenia.com\/slovenia\/best-of-slovenia\/trzic-a-kingdom-of-pathways\/"},"author":{"name":"theadmin","@id":"https:\/\/the-slovenia.com\/#\/schema\/person\/0a86dc76cbfd2ed860cbb3461f653d91"},"headline":"TR\u017dI\u010c: A kingdom of pathways","datePublished":"2019-01-26T00:35:49+00:00","dateModified":"2019-01-26T00:35:49+00:00","mainEntityOfPage":{"@id":"https:\/\/the-slovenia.com\/slovenia\/best-of-slovenia\/trzic-a-kingdom-of-pathways\/"},"wordCount":1151,"publisher":{"@id":"https:\/\/the-slovenia.com\/#organization"},"image":{"@id":"https:\/\/the-slovenia.com\/slovenia\/best-of-slovenia\/trzic-a-kingdom-of-pathways\/#primaryimage"},"thumbnailUrl":"","articleSection":["BEST OF SLOVENIA","SLOVENIA"],"inLanguage":"en-US"},{"@type":"WebPage","@id":"https:\/\/the-slovenia.com\/slovenia\/best-of-slovenia\/trzic-a-kingdom-of-pathways\/","url":"https:\/\/the-slovenia.com\/slovenia\/best-of-slovenia\/trzic-a-kingdom-of-pathways\/","name":"TR\u017dI\u010c: A kingdom of pathways - THE Slovenia","isPartOf":{"@id":"https:\/\/the-slovenia.com\/#website"},"primaryImageOfPage":{"@id":"https:\/\/the-slovenia.com\/slovenia\/best-of-slovenia\/trzic-a-kingdom-of-pathways\/#primaryimage"},"image":{"@id":"https:\/\/the-slovenia.com\/slovenia\/best-of-slovenia\/trzic-a-kingdom-of-pathways\/#primaryimage"},"thumbnailUrl":"","datePublished":"2019-01-26T00:35:49+00:00","dateModified":"2019-01-26T00:35:49+00:00","inLanguage":"en-US","potentialAction":[{"@type":"ReadAction","target":["https:\/\/the-slovenia.com\/slovenia\/best-of-slovenia\/trzic-a-kingdom-of-pathways\/"]}]},{"@type":"ImageObject","inLanguage":"en-US","@id":"https:\/\/the-slovenia.com\/slovenia\/best-of-slovenia\/trzic-a-kingdom-of-pathways\/#primaryimage","url":"","contentUrl":""},{"@type":"WebSite","@id":"https:\/\/the-slovenia.com\/#website","url":"https:\/\/the-slovenia.com\/","name":"THE Slovenia","description":"","publisher":{"@id":"https:\/\/the-slovenia.com\/#organization"},"potentialAction":[{"@type":"SearchAction","target":{"@type":"EntryPoint","urlTemplate":"https:\/\/the-slovenia.com\/?s={search_term_string}"},"query-input":{"@type":"PropertyValueSpecification","valueRequired":true,"valueName":"search_term_string"}}],"inLanguage":"en-US"},{"@type":"Organization","@id":"https:\/\/the-slovenia.com\/#organization","name":"THE Slovenia","url":"https:\/\/the-slovenia.com\/","logo":{"@type":"ImageObject","inLanguage":"en-US","@id":"https:\/\/the-slovenia.com\/#\/schema\/logo\/image\/","url":"https:\/\/the-slovenia.com\/wp-content\/uploads\/2020\/02\/THE_logo_final_beli_napis.jpg","contentUrl":"https:\/\/the-slovenia.com\/wp-content\/uploads\/2020\/02\/THE_logo_final_beli_napis.jpg","width":1535,"height":1574,"caption":"THE Slovenia"},"image":{"@id":"https:\/\/the-slovenia.com\/#\/schema\/logo\/image\/"},"sameAs":["https:\/\/www.facebook.com\/THESLOVENIA\/?ref=br_rs","https:\/\/www.instagram.com\/the.slovenia\/","https:\/\/www.linkedin.com\/company\/the-slovenia\/"]},{"@type":"Person","@id":"https:\/\/the-slovenia.com\/#\/schema\/person\/0a86dc76cbfd2ed860cbb3461f653d91","name":"theadmin","image":{"@type":"ImageObject","inLanguage":"en-US","@id":"https:\/\/the-slovenia.com\/#\/schema\/person\/image\/","url":"https:\/\/secure.gravatar.com\/avatar\/0e20ec9e2c5a701239f380685df7c94bcf45f48ce6f6af5c226567ebee123581?s=96&d=mm&r=g","contentUrl":"https:\/\/secure.gravatar.com\/avatar\/0e20ec9e2c5a701239f380685df7c94bcf45f48ce6f6af5c226567ebee123581?s=96&d=mm&r=g","caption":"theadmin"},"url":"https:\/\/the-slovenia.com\/en\/author\/theadmin\/"}]}},"_links":{"self":[{"href":"https:\/\/the-slovenia.com\/en\/wp-json\/wp\/v2\/posts\/2050","targetHints":{"allow":["GET"]}}],"collection":[{"href":"https:\/\/the-slovenia.com\/en\/wp-json\/wp\/v2\/posts"}],"about":[{"href":"https:\/\/the-slovenia.com\/en\/wp-json\/wp\/v2\/types\/post"}],"author":[{"embeddable":true,"href":"https:\/\/the-slovenia.com\/en\/wp-json\/wp\/v2\/users\/1"}],"replies":[{"embeddable":true,"href":"https:\/\/the-slovenia.com\/en\/wp-json\/wp\/v2\/comments?post=2050"}],"version-history":[{"count":0,"href":"https:\/\/the-slovenia.com\/en\/wp-json\/wp\/v2\/posts\/2050\/revisions"}],"wp:featuredmedia":[{"embeddable":true,"href":"https:\/\/the-slovenia.com\/en\/wp-json\/"}],"wp:attachment":[{"href":"https:\/\/the-slovenia.com\/en\/wp-json\/wp\/v2\/media?parent=2050"}],"wp:term":[{"taxonomy":"category","embeddable":true,"href":"https:\/\/the-slovenia.com\/en\/wp-json\/wp\/v2\/categories?post=2050"},{"taxonomy":"post_tag","embeddable":true,"href":"https:\/\/the-slovenia.com\/en\/wp-json\/wp\/v2\/tags?post=2050"}],"curies":[{"name":"wp","href":"https:\/\/api.w.org\/{rel}","templated":true}]}}