{"id":187657,"date":"2026-03-03T13:02:38","date_gmt":"2026-03-03T12:02:38","guid":{"rendered":"https:\/\/the-slovenia.com\/?p=187657"},"modified":"2026-03-13T13:16:08","modified_gmt":"2026-03-13T12:16:08","slug":"ljubljana-named-europes-best-creative-city-destination-2026","status":"publish","type":"post","link":"https:\/\/the-slovenia.com\/en\/slovenia\/ljubljana-central-slovenia\/ljubljana-named-europes-best-creative-city-destination-2026\/","title":{"rendered":"Ljubljana Named Europe&#8217;s Best Creative City Destination 2026"},"content":{"rendered":"<p>Ljubljana has been awarded the title of Europe&#8217;s Best Creative City Destination 2026 at the 13th Creative Tourism Awards. A total of 223 candidates from 28 countries competed for the awards presented by the Creative Tourism Network this year. In its justification, the international jury highlighted that Ljubljana systematically integrates creativity into its identity, tourism strategy, and long-term urban development. The city builds its tourism offer on rich cultural heritage in cooperation with local creators, supports a diverse range of events in public spaces, and fosters the development of cultural districts. Through these efforts, it disperses visitor flows, enables authentic experiences for residents and visitors, and contributes to the balanced development of tourism in the city.<\/p><figure class=\"wp-block-image size-large\"><a href=\"https:\/\/the-slovenia.com\/wp-content\/uploads\/2026\/03\/Creative-Ljubljana_EvilEve_2_2025_Primoz-Lukezic_Ljubljana-Tourism__FocusFillWyIwLjAwIiwiMC4wMCIsMTkyMCwxMDQwXQ.jpg\"><img loading=\"lazy\" decoding=\"async\" width=\"1024\" height=\"555\" data-src=\"https:\/\/the-slovenia.com\/wp-content\/uploads\/2026\/03\/Creative-Ljubljana_EvilEve_2_2025_Primoz-Lukezic_Ljubljana-Tourism__FocusFillWyIwLjAwIiwiMC4wMCIsMTkyMCwxMDQwXQ-1024x555.jpg\" alt=\"\" class=\"wp-image-187658 lazyload\" data-srcset=\"https:\/\/the-slovenia.com\/wp-content\/uploads\/2026\/03\/Creative-Ljubljana_EvilEve_2_2025_Primoz-Lukezic_Ljubljana-Tourism__FocusFillWyIwLjAwIiwiMC4wMCIsMTkyMCwxMDQwXQ-1024x555.jpg 1024w, https:\/\/the-slovenia.com\/wp-content\/uploads\/2026\/03\/Creative-Ljubljana_EvilEve_2_2025_Primoz-Lukezic_Ljubljana-Tourism__FocusFillWyIwLjAwIiwiMC4wMCIsMTkyMCwxMDQwXQ-300x163.jpg 300w, https:\/\/the-slovenia.com\/wp-content\/uploads\/2026\/03\/Creative-Ljubljana_EvilEve_2_2025_Primoz-Lukezic_Ljubljana-Tourism__FocusFillWyIwLjAwIiwiMC4wMCIsMTkyMCwxMDQwXQ-768x416.jpg 768w, https:\/\/the-slovenia.com\/wp-content\/uploads\/2026\/03\/Creative-Ljubljana_EvilEve_2_2025_Primoz-Lukezic_Ljubljana-Tourism__FocusFillWyIwLjAwIiwiMC4wMCIsMTkyMCwxMDQwXQ-1536x832.jpg 1536w, https:\/\/the-slovenia.com\/wp-content\/uploads\/2026\/03\/Creative-Ljubljana_EvilEve_2_2025_Primoz-Lukezic_Ljubljana-Tourism__FocusFillWyIwLjAwIiwiMC4wMCIsMTkyMCwxMDQwXQ-775x420.jpg 775w, https:\/\/the-slovenia.com\/wp-content\/uploads\/2026\/03\/Creative-Ljubljana_EvilEve_2_2025_Primoz-Lukezic_Ljubljana-Tourism__FocusFillWyIwLjAwIiwiMC4wMCIsMTkyMCwxMDQwXQ-150x81.jpg 150w, https:\/\/the-slovenia.com\/wp-content\/uploads\/2026\/03\/Creative-Ljubljana_EvilEve_2_2025_Primoz-Lukezic_Ljubljana-Tourism__FocusFillWyIwLjAwIiwiMC4wMCIsMTkyMCwxMDQwXQ-696x377.jpg 696w, https:\/\/the-slovenia.com\/wp-content\/uploads\/2026\/03\/Creative-Ljubljana_EvilEve_2_2025_Primoz-Lukezic_Ljubljana-Tourism__FocusFillWyIwLjAwIiwiMC4wMCIsMTkyMCwxMDQwXQ-1068x580.jpg 1068w, https:\/\/the-slovenia.com\/wp-content\/uploads\/2026\/03\/Creative-Ljubljana_EvilEve_2_2025_Primoz-Lukezic_Ljubljana-Tourism__FocusFillWyIwLjAwIiwiMC4wMCIsMTkyMCwxMDQwXQ-600x325.jpg 600w, https:\/\/the-slovenia.com\/wp-content\/uploads\/2026\/03\/Creative-Ljubljana_EvilEve_2_2025_Primoz-Lukezic_Ljubljana-Tourism__FocusFillWyIwLjAwIiwiMC4wMCIsMTkyMCwxMDQwXQ.jpg 1920w\" data-sizes=\"auto, (max-width: 1024px) 100vw, 1024px\" src=\"data:image\/gif;base64,R0lGODlhAQABAAAAACH5BAEKAAEALAAAAAABAAEAAAICTAEAOw==\" style=\"--smush-placeholder-width: 1024px; --smush-placeholder-aspect-ratio: 1024\/555;\" \/><noscript><img loading=\"lazy\" decoding=\"async\" width=\"1024\" height=\"555\" src=\"https:\/\/the-slovenia.com\/wp-content\/uploads\/2026\/03\/Creative-Ljubljana_EvilEve_2_2025_Primoz-Lukezic_Ljubljana-Tourism__FocusFillWyIwLjAwIiwiMC4wMCIsMTkyMCwxMDQwXQ-1024x555.jpg\" alt=\"\" class=\"wp-image-187658\" srcset=\"https:\/\/the-slovenia.com\/wp-content\/uploads\/2026\/03\/Creative-Ljubljana_EvilEve_2_2025_Primoz-Lukezic_Ljubljana-Tourism__FocusFillWyIwLjAwIiwiMC4wMCIsMTkyMCwxMDQwXQ-1024x555.jpg 1024w, https:\/\/the-slovenia.com\/wp-content\/uploads\/2026\/03\/Creative-Ljubljana_EvilEve_2_2025_Primoz-Lukezic_Ljubljana-Tourism__FocusFillWyIwLjAwIiwiMC4wMCIsMTkyMCwxMDQwXQ-300x163.jpg 300w, https:\/\/the-slovenia.com\/wp-content\/uploads\/2026\/03\/Creative-Ljubljana_EvilEve_2_2025_Primoz-Lukezic_Ljubljana-Tourism__FocusFillWyIwLjAwIiwiMC4wMCIsMTkyMCwxMDQwXQ-768x416.jpg 768w, https:\/\/the-slovenia.com\/wp-content\/uploads\/2026\/03\/Creative-Ljubljana_EvilEve_2_2025_Primoz-Lukezic_Ljubljana-Tourism__FocusFillWyIwLjAwIiwiMC4wMCIsMTkyMCwxMDQwXQ-1536x832.jpg 1536w, https:\/\/the-slovenia.com\/wp-content\/uploads\/2026\/03\/Creative-Ljubljana_EvilEve_2_2025_Primoz-Lukezic_Ljubljana-Tourism__FocusFillWyIwLjAwIiwiMC4wMCIsMTkyMCwxMDQwXQ-775x420.jpg 775w, https:\/\/the-slovenia.com\/wp-content\/uploads\/2026\/03\/Creative-Ljubljana_EvilEve_2_2025_Primoz-Lukezic_Ljubljana-Tourism__FocusFillWyIwLjAwIiwiMC4wMCIsMTkyMCwxMDQwXQ-150x81.jpg 150w, https:\/\/the-slovenia.com\/wp-content\/uploads\/2026\/03\/Creative-Ljubljana_EvilEve_2_2025_Primoz-Lukezic_Ljubljana-Tourism__FocusFillWyIwLjAwIiwiMC4wMCIsMTkyMCwxMDQwXQ-696x377.jpg 696w, https:\/\/the-slovenia.com\/wp-content\/uploads\/2026\/03\/Creative-Ljubljana_EvilEve_2_2025_Primoz-Lukezic_Ljubljana-Tourism__FocusFillWyIwLjAwIiwiMC4wMCIsMTkyMCwxMDQwXQ-1068x580.jpg 1068w, https:\/\/the-slovenia.com\/wp-content\/uploads\/2026\/03\/Creative-Ljubljana_EvilEve_2_2025_Primoz-Lukezic_Ljubljana-Tourism__FocusFillWyIwLjAwIiwiMC4wMCIsMTkyMCwxMDQwXQ-600x325.jpg 600w, https:\/\/the-slovenia.com\/wp-content\/uploads\/2026\/03\/Creative-Ljubljana_EvilEve_2_2025_Primoz-Lukezic_Ljubljana-Tourism__FocusFillWyIwLjAwIiwiMC4wMCIsMTkyMCwxMDQwXQ.jpg 1920w\" sizes=\"auto, (max-width: 1024px) 100vw, 1024px\" \/><\/noscript><\/a><figcaption class=\"wp-element-caption\">\u00a9\u00a0<em>Primo\u017e Luke\u017ei\u010d<\/em><\/figcaption><\/figure><h2 class=\"wp-block-heading\">Creative Ljubljana<\/h2><p>In their Tourism Development Strategy, Ljubljana Tourism defined a vision for Ljubljana to become by 2027 the world\u2019s leading and most creative city destination for a sustainable lifestyle. Creative atmosphere has been identified as one of the city\u2019s unique selling points, distinguishing Ljubljana from other destinations. A rich cultural offer, a vibrant creative sector, and an artistic community -including artists, designers, architects, musicians, filmmakers, digital innovators, and craftspeople &#8211; significantly contribute to the city\u2019s identity and to the quality of life for both residents and visitors.<\/p><p>Creativity in the capital is also reflected in innovative experiential tourism products, such as creative handicraft workshops with masters of traditional crafts, hands-on creation at Center Rog, and immersive experiences in the studios and ateliers of contemporary creators. Creativity is further embodied in LUV Fest, the festival of love, art, and wandering, which features a rich programme of concerts, theatre and opera performances, dance, themed city tours, exhibitions, workshops, and social events. The programme is co-created by a wide range of partners, from cultural institutions, craftspeople, NGOs, and artists to retailers, hoteliers, restaurateurs, and youth. Through artistic installations and other urban interventions, the festival also promotes the creative use of public space.<\/p><p>Ljubljana strengthens creativity through annual co-financing of events held in public spaces of the Municipality of Ljubljana, supporting both well-established festivals and smaller community events. This ensures vibrant cultural activity throughout the year and across all parts of the city. The city further reinforces its creative identity by developing cultural quarters outside the city centre, which are becoming increasingly recognisable micro-destinations with their own character and offering visitors authentic experiences beyond established tourist routes.<\/p><h2 class=\"wp-block-heading\">Creative Tourism Awards<\/h2><p>This year, 223 candidates from 28 countries competed for the Creative Tourism Awards. An international jury composed of experts in tourism marketing and the creative economy evaluated candidates based on the originality of experiences, collaboration with local creators, and integration of sustainability principles. Since 2014, the awards have been presented by the Creative Tourism Network and are considered among the more prestigious international recognitions in the field of creative tourism. They are intended for destinations, projects, and companies that place creativity at the heart of their tourism strategies. The mission of the awards is to highlight initiatives that promote authentic, participatory experiences and contribute to improving the local environment and community.<\/p><h2 class=\"wp-block-heading\">Creative Tourism Network<\/h2><p>The Creative Tourism Network is a non-profit organisation dedicated to the development of creative tourism worldwide. It was founded in 2010 with the support of the European Union. The network connects destinations, tourism professionals, cultural institutions, and creative industries, fostering the development and promotion of creative tourism globally. It aims to increase the visibility and sustainability of creative tourism while encouraging the creation of culturally rich experiences for visitors and generating regenerative value for local communities worldwide.<\/p><p>https:\/\/www.visitljubljana.com\/<\/p><p><\/p><p><\/p><!-- CONTENT END 1 -->\n","protected":false},"excerpt":{"rendered":"<p>Ljubljana has been awarded the title of Europe&#8217;s Best Creative City Destination 2026 at the 13th Creative Tourism Awards. A total of 223 candidates from 28 countries competed for the awards presented by the Creative Tourism Network this year. In its justification, the international jury highlighted that Ljubljana systematically integrates creativity into its identity, tourism [&hellip;]<\/p>\n","protected":false},"author":14,"featured_media":187658,"comment_status":"closed","ping_status":"open","sticky":false,"template":"","format":"standard","meta":{"_acf_changed":false,"footnotes":""},"categories":[2077,179,2112],"tags":[],"class_list":{"0":"post-187657","1":"post","2":"type-post","3":"status-publish","4":"format-standard","5":"has-post-thumbnail","7":"category-living-in-slovenia","8":"category-ljubljana-central-slovenia","9":"category-slovenia-news"},"acf":[],"yoast_head":"<!-- This site is optimized with the Yoast SEO plugin v24.3 - https:\/\/yoast.com\/wordpress\/plugins\/seo\/ -->\n<title>Ljubljana Named Europe&#039;s Best Creative City Destination 2026 - THE Slovenia<\/title>\n<meta name=\"robots\" content=\"index, follow, max-snippet:-1, max-image-preview:large, max-video-preview:-1\" \/>\n<link rel=\"canonical\" href=\"https:\/\/the-slovenia.com\/en\/slovenia\/ljubljana-central-slovenia\/ljubljana-named-europes-best-creative-city-destination-2026\/\" \/>\n<meta property=\"og:locale\" content=\"en_US\" \/>\n<meta property=\"og:type\" content=\"article\" \/>\n<meta property=\"og:title\" content=\"Ljubljana Named Europe&#039;s Best Creative City Destination 2026 - THE Slovenia\" \/>\n<meta property=\"og:description\" content=\"Ljubljana has been awarded the title of Europe&#8217;s Best Creative City Destination 2026 at the 13th Creative Tourism Awards. A total of 223 candidates from 28 countries competed for the awards presented by the Creative Tourism Network this year. In its justification, the international jury highlighted that Ljubljana systematically integrates creativity into its identity, tourism [&hellip;]\" \/>\n<meta property=\"og:url\" content=\"https:\/\/the-slovenia.com\/en\/slovenia\/ljubljana-central-slovenia\/ljubljana-named-europes-best-creative-city-destination-2026\/\" \/>\n<meta property=\"og:site_name\" content=\"THE Slovenia\" \/>\n<meta property=\"article:publisher\" content=\"https:\/\/www.facebook.com\/THESLOVENIA\/?ref=br_rs\" \/>\n<meta property=\"article:published_time\" content=\"2026-03-03T12:02:38+00:00\" \/>\n<meta property=\"article:modified_time\" content=\"2026-03-13T12:16:08+00:00\" \/>\n<meta property=\"og:image\" content=\"https:\/\/the-slovenia.com\/wp-content\/uploads\/2026\/03\/Creative-Ljubljana_EvilEve_2_2025_Primoz-Lukezic_Ljubljana-Tourism__FocusFillWyIwLjAwIiwiMC4wMCIsMTkyMCwxMDQwXQ.jpg\" \/>\n\t<meta property=\"og:image:width\" content=\"1920\" \/>\n\t<meta property=\"og:image:height\" content=\"1040\" \/>\n\t<meta property=\"og:image:type\" content=\"image\/jpeg\" \/>\n<meta name=\"author\" content=\"Irena Jamnikar\" \/>\n<meta name=\"twitter:card\" content=\"summary_large_image\" \/>\n<meta name=\"twitter:label1\" content=\"Written by\" \/>\n\t<meta name=\"twitter:data1\" content=\"Irena Jamnikar\" \/>\n\t<meta name=\"twitter:label2\" content=\"Est. reading time\" \/>\n\t<meta name=\"twitter:data2\" content=\"4 minutes\" \/>\n<script type=\"application\/ld+json\" class=\"yoast-schema-graph\">{\"@context\":\"https:\/\/schema.org\",\"@graph\":[{\"@type\":\"Article\",\"@id\":\"https:\/\/the-slovenia.com\/en\/slovenia\/ljubljana-central-slovenia\/ljubljana-named-europes-best-creative-city-destination-2026\/#article\",\"isPartOf\":{\"@id\":\"https:\/\/the-slovenia.com\/en\/slovenia\/ljubljana-central-slovenia\/ljubljana-named-europes-best-creative-city-destination-2026\/\"},\"author\":{\"name\":\"Irena Jamnikar\",\"@id\":\"https:\/\/the-slovenia.com\/#\/schema\/person\/5189e79f32e785834ca82a625a03141a\"},\"headline\":\"Ljubljana Named Europe&#8217;s Best Creative City Destination 2026\",\"datePublished\":\"2026-03-03T12:02:38+00:00\",\"dateModified\":\"2026-03-13T12:16:08+00:00\",\"mainEntityOfPage\":{\"@id\":\"https:\/\/the-slovenia.com\/en\/slovenia\/ljubljana-central-slovenia\/ljubljana-named-europes-best-creative-city-destination-2026\/\"},\"wordCount\":593,\"publisher\":{\"@id\":\"https:\/\/the-slovenia.com\/#organization\"},\"image\":{\"@id\":\"https:\/\/the-slovenia.com\/en\/slovenia\/ljubljana-central-slovenia\/ljubljana-named-europes-best-creative-city-destination-2026\/#primaryimage\"},\"thumbnailUrl\":\"https:\/\/the-slovenia.com\/wp-content\/uploads\/2026\/03\/Creative-Ljubljana_EvilEve_2_2025_Primoz-Lukezic_Ljubljana-Tourism__FocusFillWyIwLjAwIiwiMC4wMCIsMTkyMCwxMDQwXQ.jpg\",\"articleSection\":[\"LIVING IN SLOVENIA\",\"LJUBLJANA &amp; CENTRAL SLOVENIA\",\"SLOVENIA NEWS\"],\"inLanguage\":\"en-US\"},{\"@type\":\"WebPage\",\"@id\":\"https:\/\/the-slovenia.com\/en\/slovenia\/ljubljana-central-slovenia\/ljubljana-named-europes-best-creative-city-destination-2026\/\",\"url\":\"https:\/\/the-slovenia.com\/en\/slovenia\/ljubljana-central-slovenia\/ljubljana-named-europes-best-creative-city-destination-2026\/\",\"name\":\"Ljubljana Named Europe's Best Creative City Destination 2026 - THE Slovenia\",\"isPartOf\":{\"@id\":\"https:\/\/the-slovenia.com\/#website\"},\"primaryImageOfPage\":{\"@id\":\"https:\/\/the-slovenia.com\/en\/slovenia\/ljubljana-central-slovenia\/ljubljana-named-europes-best-creative-city-destination-2026\/#primaryimage\"},\"image\":{\"@id\":\"https:\/\/the-slovenia.com\/en\/slovenia\/ljubljana-central-slovenia\/ljubljana-named-europes-best-creative-city-destination-2026\/#primaryimage\"},\"thumbnailUrl\":\"https:\/\/the-slovenia.com\/wp-content\/uploads\/2026\/03\/Creative-Ljubljana_EvilEve_2_2025_Primoz-Lukezic_Ljubljana-Tourism__FocusFillWyIwLjAwIiwiMC4wMCIsMTkyMCwxMDQwXQ.jpg\",\"datePublished\":\"2026-03-03T12:02:38+00:00\",\"dateModified\":\"2026-03-13T12:16:08+00:00\",\"inLanguage\":\"en-US\",\"potentialAction\":[{\"@type\":\"ReadAction\",\"target\":[\"https:\/\/the-slovenia.com\/en\/slovenia\/ljubljana-central-slovenia\/ljubljana-named-europes-best-creative-city-destination-2026\/\"]}]},{\"@type\":\"ImageObject\",\"inLanguage\":\"en-US\",\"@id\":\"https:\/\/the-slovenia.com\/en\/slovenia\/ljubljana-central-slovenia\/ljubljana-named-europes-best-creative-city-destination-2026\/#primaryimage\",\"url\":\"https:\/\/the-slovenia.com\/wp-content\/uploads\/2026\/03\/Creative-Ljubljana_EvilEve_2_2025_Primoz-Lukezic_Ljubljana-Tourism__FocusFillWyIwLjAwIiwiMC4wMCIsMTkyMCwxMDQwXQ.jpg\",\"contentUrl\":\"https:\/\/the-slovenia.com\/wp-content\/uploads\/2026\/03\/Creative-Ljubljana_EvilEve_2_2025_Primoz-Lukezic_Ljubljana-Tourism__FocusFillWyIwLjAwIiwiMC4wMCIsMTkyMCwxMDQwXQ.jpg\",\"width\":1920,\"height\":1040},{\"@type\":\"WebSite\",\"@id\":\"https:\/\/the-slovenia.com\/#website\",\"url\":\"https:\/\/the-slovenia.com\/\",\"name\":\"THE Slovenia\",\"description\":\"\",\"publisher\":{\"@id\":\"https:\/\/the-slovenia.com\/#organization\"},\"potentialAction\":[{\"@type\":\"SearchAction\",\"target\":{\"@type\":\"EntryPoint\",\"urlTemplate\":\"https:\/\/the-slovenia.com\/?s={search_term_string}\"},\"query-input\":{\"@type\":\"PropertyValueSpecification\",\"valueRequired\":true,\"valueName\":\"search_term_string\"}}],\"inLanguage\":\"en-US\"},{\"@type\":\"Organization\",\"@id\":\"https:\/\/the-slovenia.com\/#organization\",\"name\":\"THE Slovenia\",\"url\":\"https:\/\/the-slovenia.com\/\",\"logo\":{\"@type\":\"ImageObject\",\"inLanguage\":\"en-US\",\"@id\":\"https:\/\/the-slovenia.com\/#\/schema\/logo\/image\/\",\"url\":\"https:\/\/the-slovenia.com\/wp-content\/uploads\/2020\/02\/THE_logo_final_beli_napis.jpg\",\"contentUrl\":\"https:\/\/the-slovenia.com\/wp-content\/uploads\/2020\/02\/THE_logo_final_beli_napis.jpg\",\"width\":1535,\"height\":1574,\"caption\":\"THE Slovenia\"},\"image\":{\"@id\":\"https:\/\/the-slovenia.com\/#\/schema\/logo\/image\/\"},\"sameAs\":[\"https:\/\/www.facebook.com\/THESLOVENIA\/?ref=br_rs\",\"https:\/\/www.instagram.com\/the.slovenia\/\",\"https:\/\/www.linkedin.com\/company\/the-slovenia\/\"]},{\"@type\":\"Person\",\"@id\":\"https:\/\/the-slovenia.com\/#\/schema\/person\/5189e79f32e785834ca82a625a03141a\",\"name\":\"Irena Jamnikar\",\"image\":{\"@type\":\"ImageObject\",\"inLanguage\":\"en-US\",\"@id\":\"https:\/\/the-slovenia.com\/#\/schema\/person\/image\/\",\"url\":\"https:\/\/secure.gravatar.com\/avatar\/5755eb6d0fb73ee570e3adebb092695c7e9e12d0f5be4a1c28d251b9ae01c892?s=96&d=mm&r=g\",\"contentUrl\":\"https:\/\/secure.gravatar.com\/avatar\/5755eb6d0fb73ee570e3adebb092695c7e9e12d0f5be4a1c28d251b9ae01c892?s=96&d=mm&r=g\",\"caption\":\"Irena Jamnikar\"},\"url\":\"https:\/\/the-slovenia.com\/en\/author\/theirena\/\"}]}<\/script>\n<!-- \/ Yoast SEO plugin. -->","yoast_head_json":{"title":"Ljubljana Named Europe's Best Creative City Destination 2026 - THE Slovenia","robots":{"index":"index","follow":"follow","max-snippet":"max-snippet:-1","max-image-preview":"max-image-preview:large","max-video-preview":"max-video-preview:-1"},"canonical":"https:\/\/the-slovenia.com\/en\/slovenia\/ljubljana-central-slovenia\/ljubljana-named-europes-best-creative-city-destination-2026\/","og_locale":"en_US","og_type":"article","og_title":"Ljubljana Named Europe's Best Creative City Destination 2026 - THE Slovenia","og_description":"Ljubljana has been awarded the title of Europe&#8217;s Best Creative City Destination 2026 at the 13th Creative Tourism Awards. A total of 223 candidates from 28 countries competed for the awards presented by the Creative Tourism Network this year. In its justification, the international jury highlighted that Ljubljana systematically integrates creativity into its identity, tourism [&hellip;]","og_url":"https:\/\/the-slovenia.com\/en\/slovenia\/ljubljana-central-slovenia\/ljubljana-named-europes-best-creative-city-destination-2026\/","og_site_name":"THE Slovenia","article_publisher":"https:\/\/www.facebook.com\/THESLOVENIA\/?ref=br_rs","article_published_time":"2026-03-03T12:02:38+00:00","article_modified_time":"2026-03-13T12:16:08+00:00","og_image":[{"width":1920,"height":1040,"url":"https:\/\/the-slovenia.com\/wp-content\/uploads\/2026\/03\/Creative-Ljubljana_EvilEve_2_2025_Primoz-Lukezic_Ljubljana-Tourism__FocusFillWyIwLjAwIiwiMC4wMCIsMTkyMCwxMDQwXQ.jpg","type":"image\/jpeg"}],"author":"Irena Jamnikar","twitter_card":"summary_large_image","twitter_misc":{"Written by":"Irena Jamnikar","Est. reading time":"4 minutes"},"schema":{"@context":"https:\/\/schema.org","@graph":[{"@type":"Article","@id":"https:\/\/the-slovenia.com\/en\/slovenia\/ljubljana-central-slovenia\/ljubljana-named-europes-best-creative-city-destination-2026\/#article","isPartOf":{"@id":"https:\/\/the-slovenia.com\/en\/slovenia\/ljubljana-central-slovenia\/ljubljana-named-europes-best-creative-city-destination-2026\/"},"author":{"name":"Irena Jamnikar","@id":"https:\/\/the-slovenia.com\/#\/schema\/person\/5189e79f32e785834ca82a625a03141a"},"headline":"Ljubljana Named Europe&#8217;s Best Creative City Destination 2026","datePublished":"2026-03-03T12:02:38+00:00","dateModified":"2026-03-13T12:16:08+00:00","mainEntityOfPage":{"@id":"https:\/\/the-slovenia.com\/en\/slovenia\/ljubljana-central-slovenia\/ljubljana-named-europes-best-creative-city-destination-2026\/"},"wordCount":593,"publisher":{"@id":"https:\/\/the-slovenia.com\/#organization"},"image":{"@id":"https:\/\/the-slovenia.com\/en\/slovenia\/ljubljana-central-slovenia\/ljubljana-named-europes-best-creative-city-destination-2026\/#primaryimage"},"thumbnailUrl":"https:\/\/the-slovenia.com\/wp-content\/uploads\/2026\/03\/Creative-Ljubljana_EvilEve_2_2025_Primoz-Lukezic_Ljubljana-Tourism__FocusFillWyIwLjAwIiwiMC4wMCIsMTkyMCwxMDQwXQ.jpg","articleSection":["LIVING IN SLOVENIA","LJUBLJANA &amp; CENTRAL SLOVENIA","SLOVENIA NEWS"],"inLanguage":"en-US"},{"@type":"WebPage","@id":"https:\/\/the-slovenia.com\/en\/slovenia\/ljubljana-central-slovenia\/ljubljana-named-europes-best-creative-city-destination-2026\/","url":"https:\/\/the-slovenia.com\/en\/slovenia\/ljubljana-central-slovenia\/ljubljana-named-europes-best-creative-city-destination-2026\/","name":"Ljubljana Named Europe's Best Creative City Destination 2026 - THE Slovenia","isPartOf":{"@id":"https:\/\/the-slovenia.com\/#website"},"primaryImageOfPage":{"@id":"https:\/\/the-slovenia.com\/en\/slovenia\/ljubljana-central-slovenia\/ljubljana-named-europes-best-creative-city-destination-2026\/#primaryimage"},"image":{"@id":"https:\/\/the-slovenia.com\/en\/slovenia\/ljubljana-central-slovenia\/ljubljana-named-europes-best-creative-city-destination-2026\/#primaryimage"},"thumbnailUrl":"https:\/\/the-slovenia.com\/wp-content\/uploads\/2026\/03\/Creative-Ljubljana_EvilEve_2_2025_Primoz-Lukezic_Ljubljana-Tourism__FocusFillWyIwLjAwIiwiMC4wMCIsMTkyMCwxMDQwXQ.jpg","datePublished":"2026-03-03T12:02:38+00:00","dateModified":"2026-03-13T12:16:08+00:00","inLanguage":"en-US","potentialAction":[{"@type":"ReadAction","target":["https:\/\/the-slovenia.com\/en\/slovenia\/ljubljana-central-slovenia\/ljubljana-named-europes-best-creative-city-destination-2026\/"]}]},{"@type":"ImageObject","inLanguage":"en-US","@id":"https:\/\/the-slovenia.com\/en\/slovenia\/ljubljana-central-slovenia\/ljubljana-named-europes-best-creative-city-destination-2026\/#primaryimage","url":"https:\/\/the-slovenia.com\/wp-content\/uploads\/2026\/03\/Creative-Ljubljana_EvilEve_2_2025_Primoz-Lukezic_Ljubljana-Tourism__FocusFillWyIwLjAwIiwiMC4wMCIsMTkyMCwxMDQwXQ.jpg","contentUrl":"https:\/\/the-slovenia.com\/wp-content\/uploads\/2026\/03\/Creative-Ljubljana_EvilEve_2_2025_Primoz-Lukezic_Ljubljana-Tourism__FocusFillWyIwLjAwIiwiMC4wMCIsMTkyMCwxMDQwXQ.jpg","width":1920,"height":1040},{"@type":"WebSite","@id":"https:\/\/the-slovenia.com\/#website","url":"https:\/\/the-slovenia.com\/","name":"THE Slovenia","description":"","publisher":{"@id":"https:\/\/the-slovenia.com\/#organization"},"potentialAction":[{"@type":"SearchAction","target":{"@type":"EntryPoint","urlTemplate":"https:\/\/the-slovenia.com\/?s={search_term_string}"},"query-input":{"@type":"PropertyValueSpecification","valueRequired":true,"valueName":"search_term_string"}}],"inLanguage":"en-US"},{"@type":"Organization","@id":"https:\/\/the-slovenia.com\/#organization","name":"THE Slovenia","url":"https:\/\/the-slovenia.com\/","logo":{"@type":"ImageObject","inLanguage":"en-US","@id":"https:\/\/the-slovenia.com\/#\/schema\/logo\/image\/","url":"https:\/\/the-slovenia.com\/wp-content\/uploads\/2020\/02\/THE_logo_final_beli_napis.jpg","contentUrl":"https:\/\/the-slovenia.com\/wp-content\/uploads\/2020\/02\/THE_logo_final_beli_napis.jpg","width":1535,"height":1574,"caption":"THE Slovenia"},"image":{"@id":"https:\/\/the-slovenia.com\/#\/schema\/logo\/image\/"},"sameAs":["https:\/\/www.facebook.com\/THESLOVENIA\/?ref=br_rs","https:\/\/www.instagram.com\/the.slovenia\/","https:\/\/www.linkedin.com\/company\/the-slovenia\/"]},{"@type":"Person","@id":"https:\/\/the-slovenia.com\/#\/schema\/person\/5189e79f32e785834ca82a625a03141a","name":"Irena Jamnikar","image":{"@type":"ImageObject","inLanguage":"en-US","@id":"https:\/\/the-slovenia.com\/#\/schema\/person\/image\/","url":"https:\/\/secure.gravatar.com\/avatar\/5755eb6d0fb73ee570e3adebb092695c7e9e12d0f5be4a1c28d251b9ae01c892?s=96&d=mm&r=g","contentUrl":"https:\/\/secure.gravatar.com\/avatar\/5755eb6d0fb73ee570e3adebb092695c7e9e12d0f5be4a1c28d251b9ae01c892?s=96&d=mm&r=g","caption":"Irena Jamnikar"},"url":"https:\/\/the-slovenia.com\/en\/author\/theirena\/"}]}},"_links":{"self":[{"href":"https:\/\/the-slovenia.com\/en\/wp-json\/wp\/v2\/posts\/187657","targetHints":{"allow":["GET"]}}],"collection":[{"href":"https:\/\/the-slovenia.com\/en\/wp-json\/wp\/v2\/posts"}],"about":[{"href":"https:\/\/the-slovenia.com\/en\/wp-json\/wp\/v2\/types\/post"}],"author":[{"embeddable":true,"href":"https:\/\/the-slovenia.com\/en\/wp-json\/wp\/v2\/users\/14"}],"replies":[{"embeddable":true,"href":"https:\/\/the-slovenia.com\/en\/wp-json\/wp\/v2\/comments?post=187657"}],"version-history":[{"count":2,"href":"https:\/\/the-slovenia.com\/en\/wp-json\/wp\/v2\/posts\/187657\/revisions"}],"predecessor-version":[{"id":187661,"href":"https:\/\/the-slovenia.com\/en\/wp-json\/wp\/v2\/posts\/187657\/revisions\/187661"}],"wp:featuredmedia":[{"embeddable":true,"href":"https:\/\/the-slovenia.com\/en\/wp-json\/wp\/v2\/media\/187658"}],"wp:attachment":[{"href":"https:\/\/the-slovenia.com\/en\/wp-json\/wp\/v2\/media?parent=187657"}],"wp:term":[{"taxonomy":"category","embeddable":true,"href":"https:\/\/the-slovenia.com\/en\/wp-json\/wp\/v2\/categories?post=187657"},{"taxonomy":"post_tag","embeddable":true,"href":"https:\/\/the-slovenia.com\/en\/wp-json\/wp\/v2\/tags?post=187657"}],"curies":[{"name":"wp","href":"https:\/\/api.w.org\/{rel}","templated":true}]}}