{"id":179684,"date":"2025-08-05T14:54:34","date_gmt":"2025-08-05T12:54:34","guid":{"rendered":"https:\/\/the-slovenia.com\/news\/the-slovenia-top-news-of-the-week-24-7-2-copy-2\/"},"modified":"2025-08-05T15:00:50","modified_gmt":"2025-08-05T13:00:50","slug":"the-slovenia-top-news-of-the-week-24-7-2-copy-2","status":"publish","type":"post","link":"https:\/\/the-slovenia.com\/en\/slovenia-news\/the-slovenia-top-news-of-the-week-24-7-2-copy-2\/","title":{"rendered":"The Slovenia Top News of the Week 24\/7 &#8211; June\/ July 2025"},"content":{"rendered":"<p><strong>Each week, we bring you the most relevant stories from across Slovenia, from politics and business to culture, tourism, and local events. Curated from verified sources like the Slovenian government, official tourism boards, and trusted news outlets, this newsletter aims to present a balanced, engaging snapshot of what\u2019s happening right now \u2013 with a distinctly Slovenian flavor.<\/strong><\/p><h2 class=\"wp-block-heading\"><strong>Tadej Poga\u010dar Wins Fourth Tour de France, Slovenian Cycling Shines Again <\/strong>\ud83d\udeb4\u200d\u2642\ufe0f<\/h2><p>Slovenia\u2019s cycling superstar <strong>Tadej Poga\u010dar<\/strong> has once again captured the world\u2019s attention\u2014clinching his <strong>fourth Tour de France title<\/strong> at just 26\u202fyears old. He finished with an overall time of <strong>76\u202fh\u202f00\u2032\u202f32\u2033<\/strong>, comfortably ahead of rival <strong>Jonas Vingegaard<\/strong> by 4\u202fminutes\u202f24\u202fseconds. Despite heavy rain neutralizing the final stage\u2019s general classification, Poga\u010dar fearlessly attacked the <strong>Montmartre climbs<\/strong> in a dramatic finale, ultimately finishing fourth while <strong>Wout van Aert<\/strong> claimed the stage win.<\/p><p>Throughout the three toughest weeks of racing, Poga\u010dar demonstrated his versatility with <strong>four stage victories<\/strong>, including a decisive time trial up Peyragudes and a powerful solo win in the Pyrenees on Hautacam. He also secured the <strong>King of the Mountains (polka-dot) jersey<\/strong>, added to points leaderboard success, and now stands with <strong>21 career Tour de France stage wins<\/strong>\u2014a record for any rider under 27.<\/p><figure class=\"wp-block-image size-large\"><a href=\"https:\/\/the-slovenia.com\/wp-content\/uploads\/2025\/07\/image-80-scaled.png\"><img loading=\"lazy\" decoding=\"async\" width=\"1024\" height=\"672\" data-src=\"https:\/\/the-slovenia.com\/wp-content\/uploads\/2025\/07\/image-80-1024x672.png\" alt=\"\" class=\"wp-image-179484 lazyload\" data-srcset=\"https:\/\/the-slovenia.com\/wp-content\/uploads\/2025\/07\/image-80-1024x672.png 1024w, https:\/\/the-slovenia.com\/wp-content\/uploads\/2025\/07\/image-80-300x197.png 300w, https:\/\/the-slovenia.com\/wp-content\/uploads\/2025\/07\/image-80-768x504.png 768w, https:\/\/the-slovenia.com\/wp-content\/uploads\/2025\/07\/image-80-1536x1008.png 1536w, https:\/\/the-slovenia.com\/wp-content\/uploads\/2025\/07\/image-80-2048x1343.png 2048w, https:\/\/the-slovenia.com\/wp-content\/uploads\/2025\/07\/image-80-640x420.png 640w, https:\/\/the-slovenia.com\/wp-content\/uploads\/2025\/07\/image-80-150x98.png 150w, https:\/\/the-slovenia.com\/wp-content\/uploads\/2025\/07\/image-80-696x457.png 696w, https:\/\/the-slovenia.com\/wp-content\/uploads\/2025\/07\/image-80-1068x701.png 1068w, https:\/\/the-slovenia.com\/wp-content\/uploads\/2025\/07\/image-80-1920x1260.png 1920w, https:\/\/the-slovenia.com\/wp-content\/uploads\/2025\/07\/image-80-741x486.png 741w, https:\/\/the-slovenia.com\/wp-content\/uploads\/2025\/07\/image-80-600x394.png 600w\" data-sizes=\"auto, (max-width: 1024px) 100vw, 1024px\" src=\"data:image\/gif;base64,R0lGODlhAQABAAAAACH5BAEKAAEALAAAAAABAAEAAAICTAEAOw==\" style=\"--smush-placeholder-width: 1024px; --smush-placeholder-aspect-ratio: 1024\/672;\" \/><noscript><img loading=\"lazy\" decoding=\"async\" width=\"1024\" height=\"672\" src=\"https:\/\/the-slovenia.com\/wp-content\/uploads\/2025\/07\/image-80-1024x672.png\" alt=\"\" class=\"wp-image-179484\" srcset=\"https:\/\/the-slovenia.com\/wp-content\/uploads\/2025\/07\/image-80-1024x672.png 1024w, https:\/\/the-slovenia.com\/wp-content\/uploads\/2025\/07\/image-80-300x197.png 300w, https:\/\/the-slovenia.com\/wp-content\/uploads\/2025\/07\/image-80-768x504.png 768w, https:\/\/the-slovenia.com\/wp-content\/uploads\/2025\/07\/image-80-1536x1008.png 1536w, https:\/\/the-slovenia.com\/wp-content\/uploads\/2025\/07\/image-80-2048x1343.png 2048w, https:\/\/the-slovenia.com\/wp-content\/uploads\/2025\/07\/image-80-640x420.png 640w, https:\/\/the-slovenia.com\/wp-content\/uploads\/2025\/07\/image-80-150x98.png 150w, https:\/\/the-slovenia.com\/wp-content\/uploads\/2025\/07\/image-80-696x457.png 696w, https:\/\/the-slovenia.com\/wp-content\/uploads\/2025\/07\/image-80-1068x701.png 1068w, https:\/\/the-slovenia.com\/wp-content\/uploads\/2025\/07\/image-80-1920x1260.png 1920w, https:\/\/the-slovenia.com\/wp-content\/uploads\/2025\/07\/image-80-741x486.png 741w, https:\/\/the-slovenia.com\/wp-content\/uploads\/2025\/07\/image-80-600x394.png 600w\" sizes=\"auto, (max-width: 1024px) 100vw, 1024px\" \/><\/noscript><\/a><figcaption class=\"wp-element-caption\">Tadej Poga\u010dar Tour de France 2025 winner<\/figcaption><\/figure><div class=\"vlp-link-container vlp-layout-basic wp-block-visual-link-preview-link\"><a href=\"https:\/\/the-slovenia.com\/en\/gifts\/the-best-gifts-from-slovenia\/\" class=\"vlp-link\" title=\"The Best Gifts from Slovenia\"><\/a><div class=\"vlp-layout-zone-side\"><div class=\"vlp-block-2 vlp-link-image\"><img loading=\"lazy\" decoding=\"async\" style=\"--smush-placeholder-width: 150px; --smush-placeholder-aspect-ratio: 150\/100;max-width: 150px;\" width=\"150\" height=\"100\" data-src=\"https:\/\/the-slovenia.com\/wp-content\/uploads\/2024\/12\/20241025_0066.webp\" class=\"attachment-150x999 size-150x999 lazyload\" alt=\"\" data-srcset=\"https:\/\/the-slovenia.com\/wp-content\/uploads\/2024\/12\/20241025_0066.webp 480w, https:\/\/the-slovenia.com\/wp-content\/uploads\/2024\/12\/20241025_0066-300x200.webp 300w, https:\/\/the-slovenia.com\/wp-content\/uploads\/2024\/12\/20241025_0066-150x100.webp 150w\" data-sizes=\"auto, (max-width: 150px) 100vw, 150px\" src=\"data:image\/gif;base64,R0lGODlhAQABAAAAACH5BAEKAAEALAAAAAABAAEAAAICTAEAOw==\" \/><noscript><img loading=\"lazy\" decoding=\"async\" style=\"--smush-placeholder-width: 150px; --smush-placeholder-aspect-ratio: 150\/100;max-width: 150px;\" width=\"150\" height=\"100\" data-src=\"https:\/\/the-slovenia.com\/wp-content\/uploads\/2024\/12\/20241025_0066.webp\" class=\"attachment-150x999 size-150x999 lazyload\" alt=\"\" data-srcset=\"https:\/\/the-slovenia.com\/wp-content\/uploads\/2024\/12\/20241025_0066.webp 480w, https:\/\/the-slovenia.com\/wp-content\/uploads\/2024\/12\/20241025_0066-300x200.webp 300w, https:\/\/the-slovenia.com\/wp-content\/uploads\/2024\/12\/20241025_0066-150x100.webp 150w\" data-sizes=\"auto, (max-width: 150px) 100vw, 150px\" src=\"data:image\/gif;base64,R0lGODlhAQABAAAAACH5BAEKAAEALAAAAAABAAEAAAICTAEAOw==\" \/><noscript><img loading=\"lazy\" decoding=\"async\" style=\"max-width: 150px;\" width=\"150\" height=\"100\" src=\"https:\/\/the-slovenia.com\/wp-content\/uploads\/2024\/12\/20241025_0066.webp\" class=\"attachment-150x999 size-150x999\" alt=\"\" srcset=\"https:\/\/the-slovenia.com\/wp-content\/uploads\/2024\/12\/20241025_0066.webp 480w, https:\/\/the-slovenia.com\/wp-content\/uploads\/2024\/12\/20241025_0066-300x200.webp 300w, https:\/\/the-slovenia.com\/wp-content\/uploads\/2024\/12\/20241025_0066-150x100.webp 150w\" sizes=\"auto, (max-width: 150px) 100vw, 150px\" \/><\/noscript><\/noscript><\/div><\/div><div class=\"vlp-layout-zone-main\"><div class=\"vlp-block-0 vlp-link-title\">The Best Gifts from Slovenia<\/div><div class=\"vlp-block-1 vlp-link-summary\">Slovenia, a country of rich cultural heritage and breathtaking landscapes, offers an array of unique gifts that perfectly blend tradition with modern creativity. In 2025, thoughtful and sustainable gifting remains more popular than ever, making Slovenian artisanal products an excellent choice for souvenirs or special presents. From locally crafted delicacies to eco-friendly innovations and exquisite handmade designs, each gift embodies the spirit of Slovenia\u2019s craftsmanship and heritage. Whether you&#8217;re looking for something timeless or trendy, here are the top gifts to bring home from Slovenia this year. Equa Water Bottles Equa is a Slovenian brand renowned for its stylish and [&hellip;]<\/div><\/div><\/div><h2 class=\"wp-block-heading\"><strong>Slovenia legalises medical marijuana<\/strong><\/h2><p>Slovenia\u2019s National Assembly has passed landmark legislation legalising medical cannabis, positioning it among Europe\u2019s most progressive nations. On 15 July 2025, 50 of 81 deputies voted in favor, 29 against, with two abstentions. <\/p><p>The new law fully regulates the cultivation, production, distribution and use of <em>Cannabis sativa<\/em> L. for <strong>medical and scientific purposes<\/strong>. A licensing system allows public and private entities to apply for permits to grow and process cannabis under strict quality and safety standards. Within ninety days, a government decree will remove cannabis plant material, resin, extracts and THC from Slovenia\u2019s list of prohibited substances.<\/p><p><strong>The Public Agency for Medicines and Medical Devices<\/strong> will oversee cultivation and production licenses, while the Ministry of Health will issue research permits. Doctors can prescribe medical cannabis for any clinically appropriate condition, and patients will collect prescriptions at pharmacies with a \u2018cannabis card\u2019 instead of traditional narcotics protocols. The vote follows a non-binding <strong>referendum in June 2024<\/strong>, where <strong>66.7 percent of voters supported medical use<\/strong>. Industry forecasts predict the market will grow four percent annually, reaching \u20ac55 million by <strong>2029<\/strong>. Advocates say the law will boost innovation, create jobs and establish Slovenia as a regional hub for medical cannabis research and development.<\/p><figure class=\"wp-block-image size-large\"><a href=\"https:\/\/the-slovenia.com\/wp-content\/uploads\/2025\/07\/image-65.png\"><img loading=\"lazy\" decoding=\"async\" width=\"1024\" height=\"576\" data-src=\"https:\/\/the-slovenia.com\/wp-content\/uploads\/2025\/07\/image-65-1024x576.png\" alt=\"\" class=\"wp-image-179156 lazyload\" data-srcset=\"https:\/\/the-slovenia.com\/wp-content\/uploads\/2025\/07\/image-65-1024x576.png 1024w, https:\/\/the-slovenia.com\/wp-content\/uploads\/2025\/07\/image-65-300x169.png 300w, https:\/\/the-slovenia.com\/wp-content\/uploads\/2025\/07\/image-65-768x432.png 768w, https:\/\/the-slovenia.com\/wp-content\/uploads\/2025\/07\/image-65-747x420.png 747w, https:\/\/the-slovenia.com\/wp-content\/uploads\/2025\/07\/image-65-150x84.png 150w, https:\/\/the-slovenia.com\/wp-content\/uploads\/2025\/07\/image-65-696x392.png 696w, https:\/\/the-slovenia.com\/wp-content\/uploads\/2025\/07\/image-65-1068x601.png 1068w, https:\/\/the-slovenia.com\/wp-content\/uploads\/2025\/07\/image-65-600x338.png 600w, https:\/\/the-slovenia.com\/wp-content\/uploads\/2025\/07\/image-65.png 1280w\" data-sizes=\"auto, (max-width: 1024px) 100vw, 1024px\" src=\"data:image\/gif;base64,R0lGODlhAQABAAAAACH5BAEKAAEALAAAAAABAAEAAAICTAEAOw==\" style=\"--smush-placeholder-width: 1024px; --smush-placeholder-aspect-ratio: 1024\/576;\" \/><noscript><img loading=\"lazy\" decoding=\"async\" width=\"1024\" height=\"576\" src=\"https:\/\/the-slovenia.com\/wp-content\/uploads\/2025\/07\/image-65-1024x576.png\" alt=\"\" class=\"wp-image-179156\" srcset=\"https:\/\/the-slovenia.com\/wp-content\/uploads\/2025\/07\/image-65-1024x576.png 1024w, https:\/\/the-slovenia.com\/wp-content\/uploads\/2025\/07\/image-65-300x169.png 300w, https:\/\/the-slovenia.com\/wp-content\/uploads\/2025\/07\/image-65-768x432.png 768w, https:\/\/the-slovenia.com\/wp-content\/uploads\/2025\/07\/image-65-747x420.png 747w, https:\/\/the-slovenia.com\/wp-content\/uploads\/2025\/07\/image-65-150x84.png 150w, https:\/\/the-slovenia.com\/wp-content\/uploads\/2025\/07\/image-65-696x392.png 696w, https:\/\/the-slovenia.com\/wp-content\/uploads\/2025\/07\/image-65-1068x601.png 1068w, https:\/\/the-slovenia.com\/wp-content\/uploads\/2025\/07\/image-65-600x338.png 600w, https:\/\/the-slovenia.com\/wp-content\/uploads\/2025\/07\/image-65.png 1280w\" sizes=\"auto, (max-width: 1024px) 100vw, 1024px\" \/><\/noscript><\/a><figcaption class=\"wp-element-caption\">Mariujana is legalised in Slovenia!<\/figcaption><\/figure><h2 class=\"wp-block-heading\"><strong>Slovenia First in EU to Expel Two Israeli Ministers Over Human-Rights Concerns<\/strong><\/h2><p>Slovenia\u2019s government\u2014at Foreign Minister Tanja Fajon\u2019s urging\u2014declared far-right Israeli Ministers Itamar Ben-Gvir and Bezalel Smotrich personae non gratae, citing their incendiary rhetoric and calls for violence against Palestinians. By taking this unprecedented step, Slovenia has underlined its commitment to human-rights principles and strengthened its reputation as a principled, proactive EU and NATO partner.<\/p><p><a href=\"https:\/\/www.gov.si\/en\/news\/2025-07-17-162nd-regular-session-of-the-government-of-the-republic-of-slovenia\/\">More informations here.<\/a><\/p><figure class=\"wp-block-image size-full is-resized\"><a href=\"https:\/\/the-slovenia.com\/wp-content\/uploads\/2025\/07\/image-64.png\"><img loading=\"lazy\" decoding=\"async\" width=\"680\" height=\"453\" data-src=\"https:\/\/the-slovenia.com\/wp-content\/uploads\/2025\/07\/image-64.png\" alt=\"\" class=\"wp-image-179154 lazyload\" style=\"--smush-placeholder-width: 680px; --smush-placeholder-aspect-ratio: 680\/453;width:903px;height:auto\" data-srcset=\"https:\/\/the-slovenia.com\/wp-content\/uploads\/2025\/07\/image-64.png 680w, https:\/\/the-slovenia.com\/wp-content\/uploads\/2025\/07\/image-64-300x200.png 300w, https:\/\/the-slovenia.com\/wp-content\/uploads\/2025\/07\/image-64-630x420.png 630w, https:\/\/the-slovenia.com\/wp-content\/uploads\/2025\/07\/image-64-150x100.png 150w, https:\/\/the-slovenia.com\/wp-content\/uploads\/2025\/07\/image-64-600x400.png 600w\" data-sizes=\"auto, (max-width: 680px) 100vw, 680px\" src=\"data:image\/gif;base64,R0lGODlhAQABAAAAACH5BAEKAAEALAAAAAABAAEAAAICTAEAOw==\" \/><noscript><img loading=\"lazy\" decoding=\"async\" width=\"680\" height=\"453\" src=\"https:\/\/the-slovenia.com\/wp-content\/uploads\/2025\/07\/image-64.png\" alt=\"\" class=\"wp-image-179154\" style=\"width:903px;height:auto\" srcset=\"https:\/\/the-slovenia.com\/wp-content\/uploads\/2025\/07\/image-64.png 680w, https:\/\/the-slovenia.com\/wp-content\/uploads\/2025\/07\/image-64-300x200.png 300w, https:\/\/the-slovenia.com\/wp-content\/uploads\/2025\/07\/image-64-630x420.png 630w, https:\/\/the-slovenia.com\/wp-content\/uploads\/2025\/07\/image-64-150x100.png 150w, https:\/\/the-slovenia.com\/wp-content\/uploads\/2025\/07\/image-64-600x400.png 600w\" sizes=\"auto, (max-width: 680px) 100vw, 680px\" \/><\/noscript><\/a><figcaption class=\"wp-element-caption\">news from Slovenia<\/figcaption><\/figure><h2 class=\"wp-block-heading\"><strong>Slovenia\u2019s Largest Brewery Marks 200 Years of Brewing Heritage<\/strong><\/h2><p>This year, <strong>Pivovarna La\u0161ko Union<\/strong>, Slovenia\u2019s largest and most storied brewery, proudly toasts its <strong>200th anniversary<\/strong>, celebrating two centuries of crafting the nation\u2019s favorite lagers. Founded in 1825 by Franz Geyer as a modest craft brewer of traditional steinbier, La\u0161ko grew steadily through innovative ownerships\u2014surviving two world wars and Yugoslav nationalization\u2014to become a cornerstone of Slovenian identity. Today, under the Heineken umbrella, the brewery not only produces over a million hectoliters of beer annually but also offers immersive experiences: guided tours of its historic Malting Hall, tastings in a modern brewing museum, and even beer-inspired wellness treatments at nearby Thermana La\u0161ko. From the fist-shaking camaraderie of its famous La\u0161ko Zlatorog pils to its role in regional culture and tourism, Pivovarna La\u0161ko Union\u2019s bicentennial is more than a milestone\u2014it\u2019s an invitation to savour Slovenia\u2019s rich brewing tradition.<\/p><div class=\"vlp-link-container vlp-layout-basic wp-block-visual-link-preview-link\"><a href=\"https:\/\/the-slovenia.com\/en\/events-in-ljubljana\/beer-experience-of-ljubljana\/\" class=\"vlp-link\" title=\"Beer experience of Ljubljana\"><\/a><div class=\"vlp-layout-zone-side\"><div class=\"vlp-block-2 vlp-link-image\"><img loading=\"lazy\" decoding=\"async\" style=\"--smush-placeholder-width: 150px; --smush-placeholder-aspect-ratio: 150\/95;max-width: 150px;\" width=\"150\" height=\"95\" data-src=\"https:\/\/the-slovenia.com\/wp-content\/uploads\/2024\/11\/group-happy-friends-drinking-toasting-600nw-1085215253-1.webp\" class=\"attachment-150x999 size-150x999 lazyload\" alt=\"\" data-srcset=\"https:\/\/the-slovenia.com\/wp-content\/uploads\/2024\/11\/group-happy-friends-drinking-toasting-600nw-1085215253-1.webp 600w, https:\/\/the-slovenia.com\/wp-content\/uploads\/2024\/11\/group-happy-friends-drinking-toasting-600nw-1085215253-1-300x191.webp 300w, https:\/\/the-slovenia.com\/wp-content\/uploads\/2024\/11\/group-happy-friends-drinking-toasting-600nw-1085215253-1-150x95.webp 150w\" data-sizes=\"auto, (max-width: 150px) 100vw, 150px\" src=\"data:image\/gif;base64,R0lGODlhAQABAAAAACH5BAEKAAEALAAAAAABAAEAAAICTAEAOw==\" \/><noscript><img loading=\"lazy\" decoding=\"async\" style=\"max-width: 150px;\" width=\"150\" height=\"95\" src=\"https:\/\/the-slovenia.com\/wp-content\/uploads\/2024\/11\/group-happy-friends-drinking-toasting-600nw-1085215253-1.webp\" class=\"attachment-150x999 size-150x999\" alt=\"\" srcset=\"https:\/\/the-slovenia.com\/wp-content\/uploads\/2024\/11\/group-happy-friends-drinking-toasting-600nw-1085215253-1.webp 600w, https:\/\/the-slovenia.com\/wp-content\/uploads\/2024\/11\/group-happy-friends-drinking-toasting-600nw-1085215253-1-300x191.webp 300w, https:\/\/the-slovenia.com\/wp-content\/uploads\/2024\/11\/group-happy-friends-drinking-toasting-600nw-1085215253-1-150x95.webp 150w\" sizes=\"auto, (max-width: 150px) 100vw, 150px\" \/><\/noscript><\/div><\/div><div class=\"vlp-layout-zone-main\"><div class=\"vlp-block-0 vlp-link-title\">Beer experience of Ljubljana<\/div><div class=\"vlp-block-1 vlp-link-summary\">Ljubljana, the capital of Slovenia, is a city full of stories, hidden gems, and unique flavors. Among these, the city\u2019s rich brewing heritage stands out, intricately tied to its history. If you\u2019re looking to combine delicious cuisine, local craft beers, and historical exploration during your visit to Ljubljana, the Beer Experience of Ljubljana is the perfect choice. In this enhanced guide, we dive into every layer of this exceptional adventure. What to expect on the beer experience tour? This guided experience combines visits to iconic locations in Ljubljana with tastings of local beers and savory snacks. Accompanied by a beer [&hellip;]<\/div><\/div><\/div><div class=\"vlp-link-container vlp-layout-basic wp-block-visual-link-preview-link\"><a href=\"https:\/\/the-slovenia.com\/en\/dogodek\/the-festival-okusi-piva-flavours-of-beer\/\" class=\"vlp-link\" title=\"The Festival Okusi piva (Flavours of Beer)\"><\/a><div class=\"vlp-layout-zone-side\"><div class=\"vlp-block-2 vlp-link-image\"><img loading=\"lazy\" decoding=\"async\" style=\"--smush-placeholder-width: 150px; --smush-placeholder-aspect-ratio: 150\/100;max-width: 150px;\" width=\"150\" height=\"100\" data-src=\"https:\/\/the-slovenia.com\/wp-content\/uploads\/2025\/04\/okusi_piva_2022_small_06-1.jpg\" class=\"attachment-150x999 size-150x999 lazyload\" alt=\"\" data-srcset=\"https:\/\/the-slovenia.com\/wp-content\/uploads\/2025\/04\/okusi_piva_2022_small_06-1.jpg 1200w, https:\/\/the-slovenia.com\/wp-content\/uploads\/2025\/04\/okusi_piva_2022_small_06-1-300x200.jpg 300w, https:\/\/the-slovenia.com\/wp-content\/uploads\/2025\/04\/okusi_piva_2022_small_06-1-1024x683.jpg 1024w, https:\/\/the-slovenia.com\/wp-content\/uploads\/2025\/04\/okusi_piva_2022_small_06-1-768x512.jpg 768w, https:\/\/the-slovenia.com\/wp-content\/uploads\/2025\/04\/okusi_piva_2022_small_06-1-630x420.jpg 630w, https:\/\/the-slovenia.com\/wp-content\/uploads\/2025\/04\/okusi_piva_2022_small_06-1-150x100.jpg 150w, https:\/\/the-slovenia.com\/wp-content\/uploads\/2025\/04\/okusi_piva_2022_small_06-1-696x464.jpg 696w, https:\/\/the-slovenia.com\/wp-content\/uploads\/2025\/04\/okusi_piva_2022_small_06-1-1068x712.jpg 1068w, https:\/\/the-slovenia.com\/wp-content\/uploads\/2025\/04\/okusi_piva_2022_small_06-1-600x400.jpg 600w\" data-sizes=\"auto, (max-width: 150px) 100vw, 150px\" src=\"data:image\/gif;base64,R0lGODlhAQABAAAAACH5BAEKAAEALAAAAAABAAEAAAICTAEAOw==\" \/><noscript><img loading=\"lazy\" decoding=\"async\" style=\"max-width: 150px;\" width=\"150\" height=\"100\" src=\"https:\/\/the-slovenia.com\/wp-content\/uploads\/2025\/04\/okusi_piva_2022_small_06-1.jpg\" class=\"attachment-150x999 size-150x999\" alt=\"\" srcset=\"https:\/\/the-slovenia.com\/wp-content\/uploads\/2025\/04\/okusi_piva_2022_small_06-1.jpg 1200w, https:\/\/the-slovenia.com\/wp-content\/uploads\/2025\/04\/okusi_piva_2022_small_06-1-300x200.jpg 300w, https:\/\/the-slovenia.com\/wp-content\/uploads\/2025\/04\/okusi_piva_2022_small_06-1-1024x683.jpg 1024w, https:\/\/the-slovenia.com\/wp-content\/uploads\/2025\/04\/okusi_piva_2022_small_06-1-768x512.jpg 768w, https:\/\/the-slovenia.com\/wp-content\/uploads\/2025\/04\/okusi_piva_2022_small_06-1-630x420.jpg 630w, https:\/\/the-slovenia.com\/wp-content\/uploads\/2025\/04\/okusi_piva_2022_small_06-1-150x100.jpg 150w, https:\/\/the-slovenia.com\/wp-content\/uploads\/2025\/04\/okusi_piva_2022_small_06-1-696x464.jpg 696w, https:\/\/the-slovenia.com\/wp-content\/uploads\/2025\/04\/okusi_piva_2022_small_06-1-1068x712.jpg 1068w, https:\/\/the-slovenia.com\/wp-content\/uploads\/2025\/04\/okusi_piva_2022_small_06-1-600x400.jpg 600w\" sizes=\"auto, (max-width: 150px) 100vw, 150px\" \/><\/noscript><\/div><\/div><div class=\"vlp-layout-zone-main\"><div class=\"vlp-block-0 vlp-link-title\">The Festival Okusi piva (Flavours of Beer)<\/div><div class=\"vlp-block-1 vlp-link-summary\">The Festival Okusi piva (Flavours of Beer) will take place in Radovljica on June 14, 2025, transforming the town center into a hub of beer flavors. Visitors can taste a variety of craft beers from Slovenian and international breweries, accompanied by live music and culinary delights.\u200b<br \/>\r\n<br \/>\r\n<\/div><\/div><\/div><div class=\"vlp-link-container vlp-layout-basic wp-block-visual-link-preview-link\"><a href=\"https:\/\/the-slovenia.com\/en\/product\/the-slovenia-beer-quiz\/\" class=\"vlp-link\" title=\"The Slovenia Beer Quiz\"><\/a><div class=\"vlp-layout-zone-side\"><div class=\"vlp-block-2 vlp-link-image\"><img loading=\"lazy\" decoding=\"async\" style=\"--smush-placeholder-width: 150px; --smush-placeholder-aspect-ratio: 150\/161;max-width: 150px;\" width=\"150\" height=\"161\" data-src=\"https:\/\/the-slovenia.com\/wp-content\/uploads\/2024\/07\/Box-Bottom-EN-Design-Mockup.jpg\" class=\"attachment-150x999 size-150x999 lazyload\" alt=\"\" data-srcset=\"https:\/\/the-slovenia.com\/wp-content\/uploads\/2024\/07\/Box-Bottom-EN-Design-Mockup.jpg 2056w, https:\/\/the-slovenia.com\/wp-content\/uploads\/2024\/07\/Box-Bottom-EN-Design-Mockup-280x300.jpg 280w, https:\/\/the-slovenia.com\/wp-content\/uploads\/2024\/07\/Box-Bottom-EN-Design-Mockup-955x1024.jpg 955w, https:\/\/the-slovenia.com\/wp-content\/uploads\/2024\/07\/Box-Bottom-EN-Design-Mockup-768x824.jpg 768w, https:\/\/the-slovenia.com\/wp-content\/uploads\/2024\/07\/Box-Bottom-EN-Design-Mockup-1432x1536.jpg 1432w, https:\/\/the-slovenia.com\/wp-content\/uploads\/2024\/07\/Box-Bottom-EN-Design-Mockup-1910x2048.jpg 1910w, https:\/\/the-slovenia.com\/wp-content\/uploads\/2024\/07\/Box-Bottom-EN-Design-Mockup-150x161.jpg 150w, https:\/\/the-slovenia.com\/wp-content\/uploads\/2024\/07\/Box-Bottom-EN-Design-Mockup-300x322.jpg 300w, https:\/\/the-slovenia.com\/wp-content\/uploads\/2024\/07\/Box-Bottom-EN-Design-Mockup-696x746.jpg 696w, https:\/\/the-slovenia.com\/wp-content\/uploads\/2024\/07\/Box-Bottom-EN-Design-Mockup-1068x1145.jpg 1068w, https:\/\/the-slovenia.com\/wp-content\/uploads\/2024\/07\/Box-Bottom-EN-Design-Mockup-1920x2059.jpg 1920w, https:\/\/the-slovenia.com\/wp-content\/uploads\/2024\/07\/Box-Bottom-EN-Design-Mockup-392x420.jpg 392w, https:\/\/the-slovenia.com\/wp-content\/uploads\/2024\/07\/Box-Bottom-EN-Design-Mockup-600x643.jpg 600w\" data-sizes=\"auto, (max-width: 150px) 100vw, 150px\" src=\"data:image\/gif;base64,R0lGODlhAQABAAAAACH5BAEKAAEALAAAAAABAAEAAAICTAEAOw==\" \/><noscript><img loading=\"lazy\" decoding=\"async\" style=\"max-width: 150px;\" width=\"150\" height=\"161\" src=\"https:\/\/the-slovenia.com\/wp-content\/uploads\/2024\/07\/Box-Bottom-EN-Design-Mockup.jpg\" class=\"attachment-150x999 size-150x999\" alt=\"\" srcset=\"https:\/\/the-slovenia.com\/wp-content\/uploads\/2024\/07\/Box-Bottom-EN-Design-Mockup.jpg 2056w, https:\/\/the-slovenia.com\/wp-content\/uploads\/2024\/07\/Box-Bottom-EN-Design-Mockup-280x300.jpg 280w, https:\/\/the-slovenia.com\/wp-content\/uploads\/2024\/07\/Box-Bottom-EN-Design-Mockup-955x1024.jpg 955w, https:\/\/the-slovenia.com\/wp-content\/uploads\/2024\/07\/Box-Bottom-EN-Design-Mockup-768x824.jpg 768w, https:\/\/the-slovenia.com\/wp-content\/uploads\/2024\/07\/Box-Bottom-EN-Design-Mockup-1432x1536.jpg 1432w, https:\/\/the-slovenia.com\/wp-content\/uploads\/2024\/07\/Box-Bottom-EN-Design-Mockup-1910x2048.jpg 1910w, https:\/\/the-slovenia.com\/wp-content\/uploads\/2024\/07\/Box-Bottom-EN-Design-Mockup-150x161.jpg 150w, https:\/\/the-slovenia.com\/wp-content\/uploads\/2024\/07\/Box-Bottom-EN-Design-Mockup-300x322.jpg 300w, https:\/\/the-slovenia.com\/wp-content\/uploads\/2024\/07\/Box-Bottom-EN-Design-Mockup-696x746.jpg 696w, https:\/\/the-slovenia.com\/wp-content\/uploads\/2024\/07\/Box-Bottom-EN-Design-Mockup-1068x1145.jpg 1068w, https:\/\/the-slovenia.com\/wp-content\/uploads\/2024\/07\/Box-Bottom-EN-Design-Mockup-1920x2059.jpg 1920w, https:\/\/the-slovenia.com\/wp-content\/uploads\/2024\/07\/Box-Bottom-EN-Design-Mockup-392x420.jpg 392w, https:\/\/the-slovenia.com\/wp-content\/uploads\/2024\/07\/Box-Bottom-EN-Design-Mockup-600x643.jpg 600w\" sizes=\"auto, (max-width: 150px) 100vw, 150px\" \/><\/noscript><\/div><\/div><div class=\"vlp-layout-zone-main\"><div class=\"vlp-block-0 vlp-link-title\">The Slovenia Beer Quiz<\/div><div class=\"vlp-block-1 vlp-link-summary\">Welcome to the ultimate challenge for beer enthusiasts and lovers of unusual knowledge! Dive into 60 questions, 60 revelations: each question takes you deeper into the secrets of the world of beer. Discover incredible facts about breweries, beer styles, history, and curious anecdotes.<\/div><\/div><\/div><figure class=\"wp-block-image size-full is-resized\"><a href=\"https:\/\/the-slovenia.com\/wp-content\/uploads\/2025\/07\/image-36.png\"><img loading=\"lazy\" decoding=\"async\" width=\"955\" height=\"1024\" data-src=\"https:\/\/the-slovenia.com\/wp-content\/uploads\/2025\/07\/image-36.png\" alt=\"\" class=\"wp-image-178696 lazyload\" style=\"--smush-placeholder-width: 955px; --smush-placeholder-aspect-ratio: 955\/1024;width:639px;height:auto\" data-srcset=\"https:\/\/the-slovenia.com\/wp-content\/uploads\/2025\/07\/image-36.png 955w, https:\/\/the-slovenia.com\/wp-content\/uploads\/2025\/07\/image-36-280x300.png 280w, https:\/\/the-slovenia.com\/wp-content\/uploads\/2025\/07\/image-36-768x823.png 768w, https:\/\/the-slovenia.com\/wp-content\/uploads\/2025\/07\/image-36-392x420.png 392w, https:\/\/the-slovenia.com\/wp-content\/uploads\/2025\/07\/image-36-150x161.png 150w, https:\/\/the-slovenia.com\/wp-content\/uploads\/2025\/07\/image-36-300x322.png 300w, https:\/\/the-slovenia.com\/wp-content\/uploads\/2025\/07\/image-36-696x746.png 696w, https:\/\/the-slovenia.com\/wp-content\/uploads\/2025\/07\/image-36-600x643.png 600w\" data-sizes=\"auto, (max-width: 955px) 100vw, 955px\" src=\"data:image\/gif;base64,R0lGODlhAQABAAAAACH5BAEKAAEALAAAAAABAAEAAAICTAEAOw==\" \/><noscript><img loading=\"lazy\" decoding=\"async\" width=\"955\" height=\"1024\" src=\"https:\/\/the-slovenia.com\/wp-content\/uploads\/2025\/07\/image-36.png\" alt=\"\" class=\"wp-image-178696\" style=\"width:639px;height:auto\" srcset=\"https:\/\/the-slovenia.com\/wp-content\/uploads\/2025\/07\/image-36.png 955w, https:\/\/the-slovenia.com\/wp-content\/uploads\/2025\/07\/image-36-280x300.png 280w, https:\/\/the-slovenia.com\/wp-content\/uploads\/2025\/07\/image-36-768x823.png 768w, https:\/\/the-slovenia.com\/wp-content\/uploads\/2025\/07\/image-36-392x420.png 392w, https:\/\/the-slovenia.com\/wp-content\/uploads\/2025\/07\/image-36-150x161.png 150w, https:\/\/the-slovenia.com\/wp-content\/uploads\/2025\/07\/image-36-300x322.png 300w, https:\/\/the-slovenia.com\/wp-content\/uploads\/2025\/07\/image-36-696x746.png 696w, https:\/\/the-slovenia.com\/wp-content\/uploads\/2025\/07\/image-36-600x643.png 600w\" sizes=\"auto, (max-width: 955px) 100vw, 955px\" \/><\/noscript><\/a><figcaption class=\"wp-element-caption\">Beer quiz<\/figcaption><\/figure><h2 class=\"wp-block-heading\"><strong>Poga\u010dar sprints to Stage 7 victory and reclaims yellow jersey<\/strong><\/h2><p>Slovenia\u2019s superstar <strong>Tadej Poga\u010dar<\/strong> lit up the Tour de France once again on the demanding 197 km 7th stage from Saint-Malo to Mur-de-Bretagne, launching a perfectly timed sprint in the final 200 m to edge out his fiercest rival, Jonas Vingegaard. This triumph marked Poga\u010dar\u2019s 100th professional win and saw him don the yellow jersey of the overall leader once more. The stage was defined by early breakaways, fierce coastal crosswinds that shattered the peloton into echelons, and a dramatic crash among the favorites. Undeterred, Poga\u010dar seized his moment on the last hill, powering past the front group, while young Briton Oscar Onley claimed third. With this decisive performance, Poga\u010dar now leads the general classification by 54 seconds over Remco Evenepoel and holds a margin of over a minute ahead of Mathieu van der Poel.<\/p><figure class=\"wp-block-image size-large is-resized\"><a href=\"https:\/\/the-slovenia.com\/wp-content\/uploads\/2025\/07\/image-37.png\"><img loading=\"lazy\" decoding=\"async\" width=\"1024\" height=\"647\" data-src=\"https:\/\/the-slovenia.com\/wp-content\/uploads\/2025\/07\/image-37-1024x647.png\" alt=\"\" class=\"wp-image-178698 lazyload\" style=\"--smush-placeholder-width: 1024px; --smush-placeholder-aspect-ratio: 1024\/647;width:744px;height:auto\" data-srcset=\"https:\/\/the-slovenia.com\/wp-content\/uploads\/2025\/07\/image-37-1024x647.png 1024w, https:\/\/the-slovenia.com\/wp-content\/uploads\/2025\/07\/image-37-300x190.png 300w, https:\/\/the-slovenia.com\/wp-content\/uploads\/2025\/07\/image-37-768x485.png 768w, https:\/\/the-slovenia.com\/wp-content\/uploads\/2025\/07\/image-37-665x420.png 665w, https:\/\/the-slovenia.com\/wp-content\/uploads\/2025\/07\/image-37-150x95.png 150w, https:\/\/the-slovenia.com\/wp-content\/uploads\/2025\/07\/image-37-696x440.png 696w, https:\/\/the-slovenia.com\/wp-content\/uploads\/2025\/07\/image-37-1068x675.png 1068w, https:\/\/the-slovenia.com\/wp-content\/uploads\/2025\/07\/image-37-600x379.png 600w, https:\/\/the-slovenia.com\/wp-content\/uploads\/2025\/07\/image-37.png 1200w\" data-sizes=\"auto, (max-width: 1024px) 100vw, 1024px\" src=\"data:image\/gif;base64,R0lGODlhAQABAAAAACH5BAEKAAEALAAAAAABAAEAAAICTAEAOw==\" \/><noscript><img loading=\"lazy\" decoding=\"async\" width=\"1024\" height=\"647\" src=\"https:\/\/the-slovenia.com\/wp-content\/uploads\/2025\/07\/image-37-1024x647.png\" alt=\"\" class=\"wp-image-178698\" style=\"width:744px;height:auto\" srcset=\"https:\/\/the-slovenia.com\/wp-content\/uploads\/2025\/07\/image-37-1024x647.png 1024w, https:\/\/the-slovenia.com\/wp-content\/uploads\/2025\/07\/image-37-300x190.png 300w, https:\/\/the-slovenia.com\/wp-content\/uploads\/2025\/07\/image-37-768x485.png 768w, https:\/\/the-slovenia.com\/wp-content\/uploads\/2025\/07\/image-37-665x420.png 665w, https:\/\/the-slovenia.com\/wp-content\/uploads\/2025\/07\/image-37-150x95.png 150w, https:\/\/the-slovenia.com\/wp-content\/uploads\/2025\/07\/image-37-696x440.png 696w, https:\/\/the-slovenia.com\/wp-content\/uploads\/2025\/07\/image-37-1068x675.png 1068w, https:\/\/the-slovenia.com\/wp-content\/uploads\/2025\/07\/image-37-600x379.png 600w, https:\/\/the-slovenia.com\/wp-content\/uploads\/2025\/07\/image-37.png 1200w\" sizes=\"auto, (max-width: 1024px) 100vw, 1024px\" \/><\/noscript><\/a><figcaption class=\"wp-element-caption\">Tadej Poga\u010dar tour de France 2025<\/figcaption><\/figure><h2 class=\"wp-block-heading\"><strong>73rd Ljubljana Festival Brings World-Class Arts to Slovenia\u2019s Capital<\/strong><\/h2><p><strong>When:<\/strong> June 20 \u2013 September 12, 2025 <br><strong>Where:<\/strong> Various historic venues across Ljubljana, including the Kri\u017eanke Summer Theatre and Congress Square <br><strong>Who For:<\/strong> Culture and music enthusiasts, theatre and dance lovers, and tourists seeking unforgettable summer experiences <\/p><p>The Ljubljana Festival, now in its 73rd year, transforms the city into a vibrant hub of artistic excellence each summer. With over 70 events featuring symphonic concerts, grand opera productions, chamber music recitals, contemporary dance pieces, and outdoor theatre, the Festival attracts internationally renowned performers alongside Slovenia\u2019s leading artists.<\/p><p>Performances are hosted at iconic venues: the open-air Kri\u017eanke Summer Theatre\u2014Jo\u017ee Ple\u010dnik\u2019s 13th-century masterpiece\u2014Congress Square\u2019s expansive stage, Cankarjev dom\u2019s state-of-the-art halls, and more prestigious locations throughout the city . Highlights include the spectacular Opening Night on June 20, landmark musicals like <em>The Phantom of the Opera<\/em> (July 9\u201320), and boundary-pushing contemporary works alongside jazz and pop concerts.<\/p><p>Tickets and the full programme are available at <a href=\"https:\/\/www.ljubljanafestival.si\/en\/events\/ljubljana-festival\/73rd-ljubljana-festival\/\">ljubljanafestival.si<\/a> or by contacting Festival Ljubljana at <strong><a>info@ljubljanafestival.si<\/a><\/strong> \/ <strong>+386 (0)1 241 60 00<\/strong>. Don\u2019t miss the chance to experience Ljubljana\u2019s premier summer celebration of the arts!<\/p><figure class=\"wp-block-image size-large\"><a href=\"https:\/\/the-slovenia.com\/wp-content\/uploads\/2025\/06\/image-38.png\"><img loading=\"lazy\" decoding=\"async\" width=\"1024\" height=\"555\" data-src=\"https:\/\/the-slovenia.com\/wp-content\/uploads\/2025\/06\/image-38-1024x555.png\" alt=\"\" class=\"wp-image-178331 lazyload\" data-srcset=\"https:\/\/the-slovenia.com\/wp-content\/uploads\/2025\/06\/image-38-1024x555.png 1024w, https:\/\/the-slovenia.com\/wp-content\/uploads\/2025\/06\/image-38-300x163.png 300w, https:\/\/the-slovenia.com\/wp-content\/uploads\/2025\/06\/image-38-768x416.png 768w, https:\/\/the-slovenia.com\/wp-content\/uploads\/2025\/06\/image-38-1536x832.png 1536w, https:\/\/the-slovenia.com\/wp-content\/uploads\/2025\/06\/image-38-775x420.png 775w, https:\/\/the-slovenia.com\/wp-content\/uploads\/2025\/06\/image-38-150x81.png 150w, https:\/\/the-slovenia.com\/wp-content\/uploads\/2025\/06\/image-38-696x377.png 696w, https:\/\/the-slovenia.com\/wp-content\/uploads\/2025\/06\/image-38-1068x580.png 1068w, https:\/\/the-slovenia.com\/wp-content\/uploads\/2025\/06\/image-38-600x325.png 600w, https:\/\/the-slovenia.com\/wp-content\/uploads\/2025\/06\/image-38.png 1920w\" data-sizes=\"auto, (max-width: 1024px) 100vw, 1024px\" src=\"data:image\/gif;base64,R0lGODlhAQABAAAAACH5BAEKAAEALAAAAAABAAEAAAICTAEAOw==\" style=\"--smush-placeholder-width: 1024px; --smush-placeholder-aspect-ratio: 1024\/555;\" \/><noscript><img loading=\"lazy\" decoding=\"async\" width=\"1024\" height=\"555\" src=\"https:\/\/the-slovenia.com\/wp-content\/uploads\/2025\/06\/image-38-1024x555.png\" alt=\"\" class=\"wp-image-178331\" srcset=\"https:\/\/the-slovenia.com\/wp-content\/uploads\/2025\/06\/image-38-1024x555.png 1024w, https:\/\/the-slovenia.com\/wp-content\/uploads\/2025\/06\/image-38-300x163.png 300w, https:\/\/the-slovenia.com\/wp-content\/uploads\/2025\/06\/image-38-768x416.png 768w, https:\/\/the-slovenia.com\/wp-content\/uploads\/2025\/06\/image-38-1536x832.png 1536w, https:\/\/the-slovenia.com\/wp-content\/uploads\/2025\/06\/image-38-775x420.png 775w, https:\/\/the-slovenia.com\/wp-content\/uploads\/2025\/06\/image-38-150x81.png 150w, https:\/\/the-slovenia.com\/wp-content\/uploads\/2025\/06\/image-38-696x377.png 696w, https:\/\/the-slovenia.com\/wp-content\/uploads\/2025\/06\/image-38-1068x580.png 1068w, https:\/\/the-slovenia.com\/wp-content\/uploads\/2025\/06\/image-38-600x325.png 600w, https:\/\/the-slovenia.com\/wp-content\/uploads\/2025\/06\/image-38.png 1920w\" sizes=\"auto, (max-width: 1024px) 100vw, 1024px\" \/><\/noscript><\/a><figcaption class=\"wp-element-caption\">top festivals in Slovenia<\/figcaption><\/figure><div class=\"vlp-link-container vlp-layout-basic wp-block-visual-link-preview-link\"><a href=\"https:\/\/the-slovenia.com\/en\/events\/top-10-festivals-in-ljubljana\/\" class=\"vlp-link\" title=\"The TOP 10 festivals in Ljubljana\"><\/a><div class=\"vlp-layout-zone-side\"><div class=\"vlp-block-2 vlp-link-image\"><img loading=\"lazy\" decoding=\"async\" style=\"--smush-placeholder-width: 150px; --smush-placeholder-aspect-ratio: 150\/75;max-width: 150px;\" width=\"150\" height=\"75\" data-src=\"https:\/\/the-slovenia.com\/wp-content\/uploads\/2024\/09\/festivali_header.jpg\" class=\"attachment-150x999 size-150x999 lazyload\" alt=\"\" data-srcset=\"https:\/\/the-slovenia.com\/wp-content\/uploads\/2024\/09\/festivali_header.jpg 1200w, https:\/\/the-slovenia.com\/wp-content\/uploads\/2024\/09\/festivali_header-300x150.jpg 300w, https:\/\/the-slovenia.com\/wp-content\/uploads\/2024\/09\/festivali_header-1024x512.jpg 1024w, https:\/\/the-slovenia.com\/wp-content\/uploads\/2024\/09\/festivali_header-768x384.jpg 768w, https:\/\/the-slovenia.com\/wp-content\/uploads\/2024\/09\/festivali_header-150x75.jpg 150w, https:\/\/the-slovenia.com\/wp-content\/uploads\/2024\/09\/festivali_header-696x348.jpg 696w, https:\/\/the-slovenia.com\/wp-content\/uploads\/2024\/09\/festivali_header-1068x534.jpg 1068w, https:\/\/the-slovenia.com\/wp-content\/uploads\/2024\/09\/festivali_header-840x420.jpg 840w, https:\/\/the-slovenia.com\/wp-content\/uploads\/2024\/09\/festivali_header-324x160.jpg 324w, https:\/\/the-slovenia.com\/wp-content\/uploads\/2024\/09\/festivali_header-600x300.jpg 600w\" data-sizes=\"auto, (max-width: 150px) 100vw, 150px\" src=\"data:image\/gif;base64,R0lGODlhAQABAAAAACH5BAEKAAEALAAAAAABAAEAAAICTAEAOw==\" \/><noscript><img loading=\"lazy\" decoding=\"async\" style=\"max-width: 150px;\" width=\"150\" height=\"75\" src=\"https:\/\/the-slovenia.com\/wp-content\/uploads\/2024\/09\/festivali_header.jpg\" class=\"attachment-150x999 size-150x999\" alt=\"\" srcset=\"https:\/\/the-slovenia.com\/wp-content\/uploads\/2024\/09\/festivali_header.jpg 1200w, https:\/\/the-slovenia.com\/wp-content\/uploads\/2024\/09\/festivali_header-300x150.jpg 300w, https:\/\/the-slovenia.com\/wp-content\/uploads\/2024\/09\/festivali_header-1024x512.jpg 1024w, https:\/\/the-slovenia.com\/wp-content\/uploads\/2024\/09\/festivali_header-768x384.jpg 768w, https:\/\/the-slovenia.com\/wp-content\/uploads\/2024\/09\/festivali_header-150x75.jpg 150w, https:\/\/the-slovenia.com\/wp-content\/uploads\/2024\/09\/festivali_header-696x348.jpg 696w, https:\/\/the-slovenia.com\/wp-content\/uploads\/2024\/09\/festivali_header-1068x534.jpg 1068w, https:\/\/the-slovenia.com\/wp-content\/uploads\/2024\/09\/festivali_header-840x420.jpg 840w, https:\/\/the-slovenia.com\/wp-content\/uploads\/2024\/09\/festivali_header-324x160.jpg 324w, https:\/\/the-slovenia.com\/wp-content\/uploads\/2024\/09\/festivali_header-600x300.jpg 600w\" sizes=\"auto, (max-width: 150px) 100vw, 150px\" \/><\/noscript><\/div><\/div><div class=\"vlp-layout-zone-main\"><div class=\"vlp-block-0 vlp-link-title\">The TOP 10 festivals in Ljubljana<\/div><div class=\"vlp-block-1 vlp-link-summary\">Ljubljana, the charming capital of Slovenia, is not only known for its picturesque beauty and vibrant cultural scene, but also for its diverse array of festivals that run throughout the year. Whether you&#8217;re a lover of film, music, art, or gourmet food, there&#8217;s always something happening in Ljubljana that will captivate your senses. From world-class jazz festivals to traditional wine tastings, Ljubljana offers a perfect blend of local and international events that cater to all ages and interests. Here&#8217;s a deeper look into some of the city\u2019s most celebrated festivals. 1. Ljubljana International Film Festival (LIFFe) Held annually in November, [&hellip;]<\/div><\/div><\/div><h2 class=\"wp-block-heading\"><strong>Prime Minister Golob Marks Slovenia\u2019s Full CERN Membership with Flag-Raising Ceremony<\/strong><\/h2><p><strong>Geneva, 3 July 2025<\/strong> \u2013 Today, Prime Minister Robert Golob joined Slovenian delegates, CERN leadership, and the community of Slovenian scientists in Geneva to officially raise the Slovenian flag at the European Organization for Nuclear Research (CERN), commemorating Slovenia\u2019s transition to full member status as the organisation\u2019s 25th member state.<\/p><p>On 21 June 2025, Slovenia concluded years-long negotiations to become a co-owner of CERN\u2019s world-class research facilities, opening new avenues for scientific collaboration, researcher employment, and technology business prospects for the Slovenian economy. The ceremony underscored Slovenia\u2019s commitment to building its future on knowledge and science, with the flag raised by the CERN honour guard to symbolize national pride and global engagement.<\/p><p>During the visit, Prime Minister Golob met with CERN Director-General Fabiola Gianotti to discuss ongoing projects\u2014particularly the Large Hadron Collider\u2014and signed the CERN guestbook before touring the ATLAS experiment control rooms. In his address, he remarked:<\/p><blockquote class=\"wp-block-quote is-layout-flow wp-block-quote-is-layout-flow\"><p>\u201cSlovenia has a clear vision: from nurturing curiosity in preschool to fostering global innovations through high-quality public education, research and investment. In just a few years, we have doubled funding for knowledge. This speaks volumes about our commitment, as only through knowledge can a small country think globally.\u201d <a href=\"https:\/\/www.gov.si\/en\/news\/2025-07-03-prime-minister-robert-golob-the-raising-of-the-slovenian-flag-is-a-moment-of-deep-national-pride\/\" target=\"_blank\" rel=\"noreferrer noopener\">gov.si<\/a><\/p><\/blockquote><p>Golob emphasised that joining CERN at a pivotal moment allows Slovenia to help shape a future where science serves as a force for unity and peace. \u201cAt a time when too many build walls, we are building knowledge. At a time of widening divides, we invest in what brings us together,\u201d he stated, adding that the Slovenian flag now flying at CERN \u201csymbolises a nation proud to think beyond itself; a country that believes science can connect where politics divides\u201d.<\/p><p>Later this week, Prime Minister Golob will continue his Geneva visit with a meeting with UN High Commissioner for Human Rights Volker T\u00fcrk. Source: <a href=\"https:\/\/www.gov.si\/en\/news\/2025-07-03-prime-minister-robert-golob-the-raising-of-the-slovenian-flag-is-a-moment-of-deep-national-pride\/\" target=\"_blank\" rel=\"noreferrer noopener\">gov.si<\/a><\/p><figure class=\"wp-block-image size-full\"><a href=\"https:\/\/the-slovenia.com\/wp-content\/uploads\/2025\/07\/image-13.png\"><img loading=\"lazy\" decoding=\"async\" width=\"980\" height=\"653\" data-src=\"https:\/\/the-slovenia.com\/wp-content\/uploads\/2025\/07\/image-13.png\" alt=\"\" class=\"wp-image-178335 lazyload\" data-srcset=\"https:\/\/the-slovenia.com\/wp-content\/uploads\/2025\/07\/image-13.png 980w, https:\/\/the-slovenia.com\/wp-content\/uploads\/2025\/07\/image-13-300x200.png 300w, https:\/\/the-slovenia.com\/wp-content\/uploads\/2025\/07\/image-13-768x512.png 768w, https:\/\/the-slovenia.com\/wp-content\/uploads\/2025\/07\/image-13-630x420.png 630w, https:\/\/the-slovenia.com\/wp-content\/uploads\/2025\/07\/image-13-150x100.png 150w, https:\/\/the-slovenia.com\/wp-content\/uploads\/2025\/07\/image-13-696x464.png 696w, https:\/\/the-slovenia.com\/wp-content\/uploads\/2025\/07\/image-13-600x400.png 600w\" data-sizes=\"auto, (max-width: 980px) 100vw, 980px\" src=\"data:image\/gif;base64,R0lGODlhAQABAAAAACH5BAEKAAEALAAAAAABAAEAAAICTAEAOw==\" style=\"--smush-placeholder-width: 980px; --smush-placeholder-aspect-ratio: 980\/653;\" \/><noscript><img loading=\"lazy\" decoding=\"async\" width=\"980\" height=\"653\" src=\"https:\/\/the-slovenia.com\/wp-content\/uploads\/2025\/07\/image-13.png\" alt=\"\" class=\"wp-image-178335\" srcset=\"https:\/\/the-slovenia.com\/wp-content\/uploads\/2025\/07\/image-13.png 980w, https:\/\/the-slovenia.com\/wp-content\/uploads\/2025\/07\/image-13-300x200.png 300w, https:\/\/the-slovenia.com\/wp-content\/uploads\/2025\/07\/image-13-768x512.png 768w, https:\/\/the-slovenia.com\/wp-content\/uploads\/2025\/07\/image-13-630x420.png 630w, https:\/\/the-slovenia.com\/wp-content\/uploads\/2025\/07\/image-13-150x100.png 150w, https:\/\/the-slovenia.com\/wp-content\/uploads\/2025\/07\/image-13-696x464.png 696w, https:\/\/the-slovenia.com\/wp-content\/uploads\/2025\/07\/image-13-600x400.png 600w\" sizes=\"auto, (max-width: 980px) 100vw, 980px\" \/><\/noscript><\/a><figcaption class=\"wp-element-caption\">Slovenia news<\/figcaption><\/figure><h2 class=\"wp-block-heading\"><strong>Slovenian orange wine among the world&#8217;s elite<\/strong><\/h2><p>An orange wine from coastal Slovenia has joined an elite club for the first time in five years. Capris Orange Yellow Muscat 2015, produced by Vinakoper, was named Best in Show at the 2025 Decanter World Wine Awards, an honour given to only 50 wines out of more than 18,000 entries worldwide.<\/p><p>Made from the yellow muscat grape variety, Capris Orange was aged for nearly a decade in barrique barrels. The wine was originally developed as part of an experimental process exploring new techniques and approaches.<\/p><p>According to Vinakoper&#8217;s chief winemaker Bo\u0161tjan Zidar, the wine was allowed to mature without time constraints to follow its natural course. The 2015 vintage was marked by its aromatic profile, structure, and fruitiness, which enabled the creation of a wine that showcases the potential of the variety with time and patience.<\/p><p><a href=\"https:\/\/results.decanter.com\/DWWA\/2025\/wines\/771715\">Decanter described the wine as<\/a>&nbsp;&#8220;relatively light for an orange wine: deep gold with faint coppery glints. It has commanding aromas in which classic Muscat sweetness meets something darker and earthier, with orange-and-peach fruit behind; on the palate, the wine is fully dry but with an amplitude and wealth rare in &#8216;normal&#8217; dry Muscat. Its precision and freshness are irreproachable.&#8221;<\/p><p><a href=\"https:\/\/sloveniatimes.com\/43908\/slovenian-orange-wine-among-the-worlds-elite\">More here.<\/a><\/p><p><\/p><div class=\"vlp-link-container vlp-layout-basic wp-block-visual-link-preview-link\"><a href=\"https:\/\/the-slovenia.com\/en\/gastronomy\/wine\/top-slovenian-wine-orange-wine\/\" class=\"vlp-link\" title=\"Top Slovenian wine: Orange wine\"><\/a><div class=\"vlp-layout-zone-side\"><div class=\"vlp-block-2 vlp-link-image\"><img loading=\"lazy\" decoding=\"async\" style=\"--smush-placeholder-width: 150px; --smush-placeholder-aspect-ratio: 150\/100;max-width: 150px;\" width=\"150\" height=\"100\" data-src=\"https:\/\/the-slovenia.com\/wp-content\/uploads\/2020\/05\/o_1520187_1024.jpg\" class=\"attachment-150x999 size-150x999 lazyload\" alt=\"\" data-srcset=\"https:\/\/the-slovenia.com\/wp-content\/uploads\/2020\/05\/o_1520187_1024.jpg 1024w, https:\/\/the-slovenia.com\/wp-content\/uploads\/2020\/05\/o_1520187_1024-600x400.jpg 600w, https:\/\/the-slovenia.com\/wp-content\/uploads\/2020\/05\/o_1520187_1024-300x200.jpg 300w, https:\/\/the-slovenia.com\/wp-content\/uploads\/2020\/05\/o_1520187_1024-768x512.jpg 768w, https:\/\/the-slovenia.com\/wp-content\/uploads\/2020\/05\/o_1520187_1024-391x260.jpg 391w, https:\/\/the-slovenia.com\/wp-content\/uploads\/2020\/05\/o_1520187_1024-696x464.jpg 696w, https:\/\/the-slovenia.com\/wp-content\/uploads\/2020\/05\/o_1520187_1024-631x420.jpg 631w\" data-sizes=\"auto, (max-width: 150px) 100vw, 150px\" src=\"data:image\/gif;base64,R0lGODlhAQABAAAAACH5BAEKAAEALAAAAAABAAEAAAICTAEAOw==\" \/><noscript><img loading=\"lazy\" decoding=\"async\" style=\"max-width: 150px;\" width=\"150\" height=\"100\" src=\"https:\/\/the-slovenia.com\/wp-content\/uploads\/2020\/05\/o_1520187_1024.jpg\" class=\"attachment-150x999 size-150x999\" alt=\"\" srcset=\"https:\/\/the-slovenia.com\/wp-content\/uploads\/2020\/05\/o_1520187_1024.jpg 1024w, https:\/\/the-slovenia.com\/wp-content\/uploads\/2020\/05\/o_1520187_1024-600x400.jpg 600w, https:\/\/the-slovenia.com\/wp-content\/uploads\/2020\/05\/o_1520187_1024-300x200.jpg 300w, https:\/\/the-slovenia.com\/wp-content\/uploads\/2020\/05\/o_1520187_1024-768x512.jpg 768w, https:\/\/the-slovenia.com\/wp-content\/uploads\/2020\/05\/o_1520187_1024-391x260.jpg 391w, https:\/\/the-slovenia.com\/wp-content\/uploads\/2020\/05\/o_1520187_1024-696x464.jpg 696w, https:\/\/the-slovenia.com\/wp-content\/uploads\/2020\/05\/o_1520187_1024-631x420.jpg 631w\" sizes=\"auto, (max-width: 150px) 100vw, 150px\" \/><\/noscript><\/div><\/div><div class=\"vlp-layout-zone-main\"><div class=\"vlp-block-0 vlp-link-title\">Top Slovenian wine: Orange wine<\/div><div class=\"vlp-block-1 vlp-link-summary\">Slovenian orange wines are becoming increasingly popular and famous not only in Europe but also across the &#8220;pond&#8221;. In this article we explore the tastes of the top Slovenian wine &#8211; orange wine. In Slovenia orange wines originate in the Primorska region. Orange wines represent a relatively small, but very important niche in the global and Slovenian wine market because respect for tradition combined with modern wine production insights have proven to be a winning formula for both producers and consumers.&nbsp;Orange wines are well known in Slovenia. Orange wines became popular a few decades ago, however, the orange wines are [&hellip;]<\/div><\/div><\/div><div class=\"vlp-link-container vlp-layout-basic wp-block-visual-link-preview-link\"><a href=\"https:\/\/the-slovenia.com\/en\/slovenia\/best-of-slovenia\/the-best-wine-festivals-events-in-slovenia\/\" class=\"vlp-link\" title=\"The Best Wine festivals &amp; events in Slovenia\"><\/a><div class=\"vlp-layout-zone-side\"><div class=\"vlp-block-2 vlp-link-image\"><img loading=\"lazy\" decoding=\"async\" style=\"--smush-placeholder-width: 150px; --smush-placeholder-aspect-ratio: 150\/88;max-width: 150px;\" width=\"150\" height=\"88\" data-src=\"https:\/\/the-slovenia.com\/wp-content\/uploads\/2025\/02\/prazniki_vina.jpg\" class=\"attachment-150x999 size-150x999 lazyload\" alt=\"\" data-srcset=\"https:\/\/the-slovenia.com\/wp-content\/uploads\/2025\/02\/prazniki_vina.jpg 600w, https:\/\/the-slovenia.com\/wp-content\/uploads\/2025\/02\/prazniki_vina-300x175.jpg 300w, https:\/\/the-slovenia.com\/wp-content\/uploads\/2025\/02\/prazniki_vina-150x88.jpg 150w\" data-sizes=\"auto, (max-width: 150px) 100vw, 150px\" src=\"data:image\/gif;base64,R0lGODlhAQABAAAAACH5BAEKAAEALAAAAAABAAEAAAICTAEAOw==\" \/><noscript><img loading=\"lazy\" decoding=\"async\" style=\"max-width: 150px;\" width=\"150\" height=\"88\" src=\"https:\/\/the-slovenia.com\/wp-content\/uploads\/2025\/02\/prazniki_vina.jpg\" class=\"attachment-150x999 size-150x999\" alt=\"\" srcset=\"https:\/\/the-slovenia.com\/wp-content\/uploads\/2025\/02\/prazniki_vina.jpg 600w, https:\/\/the-slovenia.com\/wp-content\/uploads\/2025\/02\/prazniki_vina-300x175.jpg 300w, https:\/\/the-slovenia.com\/wp-content\/uploads\/2025\/02\/prazniki_vina-150x88.jpg 150w\" sizes=\"auto, (max-width: 150px) 100vw, 150px\" \/><\/noscript><\/div><\/div><div class=\"vlp-layout-zone-main\"><div class=\"vlp-block-0 vlp-link-title\">The Best Wine festivals &amp; events in Slovenia<\/div><div class=\"vlp-block-1 vlp-link-summary\">\u200bSlovenia, renowned for its rich winemaking heritage, offers a plethora of wine festivals throughout 2025 that cater to both connoisseurs and casual enthusiasts. These events not only showcase the country&#8217;s diverse wine offerings but also immerse visitors in local culture, cuisine, and traditions. Here are some of the standout wine festivals scheduled for 2025:\u200b Orange Wine Festival, Izola On April 25, 2025, the coastal town of Izola will host the esteemed Orange Wine Festival. This festival is dedicated to orange wines\u2014white wines produced using extended maceration techniques, resulting in unique flavors and hues. Attendees can sample over 300 wines from [&hellip;]<\/div><\/div><\/div><figure class=\"wp-block-image size-full\"><a href=\"https:\/\/the-slovenia.com\/wp-content\/uploads\/2025\/06\/image-33.png\"><img loading=\"lazy\" decoding=\"async\" width=\"1024\" height=\"682\" data-src=\"https:\/\/the-slovenia.com\/wp-content\/uploads\/2025\/06\/image-33.png\" alt=\"\" class=\"wp-image-177950 lazyload\" data-srcset=\"https:\/\/the-slovenia.com\/wp-content\/uploads\/2025\/06\/image-33.png 1024w, https:\/\/the-slovenia.com\/wp-content\/uploads\/2025\/06\/image-33-300x200.png 300w, https:\/\/the-slovenia.com\/wp-content\/uploads\/2025\/06\/image-33-768x512.png 768w, https:\/\/the-slovenia.com\/wp-content\/uploads\/2025\/06\/image-33-631x420.png 631w, https:\/\/the-slovenia.com\/wp-content\/uploads\/2025\/06\/image-33-150x100.png 150w, https:\/\/the-slovenia.com\/wp-content\/uploads\/2025\/06\/image-33-696x464.png 696w, https:\/\/the-slovenia.com\/wp-content\/uploads\/2025\/06\/image-33-600x400.png 600w\" data-sizes=\"auto, (max-width: 1024px) 100vw, 1024px\" src=\"data:image\/gif;base64,R0lGODlhAQABAAAAACH5BAEKAAEALAAAAAABAAEAAAICTAEAOw==\" style=\"--smush-placeholder-width: 1024px; --smush-placeholder-aspect-ratio: 1024\/682;\" \/><noscript><img loading=\"lazy\" decoding=\"async\" width=\"1024\" height=\"682\" src=\"https:\/\/the-slovenia.com\/wp-content\/uploads\/2025\/06\/image-33.png\" alt=\"\" class=\"wp-image-177950\" srcset=\"https:\/\/the-slovenia.com\/wp-content\/uploads\/2025\/06\/image-33.png 1024w, https:\/\/the-slovenia.com\/wp-content\/uploads\/2025\/06\/image-33-300x200.png 300w, https:\/\/the-slovenia.com\/wp-content\/uploads\/2025\/06\/image-33-768x512.png 768w, https:\/\/the-slovenia.com\/wp-content\/uploads\/2025\/06\/image-33-631x420.png 631w, https:\/\/the-slovenia.com\/wp-content\/uploads\/2025\/06\/image-33-150x100.png 150w, https:\/\/the-slovenia.com\/wp-content\/uploads\/2025\/06\/image-33-696x464.png 696w, https:\/\/the-slovenia.com\/wp-content\/uploads\/2025\/06\/image-33-600x400.png 600w\" sizes=\"auto, (max-width: 1024px) 100vw, 1024px\" \/><\/noscript><\/a><figcaption class=\"wp-element-caption\">Orange wine news<\/figcaption><\/figure><h2 class=\"wp-block-heading\"><strong>Business Forum in Tokyo: A New Chapter in Slovenia\u2013Japan Economic Relations<\/strong><\/h2><p>A Slovenian\u2013Japanese business forum was held on Thursday in Tokyo, featuring twelve Slovenian companies from diverse sectors, including construction, smart buildings, advanced technologies, public utilities, wellness tourism, and the creative industries.<\/p><p><a href=\"https:\/\/www.gov.si\/en\/news\/2025-06-19-business-forum-in-tokyo-a-new-chapter-in-sloveniajapan-economic-relations\/\">More here.<\/a><\/p><figure class=\"wp-block-image size-full\"><a href=\"https:\/\/the-slovenia.com\/wp-content\/uploads\/2025\/06\/image-32.png\"><img loading=\"lazy\" decoding=\"async\" width=\"980\" height=\"654\" data-src=\"https:\/\/the-slovenia.com\/wp-content\/uploads\/2025\/06\/image-32.png\" alt=\"\" class=\"wp-image-177947 lazyload\" data-srcset=\"https:\/\/the-slovenia.com\/wp-content\/uploads\/2025\/06\/image-32.png 980w, https:\/\/the-slovenia.com\/wp-content\/uploads\/2025\/06\/image-32-300x200.png 300w, https:\/\/the-slovenia.com\/wp-content\/uploads\/2025\/06\/image-32-768x513.png 768w, https:\/\/the-slovenia.com\/wp-content\/uploads\/2025\/06\/image-32-629x420.png 629w, https:\/\/the-slovenia.com\/wp-content\/uploads\/2025\/06\/image-32-150x100.png 150w, https:\/\/the-slovenia.com\/wp-content\/uploads\/2025\/06\/image-32-696x464.png 696w, https:\/\/the-slovenia.com\/wp-content\/uploads\/2025\/06\/image-32-600x400.png 600w\" data-sizes=\"auto, (max-width: 980px) 100vw, 980px\" src=\"data:image\/gif;base64,R0lGODlhAQABAAAAACH5BAEKAAEALAAAAAABAAEAAAICTAEAOw==\" style=\"--smush-placeholder-width: 980px; --smush-placeholder-aspect-ratio: 980\/654;\" \/><noscript><img loading=\"lazy\" decoding=\"async\" width=\"980\" height=\"654\" src=\"https:\/\/the-slovenia.com\/wp-content\/uploads\/2025\/06\/image-32.png\" alt=\"\" class=\"wp-image-177947\" srcset=\"https:\/\/the-slovenia.com\/wp-content\/uploads\/2025\/06\/image-32.png 980w, https:\/\/the-slovenia.com\/wp-content\/uploads\/2025\/06\/image-32-300x200.png 300w, https:\/\/the-slovenia.com\/wp-content\/uploads\/2025\/06\/image-32-768x513.png 768w, https:\/\/the-slovenia.com\/wp-content\/uploads\/2025\/06\/image-32-629x420.png 629w, https:\/\/the-slovenia.com\/wp-content\/uploads\/2025\/06\/image-32-150x100.png 150w, https:\/\/the-slovenia.com\/wp-content\/uploads\/2025\/06\/image-32-696x464.png 696w, https:\/\/the-slovenia.com\/wp-content\/uploads\/2025\/06\/image-32-600x400.png 600w\" sizes=\"auto, (max-width: 980px) 100vw, 980px\" \/><\/noscript><\/a><figcaption class=\"wp-element-caption\">Slovenian government<\/figcaption><\/figure><p><\/p><h2 class=\"wp-block-heading\"><strong>Slovenia Earns 9 Michelin Stars This Year<\/strong><\/h2><p><strong>Hi\u0161a Franko&nbsp;<\/strong>with Ana Ro\u0161 remains at the pinnacle of world gastronomy also in 2025: The MICHELIN Guide Slovenia has once again awarded it with&nbsp;<strong>three Michelin stars and a Green Star<\/strong>&nbsp;for sustainability.<\/p><p>The achievement of Ana Ro\u0161 and Hi\u0161a Franko is significant both regionally and globally. Today,&nbsp;<strong>Hi\u0161a Franko<\/strong>&nbsp;is&nbsp;<strong>one of only 153 restaurants worldwide<\/strong>&nbsp;(140 at the time of the announcement) to hold three Michelin stars. It is also among just 37 restaurants (previously 32) that hold the combination of three stars and a Green Michelin Star. Ana Ro\u0161 is&nbsp;<strong>the eighth female chef<\/strong>&nbsp;in the world to earn three stars, and one of only two women worldwide to hold this unique combination of accolades.<\/p><p>Other Slovenian restaurants also achieved exceptional results. For the third consecutive year,&nbsp;<strong>Restaurant Milka<\/strong>, with chef David \u017defran, retained its two-star status.<\/p><p>Seven restaurants earned&nbsp;<strong>one Michelin star<\/strong>, impressing Michelin\u2019s inspectors:<\/p><ul class=\"wp-block-list\"><li>COB \u2013 Chef Filip Matja\u017e<\/li>\n\n<li>Dam \u2013 Chef Uro\u0161 Faku\u010d<\/li>\n\n<li>Gostilna pri Lojzetu \u2013 Chef Toma\u017e Kav\u010di\u010d<\/li>\n\n<li>Gri\u010d \u2013 Chef Luka Ko\u0161ir<\/li>\n\n<li>Hi\u0161a Denk \u2013 Chef Gregor Vra\u010dko<\/li>\n\n<li>Hi\u0161a Linhart \u2013 Chef Uro\u0161 \u0160tefelin<\/li>\n\n<li>Pavus \u2013 Chef Marko Pav\u010dnik<\/li><\/ul><figure class=\"wp-block-image size-full\"><a href=\"https:\/\/the-slovenia.com\/wp-content\/uploads\/2025\/05\/image-70.png\"><img loading=\"lazy\" decoding=\"async\" width=\"470\" height=\"300\" data-src=\"https:\/\/the-slovenia.com\/wp-content\/uploads\/2025\/05\/image-70.png\" alt=\"\" class=\"wp-image-177744 lazyload\" data-srcset=\"https:\/\/the-slovenia.com\/wp-content\/uploads\/2025\/05\/image-70.png 470w, https:\/\/the-slovenia.com\/wp-content\/uploads\/2025\/05\/image-70-300x191.png 300w, https:\/\/the-slovenia.com\/wp-content\/uploads\/2025\/05\/image-70-150x96.png 150w\" data-sizes=\"auto, (max-width: 470px) 100vw, 470px\" src=\"data:image\/gif;base64,R0lGODlhAQABAAAAACH5BAEKAAEALAAAAAABAAEAAAICTAEAOw==\" style=\"--smush-placeholder-width: 470px; --smush-placeholder-aspect-ratio: 470\/300;\" \/><noscript><img loading=\"lazy\" decoding=\"async\" width=\"470\" height=\"300\" src=\"https:\/\/the-slovenia.com\/wp-content\/uploads\/2025\/05\/image-70.png\" alt=\"\" class=\"wp-image-177744\" srcset=\"https:\/\/the-slovenia.com\/wp-content\/uploads\/2025\/05\/image-70.png 470w, https:\/\/the-slovenia.com\/wp-content\/uploads\/2025\/05\/image-70-300x191.png 300w, https:\/\/the-slovenia.com\/wp-content\/uploads\/2025\/05\/image-70-150x96.png 150w\" sizes=\"auto, (max-width: 470px) 100vw, 470px\" \/><\/noscript><\/a><figcaption class=\"wp-element-caption\">Michelin Slovenia<\/figcaption><\/figure><div class=\"vlp-link-container vlp-layout-basic wp-block-visual-link-preview-link\"><a href=\"https:\/\/the-slovenia.com\/en\/slovenia\/michelin-stars-in-slovenia\/\" class=\"vlp-link\" title=\"The MICHELIN Guide Slovenia 2025 - Results and awarded restaurants\"><\/a><div class=\"vlp-layout-zone-side\"><div class=\"vlp-block-2 vlp-link-image\"><img loading=\"lazy\" decoding=\"async\" style=\"--smush-placeholder-width: 150px; --smush-placeholder-aspect-ratio: 150\/200;max-width: 150px;\" width=\"150\" height=\"200\" data-src=\"https:\/\/the-slovenia.com\/wp-content\/uploads\/2024\/06\/michelin-guide-slovenia-2024.jpg\" class=\"attachment-150x999 size-150x999 lazyload\" alt=\"\" data-srcset=\"https:\/\/the-slovenia.com\/wp-content\/uploads\/2024\/06\/michelin-guide-slovenia-2024.jpg 1536w, https:\/\/the-slovenia.com\/wp-content\/uploads\/2024\/06\/michelin-guide-slovenia-2024-225x300.jpg 225w, https:\/\/the-slovenia.com\/wp-content\/uploads\/2024\/06\/michelin-guide-slovenia-2024-768x1024.jpg 768w, https:\/\/the-slovenia.com\/wp-content\/uploads\/2024\/06\/michelin-guide-slovenia-2024-1152x1536.jpg 1152w, https:\/\/the-slovenia.com\/wp-content\/uploads\/2024\/06\/michelin-guide-slovenia-2024-150x200.jpg 150w, https:\/\/the-slovenia.com\/wp-content\/uploads\/2024\/06\/michelin-guide-slovenia-2024-300x400.jpg 300w, https:\/\/the-slovenia.com\/wp-content\/uploads\/2024\/06\/michelin-guide-slovenia-2024-696x928.jpg 696w, https:\/\/the-slovenia.com\/wp-content\/uploads\/2024\/06\/michelin-guide-slovenia-2024-1068x1424.jpg 1068w, https:\/\/the-slovenia.com\/wp-content\/uploads\/2024\/06\/michelin-guide-slovenia-2024-315x420.jpg 315w, https:\/\/the-slovenia.com\/wp-content\/uploads\/2024\/06\/michelin-guide-slovenia-2024-600x800.jpg 600w\" data-sizes=\"auto, (max-width: 150px) 100vw, 150px\" src=\"data:image\/gif;base64,R0lGODlhAQABAAAAACH5BAEKAAEALAAAAAABAAEAAAICTAEAOw==\" \/><noscript><img loading=\"lazy\" decoding=\"async\" style=\"max-width: 150px;\" width=\"150\" height=\"200\" src=\"https:\/\/the-slovenia.com\/wp-content\/uploads\/2024\/06\/michelin-guide-slovenia-2024.jpg\" class=\"attachment-150x999 size-150x999\" alt=\"\" srcset=\"https:\/\/the-slovenia.com\/wp-content\/uploads\/2024\/06\/michelin-guide-slovenia-2024.jpg 1536w, https:\/\/the-slovenia.com\/wp-content\/uploads\/2024\/06\/michelin-guide-slovenia-2024-225x300.jpg 225w, https:\/\/the-slovenia.com\/wp-content\/uploads\/2024\/06\/michelin-guide-slovenia-2024-768x1024.jpg 768w, https:\/\/the-slovenia.com\/wp-content\/uploads\/2024\/06\/michelin-guide-slovenia-2024-1152x1536.jpg 1152w, https:\/\/the-slovenia.com\/wp-content\/uploads\/2024\/06\/michelin-guide-slovenia-2024-150x200.jpg 150w, https:\/\/the-slovenia.com\/wp-content\/uploads\/2024\/06\/michelin-guide-slovenia-2024-300x400.jpg 300w, https:\/\/the-slovenia.com\/wp-content\/uploads\/2024\/06\/michelin-guide-slovenia-2024-696x928.jpg 696w, https:\/\/the-slovenia.com\/wp-content\/uploads\/2024\/06\/michelin-guide-slovenia-2024-1068x1424.jpg 1068w, https:\/\/the-slovenia.com\/wp-content\/uploads\/2024\/06\/michelin-guide-slovenia-2024-315x420.jpg 315w, https:\/\/the-slovenia.com\/wp-content\/uploads\/2024\/06\/michelin-guide-slovenia-2024-600x800.jpg 600w\" sizes=\"auto, (max-width: 150px) 100vw, 150px\" \/><\/noscript><\/div><\/div><div class=\"vlp-layout-zone-main\"><div class=\"vlp-block-0 vlp-link-title\">The MICHELIN Guide Slovenia 2025 &#8211; Results and awarded restaurants<\/div><div class=\"vlp-block-1 vlp-link-summary\">Slovenia has new Michelin stars! The Michelin culinary guide has revealed the Michelin stars for 2024 on June 18, 2024, and Slovenia has shined with new stars! This year, Restaurant Pavus, where Marko Pav\u010dnik creates, received a Michelin star for the first time.<\/div><\/div><\/div><div class=\"vlp-link-container vlp-layout-basic wp-block-visual-link-preview-link\"><a href=\"https:\/\/the-slovenia.com\/en\/slovenia\/slovenia-among-the-top-10-safest-countries-in-the-world\/\" class=\"vlp-link\" title=\"Slovenia is one of top 10 safest countries in the world\"><\/a><div class=\"vlp-layout-zone-side\"><div class=\"vlp-block-2 vlp-link-image\"><img loading=\"lazy\" decoding=\"async\" style=\"--smush-placeholder-width: 150px; --smush-placeholder-aspect-ratio: 150\/100;max-width: 150px;\" width=\"150\" height=\"100\" data-src=\"https:\/\/the-slovenia.com\/wp-content\/uploads\/2020\/05\/F007703-slovenia_by_anze_cokl_3-photo-s.jpg\" class=\"attachment-150x999 size-150x999 lazyload\" alt=\"\" data-srcset=\"https:\/\/the-slovenia.com\/wp-content\/uploads\/2020\/05\/F007703-slovenia_by_anze_cokl_3-photo-s.jpg 800w, https:\/\/the-slovenia.com\/wp-content\/uploads\/2020\/05\/F007703-slovenia_by_anze_cokl_3-photo-s-600x400.jpg 600w, https:\/\/the-slovenia.com\/wp-content\/uploads\/2020\/05\/F007703-slovenia_by_anze_cokl_3-photo-s-300x200.jpg 300w, https:\/\/the-slovenia.com\/wp-content\/uploads\/2020\/05\/F007703-slovenia_by_anze_cokl_3-photo-s-768x512.jpg 768w, https:\/\/the-slovenia.com\/wp-content\/uploads\/2020\/05\/F007703-slovenia_by_anze_cokl_3-photo-s-391x260.jpg 391w, https:\/\/the-slovenia.com\/wp-content\/uploads\/2020\/05\/F007703-slovenia_by_anze_cokl_3-photo-s-696x464.jpg 696w, https:\/\/the-slovenia.com\/wp-content\/uploads\/2020\/05\/F007703-slovenia_by_anze_cokl_3-photo-s-630x420.jpg 630w\" data-sizes=\"auto, (max-width: 150px) 100vw, 150px\" src=\"data:image\/gif;base64,R0lGODlhAQABAAAAACH5BAEKAAEALAAAAAABAAEAAAICTAEAOw==\" \/><noscript><img loading=\"lazy\" decoding=\"async\" style=\"max-width: 150px;\" width=\"150\" height=\"100\" src=\"https:\/\/the-slovenia.com\/wp-content\/uploads\/2020\/05\/F007703-slovenia_by_anze_cokl_3-photo-s.jpg\" class=\"attachment-150x999 size-150x999\" alt=\"\" srcset=\"https:\/\/the-slovenia.com\/wp-content\/uploads\/2020\/05\/F007703-slovenia_by_anze_cokl_3-photo-s.jpg 800w, https:\/\/the-slovenia.com\/wp-content\/uploads\/2020\/05\/F007703-slovenia_by_anze_cokl_3-photo-s-600x400.jpg 600w, https:\/\/the-slovenia.com\/wp-content\/uploads\/2020\/05\/F007703-slovenia_by_anze_cokl_3-photo-s-300x200.jpg 300w, https:\/\/the-slovenia.com\/wp-content\/uploads\/2020\/05\/F007703-slovenia_by_anze_cokl_3-photo-s-768x512.jpg 768w, https:\/\/the-slovenia.com\/wp-content\/uploads\/2020\/05\/F007703-slovenia_by_anze_cokl_3-photo-s-391x260.jpg 391w, https:\/\/the-slovenia.com\/wp-content\/uploads\/2020\/05\/F007703-slovenia_by_anze_cokl_3-photo-s-696x464.jpg 696w, https:\/\/the-slovenia.com\/wp-content\/uploads\/2020\/05\/F007703-slovenia_by_anze_cokl_3-photo-s-630x420.jpg 630w\" sizes=\"auto, (max-width: 150px) 100vw, 150px\" \/><\/noscript><\/div><\/div><div class=\"vlp-layout-zone-main\"><div class=\"vlp-block-0 vlp-link-title\">Slovenia is one of top 10 safest countries in the world<\/div><div class=\"vlp-block-1 vlp-link-summary\">Travel with confidence: Slovenia consistently ranks among the world\u2019s ten safest destinations, thanks to its low crime rates, reliable emergency services and welcoming communities. Whether you\u2019re exploring Ljubljana\u2019s charming old town, hiking the tranquil Triglav National Park or sipping wine in the coastal Karst region, you\u2019ll find peace of mind around every corner. Start planning your Slovenian adventure today\u2014featuring safe, well-maintained trails, seamless public transport and friendly locals ready to help ensure a stress-free, unforgettable journey. The Institute for Economics and Peace has released its&nbsp;Global Peace Index&nbsp;for 2024, an annual ranking of the world&#8217;s safest countries. To assemble the list, [&hellip;]<\/div><\/div><\/div><h2 class=\"wp-block-heading\"><strong>Slovenia Elected to UN Tourism Executive Board for the First Time<\/strong><\/h2><p>At the <strong>71st session of the UN Tourism Commission for Europe<\/strong>, currently underway in Baku, Azerbaijan, Slovenia achieved a significant milestone by being elected to the Executive Council of UN Tourism for the <strong>2025\u20132029<\/strong> term. This marks the first time in history that <strong>Slovenia will serve on this key decision-making body.<\/strong><\/p><p><strong>The Commission for Europe (CEU)&nbsp;<\/strong>serves as the highest regional coordination platform within UN Tourism, one of the specialized agencies of the United Nations. During this session, elections were held for several governing bodies, including&nbsp;<strong>the Executive Council<\/strong>. Slovenia\u2019s election will be officially confirmed at the General Assembly in the autumn.<\/p><p><strong>The Executive Council&nbsp;<\/strong>plays a crucial role in shaping the organization\u2019s strategic direction. It oversees the implementation of the General Assembly\u2019s decisions, receives activity reports from the Secretary-General, reviews work programmes, and ensures that UN Tourism functions efficiently within its budget. The Council is composed of member states elected in a ratio of one per every five full members, with fair geographic representation as a guiding principle. It meets twice a year.<\/p><figure class=\"wp-block-image size-large\"><a href=\"https:\/\/the-slovenia.com\/wp-content\/uploads\/2025\/07\/image-1.png\"><img loading=\"lazy\" decoding=\"async\" width=\"1024\" height=\"683\" data-src=\"https:\/\/the-slovenia.com\/wp-content\/uploads\/2025\/07\/image-1-1024x683.png\" alt=\"\" class=\"wp-image-177754 lazyload\" data-srcset=\"https:\/\/the-slovenia.com\/wp-content\/uploads\/2025\/07\/image-1-1024x683.png 1024w, https:\/\/the-slovenia.com\/wp-content\/uploads\/2025\/07\/image-1-300x200.png 300w, https:\/\/the-slovenia.com\/wp-content\/uploads\/2025\/07\/image-1-768x512.png 768w, https:\/\/the-slovenia.com\/wp-content\/uploads\/2025\/07\/image-1-630x420.png 630w, https:\/\/the-slovenia.com\/wp-content\/uploads\/2025\/07\/image-1-150x100.png 150w, https:\/\/the-slovenia.com\/wp-content\/uploads\/2025\/07\/image-1-696x464.png 696w, https:\/\/the-slovenia.com\/wp-content\/uploads\/2025\/07\/image-1-1068x712.png 1068w, https:\/\/the-slovenia.com\/wp-content\/uploads\/2025\/07\/image-1-600x400.png 600w, https:\/\/the-slovenia.com\/wp-content\/uploads\/2025\/07\/image-1.png 1200w\" data-sizes=\"auto, (max-width: 1024px) 100vw, 1024px\" src=\"data:image\/gif;base64,R0lGODlhAQABAAAAACH5BAEKAAEALAAAAAABAAEAAAICTAEAOw==\" style=\"--smush-placeholder-width: 1024px; --smush-placeholder-aspect-ratio: 1024\/683;\" \/><noscript><img loading=\"lazy\" decoding=\"async\" width=\"1024\" height=\"683\" src=\"https:\/\/the-slovenia.com\/wp-content\/uploads\/2025\/07\/image-1-1024x683.png\" alt=\"\" class=\"wp-image-177754\" srcset=\"https:\/\/the-slovenia.com\/wp-content\/uploads\/2025\/07\/image-1-1024x683.png 1024w, https:\/\/the-slovenia.com\/wp-content\/uploads\/2025\/07\/image-1-300x200.png 300w, https:\/\/the-slovenia.com\/wp-content\/uploads\/2025\/07\/image-1-768x512.png 768w, https:\/\/the-slovenia.com\/wp-content\/uploads\/2025\/07\/image-1-630x420.png 630w, https:\/\/the-slovenia.com\/wp-content\/uploads\/2025\/07\/image-1-150x100.png 150w, https:\/\/the-slovenia.com\/wp-content\/uploads\/2025\/07\/image-1-696x464.png 696w, https:\/\/the-slovenia.com\/wp-content\/uploads\/2025\/07\/image-1-1068x712.png 1068w, https:\/\/the-slovenia.com\/wp-content\/uploads\/2025\/07\/image-1-600x400.png 600w, https:\/\/the-slovenia.com\/wp-content\/uploads\/2025\/07\/image-1.png 1200w\" sizes=\"auto, (max-width: 1024px) 100vw, 1024px\" \/><\/noscript><\/a><figcaption class=\"wp-element-caption\">Slovenia tourism<\/figcaption><\/figure><div class=\"vlp-link-container vlp-layout-basic wp-block-visual-link-preview-link\"><a href=\"https:\/\/the-slovenia.com\/en\/slovenia\/slovenia-your-next-undiscovered-european-gem\/\" class=\"vlp-link\" title=\"Slovenia: Your Next Undiscovered European Gem\"><\/a><div class=\"vlp-layout-zone-side\"><div class=\"vlp-block-2 vlp-link-image\"><img loading=\"lazy\" decoding=\"async\" style=\"--smush-placeholder-width: 150px; --smush-placeholder-aspect-ratio: 150\/93;max-width: 150px;\" width=\"150\" height=\"93\" data-src=\"https:\/\/the-slovenia.com\/wp-content\/uploads\/2025\/06\/Velika-planina-SS-Denis-Belitsky-1-scaled.jpg\" class=\"attachment-150x999 size-150x999 lazyload\" alt=\"\" data-srcset=\"https:\/\/the-slovenia.com\/wp-content\/uploads\/2025\/06\/Velika-planina-SS-Denis-Belitsky-1-scaled.jpg 2560w, https:\/\/the-slovenia.com\/wp-content\/uploads\/2025\/06\/Velika-planina-SS-Denis-Belitsky-1-300x185.jpg 300w, https:\/\/the-slovenia.com\/wp-content\/uploads\/2025\/06\/Velika-planina-SS-Denis-Belitsky-1-1024x633.jpg 1024w, https:\/\/the-slovenia.com\/wp-content\/uploads\/2025\/06\/Velika-planina-SS-Denis-Belitsky-1-768x474.jpg 768w, https:\/\/the-slovenia.com\/wp-content\/uploads\/2025\/06\/Velika-planina-SS-Denis-Belitsky-1-1536x949.jpg 1536w, https:\/\/the-slovenia.com\/wp-content\/uploads\/2025\/06\/Velika-planina-SS-Denis-Belitsky-1-2048x1265.jpg 2048w, https:\/\/the-slovenia.com\/wp-content\/uploads\/2025\/06\/Velika-planina-SS-Denis-Belitsky-1-680x420.jpg 680w, https:\/\/the-slovenia.com\/wp-content\/uploads\/2025\/06\/Velika-planina-SS-Denis-Belitsky-1-150x93.jpg 150w, https:\/\/the-slovenia.com\/wp-content\/uploads\/2025\/06\/Velika-planina-SS-Denis-Belitsky-1-696x430.jpg 696w, https:\/\/the-slovenia.com\/wp-content\/uploads\/2025\/06\/Velika-planina-SS-Denis-Belitsky-1-1068x660.jpg 1068w, https:\/\/the-slovenia.com\/wp-content\/uploads\/2025\/06\/Velika-planina-SS-Denis-Belitsky-1-1920x1186.jpg 1920w, https:\/\/the-slovenia.com\/wp-content\/uploads\/2025\/06\/Velika-planina-SS-Denis-Belitsky-1-356x220.jpg 356w, https:\/\/the-slovenia.com\/wp-content\/uploads\/2025\/06\/Velika-planina-SS-Denis-Belitsky-1-600x371.jpg 600w\" data-sizes=\"auto, (max-width: 150px) 100vw, 150px\" src=\"data:image\/gif;base64,R0lGODlhAQABAAAAACH5BAEKAAEALAAAAAABAAEAAAICTAEAOw==\" \/><noscript><img loading=\"lazy\" decoding=\"async\" style=\"max-width: 150px;\" width=\"150\" height=\"93\" src=\"https:\/\/the-slovenia.com\/wp-content\/uploads\/2025\/06\/Velika-planina-SS-Denis-Belitsky-1-scaled.jpg\" class=\"attachment-150x999 size-150x999\" alt=\"\" srcset=\"https:\/\/the-slovenia.com\/wp-content\/uploads\/2025\/06\/Velika-planina-SS-Denis-Belitsky-1-scaled.jpg 2560w, https:\/\/the-slovenia.com\/wp-content\/uploads\/2025\/06\/Velika-planina-SS-Denis-Belitsky-1-300x185.jpg 300w, https:\/\/the-slovenia.com\/wp-content\/uploads\/2025\/06\/Velika-planina-SS-Denis-Belitsky-1-1024x633.jpg 1024w, https:\/\/the-slovenia.com\/wp-content\/uploads\/2025\/06\/Velika-planina-SS-Denis-Belitsky-1-768x474.jpg 768w, https:\/\/the-slovenia.com\/wp-content\/uploads\/2025\/06\/Velika-planina-SS-Denis-Belitsky-1-1536x949.jpg 1536w, https:\/\/the-slovenia.com\/wp-content\/uploads\/2025\/06\/Velika-planina-SS-Denis-Belitsky-1-2048x1265.jpg 2048w, https:\/\/the-slovenia.com\/wp-content\/uploads\/2025\/06\/Velika-planina-SS-Denis-Belitsky-1-680x420.jpg 680w, https:\/\/the-slovenia.com\/wp-content\/uploads\/2025\/06\/Velika-planina-SS-Denis-Belitsky-1-150x93.jpg 150w, https:\/\/the-slovenia.com\/wp-content\/uploads\/2025\/06\/Velika-planina-SS-Denis-Belitsky-1-696x430.jpg 696w, https:\/\/the-slovenia.com\/wp-content\/uploads\/2025\/06\/Velika-planina-SS-Denis-Belitsky-1-1068x660.jpg 1068w, https:\/\/the-slovenia.com\/wp-content\/uploads\/2025\/06\/Velika-planina-SS-Denis-Belitsky-1-1920x1186.jpg 1920w, https:\/\/the-slovenia.com\/wp-content\/uploads\/2025\/06\/Velika-planina-SS-Denis-Belitsky-1-356x220.jpg 356w, https:\/\/the-slovenia.com\/wp-content\/uploads\/2025\/06\/Velika-planina-SS-Denis-Belitsky-1-600x371.jpg 600w\" sizes=\"auto, (max-width: 150px) 100vw, 150px\" \/><\/noscript><\/div><\/div><div class=\"vlp-layout-zone-main\"><div class=\"vlp-block-0 vlp-link-title\">Slovenia: Your Next Undiscovered European Gem<\/div><div class=\"vlp-block-1 vlp-link-summary\">Nestled in the heart of Central Europe, Slovenia is a small yet remarkably diverse country that often escapes the radar of international travelers. Bordered by Italy to the west, Austria to the north, Hungary to the northeast, and Croatia to the south and southeast, Slovenia also boasts a short stretch of pristine coastline along the Adriatic Sea. With a total area of just 20,271 km\u00b2 and a population of roughly 2.1 million, Slovenia may appear compact on a map, but it offers an astonishing range of landscapes, cultures, and experiences that rival much larger nations . Where is Slovenia and [&hellip;]<\/div><\/div><\/div><div class=\"vlp-link-container vlp-layout-basic wp-block-visual-link-preview-link\"><a href=\"https:\/\/the-slovenia.com\/en\/slovenia-travel\/is-there-uber-in-slovenia\/\" class=\"vlp-link\" title=\"Is there Uber in Slovenia?\"><\/a><div class=\"vlp-layout-zone-side\"><div class=\"vlp-block-2 vlp-link-image\"><img loading=\"lazy\" decoding=\"async\" style=\"--smush-placeholder-width: 150px; --smush-placeholder-aspect-ratio: 150\/84;max-width: 150px;\" width=\"150\" height=\"84\" data-src=\"https:\/\/the-slovenia.com\/wp-content\/uploads\/2024\/09\/106428844_ubergetty2.jpg.webp\" class=\"attachment-150x999 size-150x999 lazyload\" alt=\"\" data-srcset=\"https:\/\/the-slovenia.com\/wp-content\/uploads\/2024\/09\/106428844_ubergetty2.jpg.webp 480w, https:\/\/the-slovenia.com\/wp-content\/uploads\/2024\/09\/106428844_ubergetty2.jpg-300x169.webp 300w, https:\/\/the-slovenia.com\/wp-content\/uploads\/2024\/09\/106428844_ubergetty2.jpg-150x84.webp 150w\" data-sizes=\"auto, (max-width: 150px) 100vw, 150px\" src=\"data:image\/gif;base64,R0lGODlhAQABAAAAACH5BAEKAAEALAAAAAABAAEAAAICTAEAOw==\" \/><noscript><img loading=\"lazy\" decoding=\"async\" style=\"max-width: 150px;\" width=\"150\" height=\"84\" src=\"https:\/\/the-slovenia.com\/wp-content\/uploads\/2024\/09\/106428844_ubergetty2.jpg.webp\" class=\"attachment-150x999 size-150x999\" alt=\"\" srcset=\"https:\/\/the-slovenia.com\/wp-content\/uploads\/2024\/09\/106428844_ubergetty2.jpg.webp 480w, https:\/\/the-slovenia.com\/wp-content\/uploads\/2024\/09\/106428844_ubergetty2.jpg-300x169.webp 300w, https:\/\/the-slovenia.com\/wp-content\/uploads\/2024\/09\/106428844_ubergetty2.jpg-150x84.webp 150w\" sizes=\"auto, (max-width: 150px) 100vw, 150px\" \/><\/noscript><\/div><\/div><div class=\"vlp-layout-zone-main\"><div class=\"vlp-block-0 vlp-link-title\">Is there Uber in Slovenia?<\/div><div class=\"vlp-block-1 vlp-link-summary\">Uber, the global provider of on-demand transportation services, officially launched in Slovenia on May 20, 2025, marking a significant step toward modern and digital mobility solutions for Slovenian cities. The launch initially covers the greater Ljubljana area, offering improved accessibility and transportation options for both residents and visitors of the capital. When did Uber come to Slovenia? Uber officially started operating in Slovenia on May 20, 2025. As of that date, the popular ride-hailing platform became available in the wider Ljubljana area, providing locals and tourists with a new, convenient way to book taxi services quickly and easily via the [&hellip;]<\/div><\/div><\/div><h2 class=\"wp-block-heading\"><strong>Prime Minister Golob: &#8220;Security and dignity for the current and future generations of pensioners&#8221;<\/strong><\/h2><p>Prime Minister Robert Golob today attended the Days of Intergenerational Coexistence Festival at Ljubljana&#8217;s Exhibition and Convention Centre, which has been organised for the fifth consecutive year by the Association of Pensioners&#8217; Societies of Slovenia (ZDUS). The Prime Minister also gave an address to the assembled audience.<\/p><figure class=\"wp-block-image size-full\"><a href=\"https:\/\/the-slovenia.com\/wp-content\/uploads\/2025\/07\/image.png\"><img loading=\"lazy\" decoding=\"async\" width=\"980\" height=\"653\" data-src=\"https:\/\/the-slovenia.com\/wp-content\/uploads\/2025\/07\/image.png\" alt=\"\" class=\"wp-image-177752 lazyload\" data-srcset=\"https:\/\/the-slovenia.com\/wp-content\/uploads\/2025\/07\/image.png 980w, https:\/\/the-slovenia.com\/wp-content\/uploads\/2025\/07\/image-300x200.png 300w, https:\/\/the-slovenia.com\/wp-content\/uploads\/2025\/07\/image-768x512.png 768w, https:\/\/the-slovenia.com\/wp-content\/uploads\/2025\/07\/image-630x420.png 630w, https:\/\/the-slovenia.com\/wp-content\/uploads\/2025\/07\/image-150x100.png 150w, https:\/\/the-slovenia.com\/wp-content\/uploads\/2025\/07\/image-696x464.png 696w, https:\/\/the-slovenia.com\/wp-content\/uploads\/2025\/07\/image-600x400.png 600w\" data-sizes=\"auto, (max-width: 980px) 100vw, 980px\" src=\"data:image\/gif;base64,R0lGODlhAQABAAAAACH5BAEKAAEALAAAAAABAAEAAAICTAEAOw==\" style=\"--smush-placeholder-width: 980px; --smush-placeholder-aspect-ratio: 980\/653;\" \/><noscript><img loading=\"lazy\" decoding=\"async\" width=\"980\" height=\"653\" src=\"https:\/\/the-slovenia.com\/wp-content\/uploads\/2025\/07\/image.png\" alt=\"\" class=\"wp-image-177752\" srcset=\"https:\/\/the-slovenia.com\/wp-content\/uploads\/2025\/07\/image.png 980w, https:\/\/the-slovenia.com\/wp-content\/uploads\/2025\/07\/image-300x200.png 300w, https:\/\/the-slovenia.com\/wp-content\/uploads\/2025\/07\/image-768x512.png 768w, https:\/\/the-slovenia.com\/wp-content\/uploads\/2025\/07\/image-630x420.png 630w, https:\/\/the-slovenia.com\/wp-content\/uploads\/2025\/07\/image-150x100.png 150w, https:\/\/the-slovenia.com\/wp-content\/uploads\/2025\/07\/image-696x464.png 696w, https:\/\/the-slovenia.com\/wp-content\/uploads\/2025\/07\/image-600x400.png 600w\" sizes=\"auto, (max-width: 980px) 100vw, 980px\" \/><\/noscript><\/a><figcaption class=\"wp-element-caption\">Slovenia news<\/figcaption><\/figure><hr class=\"wp-block-separator has-alpha-channel-opacity\"\/><h3 class=\"wp-block-heading\">\ud83c\udf81 <strong>Gift of the Week: <em>The Slovenia Lakes Quiz<\/em><\/strong><\/h3><p>Looking for a fun and educational way to explore Slovenia\u2019s natural beauty? This week\u2019s featured gift is the <strong><em>Slovenia Lakes Quiz<\/em><\/strong>, a beautifully designed card game that challenges your knowledge of Slovenia\u2019s <strong>most stunning lakes<\/strong>. Whether you&#8217;re a local nature lover or a curious traveler, this game is perfect for family nights, road trips, or as a unique souvenir.<\/p><p>With 55 question cards, the quiz covers trivia on <strong>Lake Bled, Lake Bohinj, Lake Cerknica<\/strong>, and more \u2013 from geographical facts to cultural stories.<\/p><p>Available at <em><strong>The Slovenia Shop<\/strong><\/em> \u2013 a great gift idea for adventurers, trivia buffs, or anyone enchanted by Slovenia&#8217;s crystal-clear waters.<\/p><p><a class=\"\" href=\"https:\/\/the-slovenia.com\/en\/product\/lakes-quiz\/\">Order now<\/a> and make your next game night a journey through Slovenia\u2019s lakes!<\/p><figure class=\"wp-block-image size-full\"><a href=\"https:\/\/the-slovenia.com\/wp-content\/uploads\/2025\/04\/image-50.png\"><img loading=\"lazy\" decoding=\"async\" width=\"1024\" height=\"768\" data-src=\"https:\/\/the-slovenia.com\/wp-content\/uploads\/2025\/04\/image-50.png\" alt=\"\" class=\"wp-image-175440 lazyload\" data-srcset=\"https:\/\/the-slovenia.com\/wp-content\/uploads\/2025\/04\/image-50.png 1024w, https:\/\/the-slovenia.com\/wp-content\/uploads\/2025\/04\/image-50-300x225.png 300w, https:\/\/the-slovenia.com\/wp-content\/uploads\/2025\/04\/image-50-768x576.png 768w, https:\/\/the-slovenia.com\/wp-content\/uploads\/2025\/04\/image-50-560x420.png 560w, https:\/\/the-slovenia.com\/wp-content\/uploads\/2025\/04\/image-50-80x60.png 80w, https:\/\/the-slovenia.com\/wp-content\/uploads\/2025\/04\/image-50-150x113.png 150w, https:\/\/the-slovenia.com\/wp-content\/uploads\/2025\/04\/image-50-696x522.png 696w, https:\/\/the-slovenia.com\/wp-content\/uploads\/2025\/04\/image-50-265x198.png 265w, https:\/\/the-slovenia.com\/wp-content\/uploads\/2025\/04\/image-50-600x450.png 600w\" data-sizes=\"auto, (max-width: 1024px) 100vw, 1024px\" src=\"data:image\/gif;base64,R0lGODlhAQABAAAAACH5BAEKAAEALAAAAAABAAEAAAICTAEAOw==\" style=\"--smush-placeholder-width: 1024px; --smush-placeholder-aspect-ratio: 1024\/768;\" \/><noscript><img loading=\"lazy\" decoding=\"async\" width=\"1024\" height=\"768\" src=\"https:\/\/the-slovenia.com\/wp-content\/uploads\/2025\/04\/image-50.png\" alt=\"\" class=\"wp-image-175440\" srcset=\"https:\/\/the-slovenia.com\/wp-content\/uploads\/2025\/04\/image-50.png 1024w, https:\/\/the-slovenia.com\/wp-content\/uploads\/2025\/04\/image-50-300x225.png 300w, https:\/\/the-slovenia.com\/wp-content\/uploads\/2025\/04\/image-50-768x576.png 768w, https:\/\/the-slovenia.com\/wp-content\/uploads\/2025\/04\/image-50-560x420.png 560w, https:\/\/the-slovenia.com\/wp-content\/uploads\/2025\/04\/image-50-80x60.png 80w, https:\/\/the-slovenia.com\/wp-content\/uploads\/2025\/04\/image-50-150x113.png 150w, https:\/\/the-slovenia.com\/wp-content\/uploads\/2025\/04\/image-50-696x522.png 696w, https:\/\/the-slovenia.com\/wp-content\/uploads\/2025\/04\/image-50-265x198.png 265w, https:\/\/the-slovenia.com\/wp-content\/uploads\/2025\/04\/image-50-600x450.png 600w\" sizes=\"auto, (max-width: 1024px) 100vw, 1024px\" \/><\/noscript><\/a><figcaption class=\"wp-element-caption\">Slovenian lakes<\/figcaption><\/figure><div class=\"vlp-link-container vlp-layout-basic wp-block-visual-link-preview-link\"><a href=\"https:\/\/the-slovenia.com\/en\/gifts\/the-best-gifts-from-slovenia\/\" class=\"vlp-link\" title=\"The Best Gifts from Slovenia\"><\/a><div class=\"vlp-layout-zone-side\"><div class=\"vlp-block-2 vlp-link-image\"><img loading=\"lazy\" decoding=\"async\" style=\"--smush-placeholder-width: 150px; --smush-placeholder-aspect-ratio: 150\/100;max-width: 150px;\" width=\"150\" height=\"100\" data-src=\"https:\/\/the-slovenia.com\/wp-content\/uploads\/2024\/12\/20241025_0066.webp\" class=\"attachment-150x999 size-150x999 lazyload\" alt=\"\" data-srcset=\"https:\/\/the-slovenia.com\/wp-content\/uploads\/2024\/12\/20241025_0066.webp 480w, https:\/\/the-slovenia.com\/wp-content\/uploads\/2024\/12\/20241025_0066-300x200.webp 300w, https:\/\/the-slovenia.com\/wp-content\/uploads\/2024\/12\/20241025_0066-150x100.webp 150w\" data-sizes=\"auto, (max-width: 150px) 100vw, 150px\" src=\"data:image\/gif;base64,R0lGODlhAQABAAAAACH5BAEKAAEALAAAAAABAAEAAAICTAEAOw==\" \/><noscript><img loading=\"lazy\" decoding=\"async\" style=\"--smush-placeholder-width: 150px; --smush-placeholder-aspect-ratio: 150\/100;max-width: 150px;\" width=\"150\" height=\"100\" data-src=\"https:\/\/the-slovenia.com\/wp-content\/uploads\/2024\/12\/20241025_0066.webp\" class=\"attachment-150x999 size-150x999 lazyload\" alt=\"\" data-srcset=\"https:\/\/the-slovenia.com\/wp-content\/uploads\/2024\/12\/20241025_0066.webp 480w, https:\/\/the-slovenia.com\/wp-content\/uploads\/2024\/12\/20241025_0066-300x200.webp 300w, https:\/\/the-slovenia.com\/wp-content\/uploads\/2024\/12\/20241025_0066-150x100.webp 150w\" data-sizes=\"auto, (max-width: 150px) 100vw, 150px\" src=\"data:image\/gif;base64,R0lGODlhAQABAAAAACH5BAEKAAEALAAAAAABAAEAAAICTAEAOw==\" \/><noscript><img loading=\"lazy\" decoding=\"async\" style=\"max-width: 150px;\" width=\"150\" height=\"100\" src=\"https:\/\/the-slovenia.com\/wp-content\/uploads\/2024\/12\/20241025_0066.webp\" class=\"attachment-150x999 size-150x999\" alt=\"\" srcset=\"https:\/\/the-slovenia.com\/wp-content\/uploads\/2024\/12\/20241025_0066.webp 480w, https:\/\/the-slovenia.com\/wp-content\/uploads\/2024\/12\/20241025_0066-300x200.webp 300w, https:\/\/the-slovenia.com\/wp-content\/uploads\/2024\/12\/20241025_0066-150x100.webp 150w\" sizes=\"auto, (max-width: 150px) 100vw, 150px\" \/><\/noscript><\/noscript><\/div><\/div><div class=\"vlp-layout-zone-main\"><div class=\"vlp-block-0 vlp-link-title\">The Best Gifts from Slovenia<\/div><div class=\"vlp-block-1 vlp-link-summary\">Slovenia, a country of rich cultural heritage and breathtaking landscapes, offers an array of unique gifts that perfectly blend tradition with modern creativity. In 2025, thoughtful and sustainable gifting remains more popular than ever, making Slovenian artisanal products an excellent choice for souvenirs or special presents. From locally crafted delicacies to eco-friendly innovations and exquisite handmade designs, each gift embodies the spirit of Slovenia\u2019s craftsmanship and heritage. Whether you&#8217;re looking for something timeless or trendy, here are the top gifts to bring home from Slovenia this year. Equa Water Bottles Equa is a Slovenian brand renowned for its stylish and [&hellip;]<\/div><\/div><\/div><hr class=\"wp-block-separator has-alpha-channel-opacity\"\/><h3 class=\"wp-block-heading\"><strong>Find the Best Events in Slovenia \u2013 All in One Place<\/strong><\/h3><p>Looking for concerts, festivals, cultural happenings, culinary experiences, or sports events across Slovenia? \ud83c\udf89<br>Our <strong>Events Calendar<\/strong> brings you the most complete and curated collection of upcoming events from all over the country. Whether you\u2019re planning a trip, a weekend outing, or just want to discover something new, you can easily filter events by <strong>city, venue, date<\/strong>, or <strong>category<\/strong> to find exactly what inspires you.<\/p><p>From <strong>Ljubljana\u2019s vibrant nightlife<\/strong> to <strong>Alpine village celebrations<\/strong>, and from <strong>wine tastings<\/strong> to <strong>outdoor adventures<\/strong>, we\u2019ve got everything in one place \u2013 updated daily, and easy to explore.<\/p><p><strong>Don\u2019t miss out \u2013 see what\u2019s happening right now:<\/strong><br> <a href=\"https:\/\/the-slovenia.com\/en\/events-in-slovenia\/\">Explore Events in Slovenia<\/a><\/p><figure class=\"wp-block-image size-large\"><a href=\"https:\/\/the-slovenia.com\/wp-content\/uploads\/2025\/04\/image-52.png\"><img loading=\"lazy\" decoding=\"async\" width=\"1024\" height=\"683\" data-src=\"https:\/\/the-slovenia.com\/wp-content\/uploads\/2025\/04\/image-52-1024x683.png\" alt=\"\" class=\"wp-image-175444 lazyload\" data-srcset=\"https:\/\/the-slovenia.com\/wp-content\/uploads\/2025\/04\/image-52-1024x683.png 1024w, https:\/\/the-slovenia.com\/wp-content\/uploads\/2025\/04\/image-52-300x200.png 300w, https:\/\/the-slovenia.com\/wp-content\/uploads\/2025\/04\/image-52-768x512.png 768w, https:\/\/the-slovenia.com\/wp-content\/uploads\/2025\/04\/image-52-630x420.png 630w, https:\/\/the-slovenia.com\/wp-content\/uploads\/2025\/04\/image-52-150x100.png 150w, https:\/\/the-slovenia.com\/wp-content\/uploads\/2025\/04\/image-52-696x464.png 696w, https:\/\/the-slovenia.com\/wp-content\/uploads\/2025\/04\/image-52-1068x712.png 1068w, https:\/\/the-slovenia.com\/wp-content\/uploads\/2025\/04\/image-52-600x400.png 600w, https:\/\/the-slovenia.com\/wp-content\/uploads\/2025\/04\/image-52.png 1200w\" data-sizes=\"auto, (max-width: 1024px) 100vw, 1024px\" src=\"data:image\/gif;base64,R0lGODlhAQABAAAAACH5BAEKAAEALAAAAAABAAEAAAICTAEAOw==\" style=\"--smush-placeholder-width: 1024px; --smush-placeholder-aspect-ratio: 1024\/683;\" \/><noscript><img loading=\"lazy\" decoding=\"async\" width=\"1024\" height=\"683\" src=\"https:\/\/the-slovenia.com\/wp-content\/uploads\/2025\/04\/image-52-1024x683.png\" alt=\"\" class=\"wp-image-175444\" srcset=\"https:\/\/the-slovenia.com\/wp-content\/uploads\/2025\/04\/image-52-1024x683.png 1024w, https:\/\/the-slovenia.com\/wp-content\/uploads\/2025\/04\/image-52-300x200.png 300w, https:\/\/the-slovenia.com\/wp-content\/uploads\/2025\/04\/image-52-768x512.png 768w, https:\/\/the-slovenia.com\/wp-content\/uploads\/2025\/04\/image-52-630x420.png 630w, https:\/\/the-slovenia.com\/wp-content\/uploads\/2025\/04\/image-52-150x100.png 150w, https:\/\/the-slovenia.com\/wp-content\/uploads\/2025\/04\/image-52-696x464.png 696w, https:\/\/the-slovenia.com\/wp-content\/uploads\/2025\/04\/image-52-1068x712.png 1068w, https:\/\/the-slovenia.com\/wp-content\/uploads\/2025\/04\/image-52-600x400.png 600w, https:\/\/the-slovenia.com\/wp-content\/uploads\/2025\/04\/image-52.png 1200w\" sizes=\"auto, (max-width: 1024px) 100vw, 1024px\" \/><\/noscript><\/a><figcaption class=\"wp-element-caption\">events Slovenia<\/figcaption><\/figure><p><\/p><div class=\"vlp-link-container vlp-layout-basic wp-block-visual-link-preview-link\"><a href=\"https:\/\/the-slovenia.com\/en\/events-in-ljubljana\/best-events-in-ljubljana-2025-what-you-cant-miss\/\" class=\"vlp-link\" title=\"Best events in Ljubljana 2025 \u2013 What you can\u2019t miss\"><\/a><div class=\"vlp-layout-zone-side\"><div class=\"vlp-block-2 vlp-link-image\"><img loading=\"lazy\" decoding=\"async\" style=\"--smush-placeholder-width: 150px; --smush-placeholder-aspect-ratio: 150\/81;max-width: 150px;\" width=\"150\" height=\"81\" data-src=\"https:\/\/the-slovenia.com\/wp-content\/uploads\/2025\/01\/image-36.png\" class=\"attachment-150x999 size-150x999 lazyload\" alt=\"\" data-srcset=\"https:\/\/the-slovenia.com\/wp-content\/uploads\/2025\/01\/image-36.png 1920w, https:\/\/the-slovenia.com\/wp-content\/uploads\/2025\/01\/image-36-300x163.png 300w, https:\/\/the-slovenia.com\/wp-content\/uploads\/2025\/01\/image-36-1024x555.png 1024w, https:\/\/the-slovenia.com\/wp-content\/uploads\/2025\/01\/image-36-768x416.png 768w, https:\/\/the-slovenia.com\/wp-content\/uploads\/2025\/01\/image-36-1536x832.png 1536w, https:\/\/the-slovenia.com\/wp-content\/uploads\/2025\/01\/image-36-775x420.png 775w, https:\/\/the-slovenia.com\/wp-content\/uploads\/2025\/01\/image-36-150x81.png 150w, https:\/\/the-slovenia.com\/wp-content\/uploads\/2025\/01\/image-36-696x377.png 696w, https:\/\/the-slovenia.com\/wp-content\/uploads\/2025\/01\/image-36-1068x580.png 1068w, https:\/\/the-slovenia.com\/wp-content\/uploads\/2025\/01\/image-36-600x325.png 600w\" data-sizes=\"auto, (max-width: 150px) 100vw, 150px\" src=\"data:image\/gif;base64,R0lGODlhAQABAAAAACH5BAEKAAEALAAAAAABAAEAAAICTAEAOw==\" \/><noscript><img loading=\"lazy\" decoding=\"async\" style=\"max-width: 150px;\" width=\"150\" height=\"81\" src=\"https:\/\/the-slovenia.com\/wp-content\/uploads\/2025\/01\/image-36.png\" class=\"attachment-150x999 size-150x999\" alt=\"\" srcset=\"https:\/\/the-slovenia.com\/wp-content\/uploads\/2025\/01\/image-36.png 1920w, https:\/\/the-slovenia.com\/wp-content\/uploads\/2025\/01\/image-36-300x163.png 300w, https:\/\/the-slovenia.com\/wp-content\/uploads\/2025\/01\/image-36-1024x555.png 1024w, https:\/\/the-slovenia.com\/wp-content\/uploads\/2025\/01\/image-36-768x416.png 768w, https:\/\/the-slovenia.com\/wp-content\/uploads\/2025\/01\/image-36-1536x832.png 1536w, https:\/\/the-slovenia.com\/wp-content\/uploads\/2025\/01\/image-36-775x420.png 775w, https:\/\/the-slovenia.com\/wp-content\/uploads\/2025\/01\/image-36-150x81.png 150w, https:\/\/the-slovenia.com\/wp-content\/uploads\/2025\/01\/image-36-696x377.png 696w, https:\/\/the-slovenia.com\/wp-content\/uploads\/2025\/01\/image-36-1068x580.png 1068w, https:\/\/the-slovenia.com\/wp-content\/uploads\/2025\/01\/image-36-600x325.png 600w\" sizes=\"auto, (max-width: 150px) 100vw, 150px\" \/><\/noscript><\/div><\/div><div class=\"vlp-layout-zone-main\"><div class=\"vlp-block-0 vlp-link-title\">Best events in Ljubljana 2025 \u2013 What you can\u2019t miss<\/div><div class=\"vlp-block-1 vlp-link-summary\">Culture has always been an essential part of tourism, and in recent years, it has become an increasingly important motivation for travel worldwide. Cultural events are among the most visible and attractive manifestations of this trend\u2014for both local and international visitors. In 2025, Ljubljana will host numerous high-profile and diverse cultural events that will enrich the capital\u2019s atmosphere. Here are some of the key events you simply cannot miss! LUV Fest \u2013 Festival of Love, Art, and Wandering LUV Fest is a unique cultural festival that begins on February 8, Slovenia\u2019s national cultural holiday. The festival\u2019s central theme, now in [&hellip;]<\/div><\/div><\/div><div class=\"vlp-link-container vlp-layout-basic wp-block-visual-link-preview-link\"><a href=\"https:\/\/the-slovenia.com\/en\/slovenia\/best-of-slovenia\/the-best-wellness-health-beauty-experience-in-slovenia\/\" class=\"vlp-link\" title=\"The Best Wellness, Health &amp; Beauty experience in Slovenia\"><\/a><div class=\"vlp-layout-zone-side\"><div class=\"vlp-block-2 vlp-link-image\"><img loading=\"lazy\" decoding=\"async\" style=\"--smush-placeholder-width: 150px; --smush-placeholder-aspect-ratio: 150\/100;max-width: 150px;\" width=\"150\" height=\"100\" data-src=\"https:\/\/the-slovenia.com\/wp-content\/uploads\/2025\/02\/bb599cbfea6395d271ff91d200db8fc8-66052d24d643f-scaled.jpg\" class=\"attachment-150x999 size-150x999 lazyload\" alt=\"\" data-srcset=\"https:\/\/the-slovenia.com\/wp-content\/uploads\/2025\/02\/bb599cbfea6395d271ff91d200db8fc8-66052d24d643f-scaled.jpg 2560w, https:\/\/the-slovenia.com\/wp-content\/uploads\/2025\/02\/bb599cbfea6395d271ff91d200db8fc8-66052d24d643f-300x200.jpg 300w, https:\/\/the-slovenia.com\/wp-content\/uploads\/2025\/02\/bb599cbfea6395d271ff91d200db8fc8-66052d24d643f-1024x683.jpg 1024w, https:\/\/the-slovenia.com\/wp-content\/uploads\/2025\/02\/bb599cbfea6395d271ff91d200db8fc8-66052d24d643f-768x512.jpg 768w, https:\/\/the-slovenia.com\/wp-content\/uploads\/2025\/02\/bb599cbfea6395d271ff91d200db8fc8-66052d24d643f-1536x1024.jpg 1536w, https:\/\/the-slovenia.com\/wp-content\/uploads\/2025\/02\/bb599cbfea6395d271ff91d200db8fc8-66052d24d643f-2048x1365.jpg 2048w, https:\/\/the-slovenia.com\/wp-content\/uploads\/2025\/02\/bb599cbfea6395d271ff91d200db8fc8-66052d24d643f-630x420.jpg 630w, https:\/\/the-slovenia.com\/wp-content\/uploads\/2025\/02\/bb599cbfea6395d271ff91d200db8fc8-66052d24d643f-150x100.jpg 150w, https:\/\/the-slovenia.com\/wp-content\/uploads\/2025\/02\/bb599cbfea6395d271ff91d200db8fc8-66052d24d643f-696x464.jpg 696w, https:\/\/the-slovenia.com\/wp-content\/uploads\/2025\/02\/bb599cbfea6395d271ff91d200db8fc8-66052d24d643f-1068x712.jpg 1068w, https:\/\/the-slovenia.com\/wp-content\/uploads\/2025\/02\/bb599cbfea6395d271ff91d200db8fc8-66052d24d643f-1920x1280.jpg 1920w, https:\/\/the-slovenia.com\/wp-content\/uploads\/2025\/02\/bb599cbfea6395d271ff91d200db8fc8-66052d24d643f-600x400.jpg 600w\" data-sizes=\"auto, (max-width: 150px) 100vw, 150px\" src=\"data:image\/gif;base64,R0lGODlhAQABAAAAACH5BAEKAAEALAAAAAABAAEAAAICTAEAOw==\" \/><noscript><img loading=\"lazy\" decoding=\"async\" style=\"max-width: 150px;\" width=\"150\" height=\"100\" src=\"https:\/\/the-slovenia.com\/wp-content\/uploads\/2025\/02\/bb599cbfea6395d271ff91d200db8fc8-66052d24d643f-scaled.jpg\" class=\"attachment-150x999 size-150x999\" alt=\"\" srcset=\"https:\/\/the-slovenia.com\/wp-content\/uploads\/2025\/02\/bb599cbfea6395d271ff91d200db8fc8-66052d24d643f-scaled.jpg 2560w, https:\/\/the-slovenia.com\/wp-content\/uploads\/2025\/02\/bb599cbfea6395d271ff91d200db8fc8-66052d24d643f-300x200.jpg 300w, https:\/\/the-slovenia.com\/wp-content\/uploads\/2025\/02\/bb599cbfea6395d271ff91d200db8fc8-66052d24d643f-1024x683.jpg 1024w, https:\/\/the-slovenia.com\/wp-content\/uploads\/2025\/02\/bb599cbfea6395d271ff91d200db8fc8-66052d24d643f-768x512.jpg 768w, https:\/\/the-slovenia.com\/wp-content\/uploads\/2025\/02\/bb599cbfea6395d271ff91d200db8fc8-66052d24d643f-1536x1024.jpg 1536w, https:\/\/the-slovenia.com\/wp-content\/uploads\/2025\/02\/bb599cbfea6395d271ff91d200db8fc8-66052d24d643f-2048x1365.jpg 2048w, https:\/\/the-slovenia.com\/wp-content\/uploads\/2025\/02\/bb599cbfea6395d271ff91d200db8fc8-66052d24d643f-630x420.jpg 630w, https:\/\/the-slovenia.com\/wp-content\/uploads\/2025\/02\/bb599cbfea6395d271ff91d200db8fc8-66052d24d643f-150x100.jpg 150w, https:\/\/the-slovenia.com\/wp-content\/uploads\/2025\/02\/bb599cbfea6395d271ff91d200db8fc8-66052d24d643f-696x464.jpg 696w, https:\/\/the-slovenia.com\/wp-content\/uploads\/2025\/02\/bb599cbfea6395d271ff91d200db8fc8-66052d24d643f-1068x712.jpg 1068w, https:\/\/the-slovenia.com\/wp-content\/uploads\/2025\/02\/bb599cbfea6395d271ff91d200db8fc8-66052d24d643f-1920x1280.jpg 1920w, https:\/\/the-slovenia.com\/wp-content\/uploads\/2025\/02\/bb599cbfea6395d271ff91d200db8fc8-66052d24d643f-600x400.jpg 600w\" sizes=\"auto, (max-width: 150px) 100vw, 150px\" \/><\/noscript><\/div><\/div><div class=\"vlp-layout-zone-main\"><div class=\"vlp-block-0 vlp-link-title\">The Best Wellness, Health &amp; Beauty experience in Slovenia<\/div><div class=\"vlp-block-1 vlp-link-summary\">Slovenia is a haven for relaxation, rejuvenation, and self-care, offering a wide array of wellness, health, and beauty experiences. From luxurious spas and thermal resorts to cutting-edge medical centers and aesthetic clinics, here are some of the best places to unwind and revitalize in Slovenia. 1. Lendava Thermal Resort Nestled in the picturesque countryside of Lendava, this thermal resort is the perfect place to escape from daily stress. The resort boasts mineral-rich thermal pools, spa treatments, and wellness programs designed to promote relaxation and well-being. 2. Victoria Wellness Club, Ljubljana A true oasis in the heart of Ljubljana, Victoria Wellness [&hellip;]<\/div><\/div><\/div><div class=\"vlp-link-container vlp-layout-basic wp-block-visual-link-preview-link\"><a href=\"https:\/\/the-slovenia.com\/en\/slovenia\/best-of-slovenia\/the-best-national-museums-in-slovenia\/\" class=\"vlp-link\" title=\"The Best National Museums in Slovenia\"><\/a><div class=\"vlp-layout-zone-side\"><div class=\"vlp-block-2 vlp-link-image\"><img loading=\"lazy\" decoding=\"async\" style=\"--smush-placeholder-width: 150px; --smush-placeholder-aspect-ratio: 150\/100;max-width: 150px;\" width=\"150\" height=\"100\" data-src=\"https:\/\/the-slovenia.com\/wp-content\/uploads\/2025\/02\/muzejska_200let-scaled.jpg\" class=\"attachment-150x999 size-150x999 lazyload\" alt=\"\" data-srcset=\"https:\/\/the-slovenia.com\/wp-content\/uploads\/2025\/02\/muzejska_200let-scaled.jpg 2560w, https:\/\/the-slovenia.com\/wp-content\/uploads\/2025\/02\/muzejska_200let-300x200.jpg 300w, https:\/\/the-slovenia.com\/wp-content\/uploads\/2025\/02\/muzejska_200let-1024x683.jpg 1024w, https:\/\/the-slovenia.com\/wp-content\/uploads\/2025\/02\/muzejska_200let-768x512.jpg 768w, https:\/\/the-slovenia.com\/wp-content\/uploads\/2025\/02\/muzejska_200let-1536x1024.jpg 1536w, https:\/\/the-slovenia.com\/wp-content\/uploads\/2025\/02\/muzejska_200let-2048x1365.jpg 2048w, https:\/\/the-slovenia.com\/wp-content\/uploads\/2025\/02\/muzejska_200let-630x420.jpg 630w, https:\/\/the-slovenia.com\/wp-content\/uploads\/2025\/02\/muzejska_200let-150x100.jpg 150w, https:\/\/the-slovenia.com\/wp-content\/uploads\/2025\/02\/muzejska_200let-696x464.jpg 696w, https:\/\/the-slovenia.com\/wp-content\/uploads\/2025\/02\/muzejska_200let-1068x712.jpg 1068w, https:\/\/the-slovenia.com\/wp-content\/uploads\/2025\/02\/muzejska_200let-1920x1280.jpg 1920w, https:\/\/the-slovenia.com\/wp-content\/uploads\/2025\/02\/muzejska_200let-600x400.jpg 600w\" data-sizes=\"auto, (max-width: 150px) 100vw, 150px\" src=\"data:image\/gif;base64,R0lGODlhAQABAAAAACH5BAEKAAEALAAAAAABAAEAAAICTAEAOw==\" \/><noscript><img loading=\"lazy\" decoding=\"async\" style=\"max-width: 150px;\" width=\"150\" height=\"100\" src=\"https:\/\/the-slovenia.com\/wp-content\/uploads\/2025\/02\/muzejska_200let-scaled.jpg\" class=\"attachment-150x999 size-150x999\" alt=\"\" srcset=\"https:\/\/the-slovenia.com\/wp-content\/uploads\/2025\/02\/muzejska_200let-scaled.jpg 2560w, https:\/\/the-slovenia.com\/wp-content\/uploads\/2025\/02\/muzejska_200let-300x200.jpg 300w, https:\/\/the-slovenia.com\/wp-content\/uploads\/2025\/02\/muzejska_200let-1024x683.jpg 1024w, https:\/\/the-slovenia.com\/wp-content\/uploads\/2025\/02\/muzejska_200let-768x512.jpg 768w, https:\/\/the-slovenia.com\/wp-content\/uploads\/2025\/02\/muzejska_200let-1536x1024.jpg 1536w, https:\/\/the-slovenia.com\/wp-content\/uploads\/2025\/02\/muzejska_200let-2048x1365.jpg 2048w, https:\/\/the-slovenia.com\/wp-content\/uploads\/2025\/02\/muzejska_200let-630x420.jpg 630w, https:\/\/the-slovenia.com\/wp-content\/uploads\/2025\/02\/muzejska_200let-150x100.jpg 150w, https:\/\/the-slovenia.com\/wp-content\/uploads\/2025\/02\/muzejska_200let-696x464.jpg 696w, https:\/\/the-slovenia.com\/wp-content\/uploads\/2025\/02\/muzejska_200let-1068x712.jpg 1068w, https:\/\/the-slovenia.com\/wp-content\/uploads\/2025\/02\/muzejska_200let-1920x1280.jpg 1920w, https:\/\/the-slovenia.com\/wp-content\/uploads\/2025\/02\/muzejska_200let-600x400.jpg 600w\" sizes=\"auto, (max-width: 150px) 100vw, 150px\" \/><\/noscript><\/div><\/div><div class=\"vlp-layout-zone-main\"><div class=\"vlp-block-0 vlp-link-title\">The Best National Museums in Slovenia<\/div><div class=\"vlp-block-1 vlp-link-summary\">Slovenia is home to a rich cultural heritage, and 2025 is the perfect year to explore its top national museums. Whether you are a history buff, an art enthusiast, or simply looking for an educational experience, the museums in Ljubljana and beyond offer something for everyone. From contemporary art to ancient artifacts, these museums provide a unique insight into Slovenia\u2019s past, present, and future. Here is a guide to the must-visit national museums in Slovenia. MGLC &#8211; International Centre for Graphic Arts Located inside the picturesque Tivoli Mansion, the MGLC &#8211; International Centre for Graphic Arts is the heart of [&hellip;]<\/div><\/div><\/div><!-- CONTENT END 1 -->\n","protected":false},"excerpt":{"rendered":"<p>Each week, we bring you the most relevant stories from across Slovenia, from politics and business to culture, tourism, and local events. Curated from verified sources like the Slovenian government, official tourism boards, and trusted news outlets, this newsletter aims to present a balanced, engaging snapshot of what\u2019s happening right now \u2013 with a distinctly [&hellip;]<\/p>\n","protected":false},"author":732,"featured_media":175450,"comment_status":"closed","ping_status":"open","sticky":false,"template":"","format":"standard","meta":{"_acf_changed":false,"footnotes":""},"categories":[2112,1853],"tags":[8454,7751,7752,67,4109,1701,7748,1992,7750,8455,7745,7749],"class_list":{"0":"post-179684","1":"post","2":"type-post","3":"status-publish","4":"format-standard","5":"has-post-thumbnail","7":"category-slovenia-news","8":"category-news","9":"tag-best-news-in-slovenia","10":"tag-gift-of-the-week-slovenia","11":"tag-news-slovenia","12":"tag-slovenia","13":"tag-slovenia-events","14":"tag-slovenia-news","15":"tag-slovenia-tourism-updates","16":"tag-slovenian-news","17":"tag-the-slovenia-events-calendar","18":"tag-weekly-news-in-slovenia","19":"tag-weekly-news-slovenia","20":"tag-whats-happening-in-slovenia"},"acf":[],"yoast_head":"<!-- This site is optimized with the Yoast SEO plugin v24.3 - https:\/\/yoast.com\/wordpress\/plugins\/seo\/ -->\n<title>The Slovenia Top News of the Week 24\/7 - June\/ July 2025 - THE Slovenia<\/title>\n<meta name=\"description\" content=\"Stay updated with the top news in Slovenia this week \u2013 from tourism, sport and culture to economy and events.\" \/>\n<meta name=\"robots\" content=\"index, follow, max-snippet:-1, max-image-preview:large, max-video-preview:-1\" \/>\n<link rel=\"canonical\" href=\"https:\/\/the-slovenia.com\/en\/slovenia-news\/the-slovenia-top-news-of-the-week-24-7-2-copy-2\/\" \/>\n<meta property=\"og:locale\" content=\"en_US\" \/>\n<meta property=\"og:type\" content=\"article\" \/>\n<meta property=\"og:title\" content=\"The Slovenia Top News of the Week 24\/7 - June\/ July 2025 - THE Slovenia\" \/>\n<meta property=\"og:description\" content=\"Stay updated with the top news in Slovenia this week \u2013 from tourism, sport and culture to economy and events.\" \/>\n<meta property=\"og:url\" content=\"https:\/\/the-slovenia.com\/en\/slovenia-news\/the-slovenia-top-news-of-the-week-24-7-2-copy-2\/\" \/>\n<meta property=\"og:site_name\" content=\"THE Slovenia\" \/>\n<meta property=\"article:publisher\" content=\"https:\/\/www.facebook.com\/THESLOVENIA\/?ref=br_rs\" \/>\n<meta property=\"article:published_time\" content=\"2025-08-05T12:54:34+00:00\" \/>\n<meta property=\"article:modified_time\" content=\"2025-08-05T13:00:50+00:00\" \/>\n<meta property=\"og:image\" content=\"https:\/\/the-slovenia.com\/wp-content\/uploads\/2025\/04\/fa.jpg\" \/>\n\t<meta property=\"og:image:width\" content=\"669\" \/>\n\t<meta property=\"og:image:height\" content=\"446\" \/>\n\t<meta property=\"og:image:type\" content=\"image\/jpeg\" \/>\n<meta name=\"author\" content=\"Tia B\" \/>\n<meta name=\"twitter:card\" content=\"summary_large_image\" \/>\n<meta name=\"twitter:label1\" content=\"Written by\" \/>\n\t<meta name=\"twitter:data1\" content=\"Tia B\" \/>\n\t<meta name=\"twitter:label2\" content=\"Est. reading time\" \/>\n\t<meta name=\"twitter:data2\" content=\"27 minutes\" \/>\n<script type=\"application\/ld+json\" class=\"yoast-schema-graph\">{\"@context\":\"https:\/\/schema.org\",\"@graph\":[{\"@type\":\"Article\",\"@id\":\"https:\/\/the-slovenia.com\/en\/slovenia-news\/the-slovenia-top-news-of-the-week-24-7-2-copy-2\/#article\",\"isPartOf\":{\"@id\":\"https:\/\/the-slovenia.com\/en\/slovenia-news\/the-slovenia-top-news-of-the-week-24-7-2-copy-2\/\"},\"author\":{\"name\":\"Tia B\",\"@id\":\"https:\/\/the-slovenia.com\/#\/schema\/person\/ce8ec205af7a6c8e66c2d96cbf3d995f\"},\"headline\":\"The Slovenia Top News of the Week 24\/7 &#8211; June\/ July 2025\",\"datePublished\":\"2025-08-05T12:54:34+00:00\",\"dateModified\":\"2025-08-05T13:00:50+00:00\",\"mainEntityOfPage\":{\"@id\":\"https:\/\/the-slovenia.com\/en\/slovenia-news\/the-slovenia-top-news-of-the-week-24-7-2-copy-2\/\"},\"wordCount\":3731,\"publisher\":{\"@id\":\"https:\/\/the-slovenia.com\/#organization\"},\"image\":{\"@id\":\"https:\/\/the-slovenia.com\/en\/slovenia-news\/the-slovenia-top-news-of-the-week-24-7-2-copy-2\/#primaryimage\"},\"thumbnailUrl\":\"https:\/\/the-slovenia.com\/wp-content\/uploads\/2025\/04\/fa.jpg\",\"keywords\":[\"best news in Slovenia\",\"gift of the week Slovenia\",\"news Slovenia\",\"Slovenia\",\"Slovenia Events\",\"Slovenia news\",\"Slovenia tourism updates\",\"Slovenian news\",\"the Slovenia events calendar\",\"weekly news in Slovenia\",\"weekly news Slovenia\",\"what\u2019s happening in Slovenia\"],\"articleSection\":[\"SLOVENIA NEWS\",\"SLOVENIAN NEWS\"],\"inLanguage\":\"en-US\"},{\"@type\":\"WebPage\",\"@id\":\"https:\/\/the-slovenia.com\/en\/slovenia-news\/the-slovenia-top-news-of-the-week-24-7-2-copy-2\/\",\"url\":\"https:\/\/the-slovenia.com\/en\/slovenia-news\/the-slovenia-top-news-of-the-week-24-7-2-copy-2\/\",\"name\":\"The Slovenia Top News of the Week 24\/7 - June\/ July 2025 - THE Slovenia\",\"isPartOf\":{\"@id\":\"https:\/\/the-slovenia.com\/#website\"},\"primaryImageOfPage\":{\"@id\":\"https:\/\/the-slovenia.com\/en\/slovenia-news\/the-slovenia-top-news-of-the-week-24-7-2-copy-2\/#primaryimage\"},\"image\":{\"@id\":\"https:\/\/the-slovenia.com\/en\/slovenia-news\/the-slovenia-top-news-of-the-week-24-7-2-copy-2\/#primaryimage\"},\"thumbnailUrl\":\"https:\/\/the-slovenia.com\/wp-content\/uploads\/2025\/04\/fa.jpg\",\"datePublished\":\"2025-08-05T12:54:34+00:00\",\"dateModified\":\"2025-08-05T13:00:50+00:00\",\"description\":\"Stay updated with the top news in Slovenia this week \u2013 from tourism, sport and culture to economy and events.\",\"inLanguage\":\"en-US\",\"potentialAction\":[{\"@type\":\"ReadAction\",\"target\":[\"https:\/\/the-slovenia.com\/en\/slovenia-news\/the-slovenia-top-news-of-the-week-24-7-2-copy-2\/\"]}]},{\"@type\":\"ImageObject\",\"inLanguage\":\"en-US\",\"@id\":\"https:\/\/the-slovenia.com\/en\/slovenia-news\/the-slovenia-top-news-of-the-week-24-7-2-copy-2\/#primaryimage\",\"url\":\"https:\/\/the-slovenia.com\/wp-content\/uploads\/2025\/04\/fa.jpg\",\"contentUrl\":\"https:\/\/the-slovenia.com\/wp-content\/uploads\/2025\/04\/fa.jpg\",\"width\":669,\"height\":446},{\"@type\":\"WebSite\",\"@id\":\"https:\/\/the-slovenia.com\/#website\",\"url\":\"https:\/\/the-slovenia.com\/\",\"name\":\"THE Slovenia\",\"description\":\"\",\"publisher\":{\"@id\":\"https:\/\/the-slovenia.com\/#organization\"},\"potentialAction\":[{\"@type\":\"SearchAction\",\"target\":{\"@type\":\"EntryPoint\",\"urlTemplate\":\"https:\/\/the-slovenia.com\/?s={search_term_string}\"},\"query-input\":{\"@type\":\"PropertyValueSpecification\",\"valueRequired\":true,\"valueName\":\"search_term_string\"}}],\"inLanguage\":\"en-US\"},{\"@type\":\"Organization\",\"@id\":\"https:\/\/the-slovenia.com\/#organization\",\"name\":\"THE Slovenia\",\"url\":\"https:\/\/the-slovenia.com\/\",\"logo\":{\"@type\":\"ImageObject\",\"inLanguage\":\"en-US\",\"@id\":\"https:\/\/the-slovenia.com\/#\/schema\/logo\/image\/\",\"url\":\"https:\/\/the-slovenia.com\/wp-content\/uploads\/2020\/02\/THE_logo_final_beli_napis.jpg\",\"contentUrl\":\"https:\/\/the-slovenia.com\/wp-content\/uploads\/2020\/02\/THE_logo_final_beli_napis.jpg\",\"width\":1535,\"height\":1574,\"caption\":\"THE Slovenia\"},\"image\":{\"@id\":\"https:\/\/the-slovenia.com\/#\/schema\/logo\/image\/\"},\"sameAs\":[\"https:\/\/www.facebook.com\/THESLOVENIA\/?ref=br_rs\",\"https:\/\/www.instagram.com\/the.slovenia\/\",\"https:\/\/www.linkedin.com\/company\/the-slovenia\/\"]},{\"@type\":\"Person\",\"@id\":\"https:\/\/the-slovenia.com\/#\/schema\/person\/ce8ec205af7a6c8e66c2d96cbf3d995f\",\"name\":\"Tia B\",\"image\":{\"@type\":\"ImageObject\",\"inLanguage\":\"en-US\",\"@id\":\"https:\/\/the-slovenia.com\/#\/schema\/person\/image\/\",\"url\":\"https:\/\/secure.gravatar.com\/avatar\/d4ad440fd67c89539d8dab8be98b2acc9238505f2b8694da3afd05429f01b95f?s=96&d=mm&r=g\",\"contentUrl\":\"https:\/\/secure.gravatar.com\/avatar\/d4ad440fd67c89539d8dab8be98b2acc9238505f2b8694da3afd05429f01b95f?s=96&d=mm&r=g\",\"caption\":\"Tia B\"},\"url\":\"https:\/\/the-slovenia.com\/en\/author\/tia-b\/\"}]}<\/script>\n<!-- \/ Yoast SEO plugin. -->","yoast_head_json":{"title":"The Slovenia Top News of the Week 24\/7 - June\/ July 2025 - THE Slovenia","description":"Stay updated with the top news in Slovenia this week \u2013 from tourism, sport and culture to economy and events.","robots":{"index":"index","follow":"follow","max-snippet":"max-snippet:-1","max-image-preview":"max-image-preview:large","max-video-preview":"max-video-preview:-1"},"canonical":"https:\/\/the-slovenia.com\/en\/slovenia-news\/the-slovenia-top-news-of-the-week-24-7-2-copy-2\/","og_locale":"en_US","og_type":"article","og_title":"The Slovenia Top News of the Week 24\/7 - June\/ July 2025 - THE Slovenia","og_description":"Stay updated with the top news in Slovenia this week \u2013 from tourism, sport and culture to economy and events.","og_url":"https:\/\/the-slovenia.com\/en\/slovenia-news\/the-slovenia-top-news-of-the-week-24-7-2-copy-2\/","og_site_name":"THE Slovenia","article_publisher":"https:\/\/www.facebook.com\/THESLOVENIA\/?ref=br_rs","article_published_time":"2025-08-05T12:54:34+00:00","article_modified_time":"2025-08-05T13:00:50+00:00","og_image":[{"width":669,"height":446,"url":"https:\/\/the-slovenia.com\/wp-content\/uploads\/2025\/04\/fa.jpg","type":"image\/jpeg"}],"author":"Tia B","twitter_card":"summary_large_image","twitter_misc":{"Written by":"Tia B","Est. reading time":"27 minutes"},"schema":{"@context":"https:\/\/schema.org","@graph":[{"@type":"Article","@id":"https:\/\/the-slovenia.com\/en\/slovenia-news\/the-slovenia-top-news-of-the-week-24-7-2-copy-2\/#article","isPartOf":{"@id":"https:\/\/the-slovenia.com\/en\/slovenia-news\/the-slovenia-top-news-of-the-week-24-7-2-copy-2\/"},"author":{"name":"Tia B","@id":"https:\/\/the-slovenia.com\/#\/schema\/person\/ce8ec205af7a6c8e66c2d96cbf3d995f"},"headline":"The Slovenia Top News of the Week 24\/7 &#8211; June\/ July 2025","datePublished":"2025-08-05T12:54:34+00:00","dateModified":"2025-08-05T13:00:50+00:00","mainEntityOfPage":{"@id":"https:\/\/the-slovenia.com\/en\/slovenia-news\/the-slovenia-top-news-of-the-week-24-7-2-copy-2\/"},"wordCount":3731,"publisher":{"@id":"https:\/\/the-slovenia.com\/#organization"},"image":{"@id":"https:\/\/the-slovenia.com\/en\/slovenia-news\/the-slovenia-top-news-of-the-week-24-7-2-copy-2\/#primaryimage"},"thumbnailUrl":"https:\/\/the-slovenia.com\/wp-content\/uploads\/2025\/04\/fa.jpg","keywords":["best news in Slovenia","gift of the week Slovenia","news Slovenia","Slovenia","Slovenia Events","Slovenia news","Slovenia tourism updates","Slovenian news","the Slovenia events calendar","weekly news in Slovenia","weekly news Slovenia","what\u2019s happening in Slovenia"],"articleSection":["SLOVENIA NEWS","SLOVENIAN NEWS"],"inLanguage":"en-US"},{"@type":"WebPage","@id":"https:\/\/the-slovenia.com\/en\/slovenia-news\/the-slovenia-top-news-of-the-week-24-7-2-copy-2\/","url":"https:\/\/the-slovenia.com\/en\/slovenia-news\/the-slovenia-top-news-of-the-week-24-7-2-copy-2\/","name":"The Slovenia Top News of the Week 24\/7 - June\/ July 2025 - THE Slovenia","isPartOf":{"@id":"https:\/\/the-slovenia.com\/#website"},"primaryImageOfPage":{"@id":"https:\/\/the-slovenia.com\/en\/slovenia-news\/the-slovenia-top-news-of-the-week-24-7-2-copy-2\/#primaryimage"},"image":{"@id":"https:\/\/the-slovenia.com\/en\/slovenia-news\/the-slovenia-top-news-of-the-week-24-7-2-copy-2\/#primaryimage"},"thumbnailUrl":"https:\/\/the-slovenia.com\/wp-content\/uploads\/2025\/04\/fa.jpg","datePublished":"2025-08-05T12:54:34+00:00","dateModified":"2025-08-05T13:00:50+00:00","description":"Stay updated with the top news in Slovenia this week \u2013 from tourism, sport and culture to economy and events.","inLanguage":"en-US","potentialAction":[{"@type":"ReadAction","target":["https:\/\/the-slovenia.com\/en\/slovenia-news\/the-slovenia-top-news-of-the-week-24-7-2-copy-2\/"]}]},{"@type":"ImageObject","inLanguage":"en-US","@id":"https:\/\/the-slovenia.com\/en\/slovenia-news\/the-slovenia-top-news-of-the-week-24-7-2-copy-2\/#primaryimage","url":"https:\/\/the-slovenia.com\/wp-content\/uploads\/2025\/04\/fa.jpg","contentUrl":"https:\/\/the-slovenia.com\/wp-content\/uploads\/2025\/04\/fa.jpg","width":669,"height":446},{"@type":"WebSite","@id":"https:\/\/the-slovenia.com\/#website","url":"https:\/\/the-slovenia.com\/","name":"THE Slovenia","description":"","publisher":{"@id":"https:\/\/the-slovenia.com\/#organization"},"potentialAction":[{"@type":"SearchAction","target":{"@type":"EntryPoint","urlTemplate":"https:\/\/the-slovenia.com\/?s={search_term_string}"},"query-input":{"@type":"PropertyValueSpecification","valueRequired":true,"valueName":"search_term_string"}}],"inLanguage":"en-US"},{"@type":"Organization","@id":"https:\/\/the-slovenia.com\/#organization","name":"THE Slovenia","url":"https:\/\/the-slovenia.com\/","logo":{"@type":"ImageObject","inLanguage":"en-US","@id":"https:\/\/the-slovenia.com\/#\/schema\/logo\/image\/","url":"https:\/\/the-slovenia.com\/wp-content\/uploads\/2020\/02\/THE_logo_final_beli_napis.jpg","contentUrl":"https:\/\/the-slovenia.com\/wp-content\/uploads\/2020\/02\/THE_logo_final_beli_napis.jpg","width":1535,"height":1574,"caption":"THE Slovenia"},"image":{"@id":"https:\/\/the-slovenia.com\/#\/schema\/logo\/image\/"},"sameAs":["https:\/\/www.facebook.com\/THESLOVENIA\/?ref=br_rs","https:\/\/www.instagram.com\/the.slovenia\/","https:\/\/www.linkedin.com\/company\/the-slovenia\/"]},{"@type":"Person","@id":"https:\/\/the-slovenia.com\/#\/schema\/person\/ce8ec205af7a6c8e66c2d96cbf3d995f","name":"Tia B","image":{"@type":"ImageObject","inLanguage":"en-US","@id":"https:\/\/the-slovenia.com\/#\/schema\/person\/image\/","url":"https:\/\/secure.gravatar.com\/avatar\/d4ad440fd67c89539d8dab8be98b2acc9238505f2b8694da3afd05429f01b95f?s=96&d=mm&r=g","contentUrl":"https:\/\/secure.gravatar.com\/avatar\/d4ad440fd67c89539d8dab8be98b2acc9238505f2b8694da3afd05429f01b95f?s=96&d=mm&r=g","caption":"Tia B"},"url":"https:\/\/the-slovenia.com\/en\/author\/tia-b\/"}]}},"_links":{"self":[{"href":"https:\/\/the-slovenia.com\/en\/wp-json\/wp\/v2\/posts\/179684","targetHints":{"allow":["GET"]}}],"collection":[{"href":"https:\/\/the-slovenia.com\/en\/wp-json\/wp\/v2\/posts"}],"about":[{"href":"https:\/\/the-slovenia.com\/en\/wp-json\/wp\/v2\/types\/post"}],"author":[{"embeddable":true,"href":"https:\/\/the-slovenia.com\/en\/wp-json\/wp\/v2\/users\/732"}],"replies":[{"embeddable":true,"href":"https:\/\/the-slovenia.com\/en\/wp-json\/wp\/v2\/comments?post=179684"}],"version-history":[{"count":1,"href":"https:\/\/the-slovenia.com\/en\/wp-json\/wp\/v2\/posts\/179684\/revisions"}],"predecessor-version":[{"id":179686,"href":"https:\/\/the-slovenia.com\/en\/wp-json\/wp\/v2\/posts\/179684\/revisions\/179686"}],"wp:featuredmedia":[{"embeddable":true,"href":"https:\/\/the-slovenia.com\/en\/wp-json\/wp\/v2\/media\/175450"}],"wp:attachment":[{"href":"https:\/\/the-slovenia.com\/en\/wp-json\/wp\/v2\/media?parent=179684"}],"wp:term":[{"taxonomy":"category","embeddable":true,"href":"https:\/\/the-slovenia.com\/en\/wp-json\/wp\/v2\/categories?post=179684"},{"taxonomy":"post_tag","embeddable":true,"href":"https:\/\/the-slovenia.com\/en\/wp-json\/wp\/v2\/tags?post=179684"}],"curies":[{"name":"wp","href":"https:\/\/api.w.org\/{rel}","templated":true}]}}