{"id":17201,"date":"2019-05-08T07:02:43","date_gmt":"2019-05-08T06:02:43","guid":{"rendered":"https:\/\/the-slovenia.com\/?p=17201"},"modified":"2019-05-08T07:02:43","modified_gmt":"2019-05-08T06:02:43","slug":"domacija-novak","status":"publish","type":"post","link":"https:\/\/the-slovenia.com\/en\/slovenia\/ljubljana-central-slovenia\/domacija-novak\/","title":{"rendered":"Doma\u010dija Novak"},"content":{"rendered":"<h1>Doma\u010dija Novak<\/h1>\n<p><img loading=\"lazy\" decoding=\"async\" data-src=\"https:\/\/the-slovenia.com\/wp-content\/uploads\/2019\/05\/domacija-novak-1024x362.jpg\" data-sizes=\"auto, (max-width: 1024px) 100vw, 1024px\" data-srcset=\"https:\/\/the-slovenia.com\/wp-content\/uploads\/2019\/05\/domacija-novak-1024x362.jpg 1024w, https:\/\/the-slovenia.com\/wp-content\/uploads\/2019\/05\/domacija-novak-300x106.jpg 300w, https:\/\/the-slovenia.com\/wp-content\/uploads\/2019\/05\/domacija-novak-768x271.jpg 768w, https:\/\/the-slovenia.com\/wp-content\/uploads\/2019\/05\/domacija-novak-500x177.jpg 500w, https:\/\/the-slovenia.com\/wp-content\/uploads\/2019\/05\/domacija-novak-600x212.jpg 600w\" alt=\"domacija novak\" width=\"1024\" height=\"362\" src=\"data:image\/gif;base64,R0lGODlhAQABAAAAACH5BAEKAAEALAAAAAABAAEAAAICTAEAOw==\" class=\"lazyload\" style=\"--smush-placeholder-width: 1024px; --smush-placeholder-aspect-ratio: 1024\/362;\" \/><noscript><img loading=\"lazy\" decoding=\"async\" src=\"https:\/\/the-slovenia.com\/wp-content\/uploads\/2019\/05\/domacija-novak-1024x362.jpg\" sizes=\"auto, (max-width: 1024px) 100vw, 1024px\" srcset=\"https:\/\/the-slovenia.com\/wp-content\/uploads\/2019\/05\/domacija-novak-1024x362.jpg 1024w, https:\/\/the-slovenia.com\/wp-content\/uploads\/2019\/05\/domacija-novak-300x106.jpg 300w, https:\/\/the-slovenia.com\/wp-content\/uploads\/2019\/05\/domacija-novak-768x271.jpg 768w, https:\/\/the-slovenia.com\/wp-content\/uploads\/2019\/05\/domacija-novak-500x177.jpg 500w, https:\/\/the-slovenia.com\/wp-content\/uploads\/2019\/05\/domacija-novak-600x212.jpg 600w\" alt=\"domacija novak\" width=\"1024\" height=\"362\" \/><\/noscript><\/p>\n<p>Located in the village of Dvor, just down the Krka river from the fairy tale castle of \u017du\u017eemberk, the Novak family farm is every bit as magical as its medieval neighbour. The tasting menus are comprised of locallysourced, seasonal ingredients, much of which is grown in the family&#8217;s own organic gardens, while the rest comes from the surrounding wild forests, crystal clear waters of the Krka river or other local farmers.<\/p>\n<p>The wine cellar has an enviable collection of both Slovene and international vintages, with a special focus on organic and macerated wines, and wine lovers will definitely want to opt for wine pairing with each course.<br \/>\nPre-booking is obligatory.<\/p>\n<p>\u2022 Sadinja vas pri Dvoru 7, 8361 Dvor<br \/>\n\u2022 +386 41 343 000<br \/>\n\u2022 info@domacijaovak.eu, www.novakdoma.eu<br \/>\n\u2022 Chef: Miriam Novak; Sommelier: Boris Novak, Jan Novak<br \/>\n\u2022 Cuisine | kuhinja: traditional Slovenian, modern<br \/>\nOpen upon prior reservation (Wed-Sun)<\/p>\n<p><iframe data-src=\"https:\/\/maps.google.com\/maps?q=domacija%20novak%20sadinja%20vas%20pri%20dvoru&amp;t=m&amp;z=10&amp;output=embed&amp;iwloc=near\" frameborder=\"0\" marginwidth=\"0\" marginheight=\"0\" scrolling=\"no\" aria-label=\"domacija novak sadinja vas pri dvoru\" src=\"data:image\/gif;base64,R0lGODlhAQABAAAAACH5BAEKAAEALAAAAAABAAEAAAICTAEAOw==\" class=\"lazyload\" data-load-mode=\"1\"><\/iframe><\/p>\n<p>https:\/\/the-slovenia.com\/gastronomy\/restaurants\/top-10-restaurants-mediterranean-karst-slovenia\/<\/p>\n<p>https:\/\/the-slovenia.com\/gastronomy\/restaurants\/top-10-restaurants-in-ljubljana-central-slovenia\/<\/p>\n<p>https:\/\/the-slovenia.com\/gastronomy\/restaurants\/top-10-restaurants-alpine-slovenia\/<\/p>\n<p><strong><a href=\"https:\/\/www.the-slovenia.com\/shop\/?category=Books\">To find out other unique places in Slovenia and features the very best in Slovenian dining, chefs and restaurants all over Slovenia, check out our THE SLOVENIA RESTAURANTS BOOK\u00a0<\/a><\/strong><\/p>\n<p>https:\/\/the-slovenia.com\/product\/the-slovenia-restaurants-top-163\/<\/p>\n<p>https:\/\/the-slovenia.com\/foodwine\/restaurant-awards\/best-100-slovenian-restaurants-2019\/<\/p>\n<p>https:\/\/the-slovenia.com\/product\/the-slovenia-wine-top-125-experiences\/<\/p>\n<p>Products made with love in Slovenia<\/p>\n<p>Products made with love in Slovenia<\/p>\n<p><a role=\"button\" href=\"https:\/\/the-slovenia.com\/shop\"><br \/>\nALL PRODUCTS<br \/>\n<\/a><br \/>\n<div class=\"woocommerce columns-4 \"><ul class=\"products columns-4\">\n<li class=\"product type-product post-188920 status-publish first instock product_cat-books product_cat-the-books has-post-thumbnail taxable shipping-taxable purchasable product-type-simple yith-pre-order-product\">\n\t<a href=\"https:\/\/the-slovenia.com\/en\/product\/the-slovenia-waterfalls-top-101-waterfalls\/\" class=\"woocommerce-LoopProduct-link woocommerce-loop-product__link\"><img loading=\"lazy\" decoding=\"async\" width=\"300\" height=\"300\" data-src=\"https:\/\/the-slovenia.com\/wp-content\/uploads\/2026\/04\/Knjiga-slapovi-naj-101-slap1-1-300x300.jpg\" class=\"attachment-woocommerce_thumbnail size-woocommerce_thumbnail lazyload\" alt=\"The Slovenia Waterfalls : Top 101 waterfalls\" data-srcset=\"https:\/\/the-slovenia.com\/wp-content\/uploads\/2026\/04\/Knjiga-slapovi-naj-101-slap1-1-300x300.jpg 300w, https:\/\/the-slovenia.com\/wp-content\/uploads\/2026\/04\/Knjiga-slapovi-naj-101-slap1-1-150x150.jpg 150w, https:\/\/the-slovenia.com\/wp-content\/uploads\/2026\/04\/Knjiga-slapovi-naj-101-slap1-1-100x100.jpg 100w\" data-sizes=\"auto, (max-width: 300px) 100vw, 300px\" src=\"data:image\/gif;base64,R0lGODlhAQABAAAAACH5BAEKAAEALAAAAAABAAEAAAICTAEAOw==\" style=\"--smush-placeholder-width: 300px; --smush-placeholder-aspect-ratio: 300\/300;\" \/><noscript><img loading=\"lazy\" decoding=\"async\" width=\"300\" height=\"300\" src=\"https:\/\/the-slovenia.com\/wp-content\/uploads\/2026\/04\/Knjiga-slapovi-naj-101-slap1-1-300x300.jpg\" class=\"attachment-woocommerce_thumbnail size-woocommerce_thumbnail\" alt=\"The Slovenia Waterfalls : Top 101 waterfalls\" srcset=\"https:\/\/the-slovenia.com\/wp-content\/uploads\/2026\/04\/Knjiga-slapovi-naj-101-slap1-1-300x300.jpg 300w, https:\/\/the-slovenia.com\/wp-content\/uploads\/2026\/04\/Knjiga-slapovi-naj-101-slap1-1-150x150.jpg 150w, https:\/\/the-slovenia.com\/wp-content\/uploads\/2026\/04\/Knjiga-slapovi-naj-101-slap1-1-100x100.jpg 100w\" sizes=\"auto, (max-width: 300px) 100vw, 300px\" \/><\/noscript><h2 class=\"woocommerce-loop-product__title\">The Slovenia Waterfalls : Top 101 waterfalls<\/h2>\n\t<span class=\"price\"><span class=\"woocommerce-Price-amount amount\"><bdi>24.90<span class=\"woocommerce-Price-currencySymbol\">&euro;<\/span><\/bdi><\/span><\/span>\n<\/a><a href=\"?add-to-cart=188920\" aria-describedby=\"woocommerce_loop_add_to_cart_link_describedby_188920\" data-quantity=\"1\" class=\"button product_type_simple add_to_cart_button ajax_add_to_cart\" data-product_id=\"188920\" data-product_sku=\"\" aria-label=\"Add to cart: &ldquo;The Slovenia Waterfalls : Top 101 waterfalls&rdquo;\" rel=\"nofollow\" data-success_message=\"&ldquo;The Slovenia Waterfalls : Top 101 waterfalls&rdquo; has been added to your cart\">Pre-order now<\/a>\t<span id=\"woocommerce_loop_add_to_cart_link_describedby_188920\" class=\"screen-reader-text\">\n\t\t\t<\/span>\n<\/li>\n<li class=\"product type-product post-184396 status-publish instock product_cat-bestseller product_cat-books product_cat-slovenska-poslovna-darila-en product_cat-slovenian-business-gifts product_cat-new product_cat-the-books product_tag-lakes-in-slovenia-book product_tag-the-book-lakes-of-slovenia product_tag-the-slovenia-book product_tag-the-slovenia-lakes-en product_tag-top-lakes-in-slovenia has-post-thumbnail taxable shipping-taxable purchasable product-type-simple\">\n\t<a href=\"https:\/\/the-slovenia.com\/en\/product\/new-lakes-of-slovenia-top-101-lakes-updated-2025-edition-english-language\/\" class=\"woocommerce-LoopProduct-link woocommerce-loop-product__link\"><img loading=\"lazy\" decoding=\"async\" width=\"300\" height=\"300\" data-src=\"https:\/\/the-slovenia.com\/wp-content\/uploads\/2025\/12\/Screenshot_8-300x300.jpg\" class=\"attachment-woocommerce_thumbnail size-woocommerce_thumbnail lazyload\" alt=\"NEW: LAKES OF SLOVENIA, Top 101 Lakes \u2013 Updated 2025 Edition (English language)\" data-srcset=\"https:\/\/the-slovenia.com\/wp-content\/uploads\/2025\/12\/Screenshot_8-300x300.jpg 300w, https:\/\/the-slovenia.com\/wp-content\/uploads\/2025\/12\/Screenshot_8-150x150.jpg 150w, https:\/\/the-slovenia.com\/wp-content\/uploads\/2025\/12\/Screenshot_8-100x100.jpg 100w\" data-sizes=\"auto, (max-width: 300px) 100vw, 300px\" src=\"data:image\/gif;base64,R0lGODlhAQABAAAAACH5BAEKAAEALAAAAAABAAEAAAICTAEAOw==\" style=\"--smush-placeholder-width: 300px; --smush-placeholder-aspect-ratio: 300\/300;\" \/><noscript><img loading=\"lazy\" decoding=\"async\" width=\"300\" height=\"300\" src=\"https:\/\/the-slovenia.com\/wp-content\/uploads\/2025\/12\/Screenshot_8-300x300.jpg\" class=\"attachment-woocommerce_thumbnail size-woocommerce_thumbnail\" alt=\"NEW: LAKES OF SLOVENIA, Top 101 Lakes \u2013 Updated 2025 Edition (English language)\" srcset=\"https:\/\/the-slovenia.com\/wp-content\/uploads\/2025\/12\/Screenshot_8-300x300.jpg 300w, https:\/\/the-slovenia.com\/wp-content\/uploads\/2025\/12\/Screenshot_8-150x150.jpg 150w, https:\/\/the-slovenia.com\/wp-content\/uploads\/2025\/12\/Screenshot_8-100x100.jpg 100w\" sizes=\"auto, (max-width: 300px) 100vw, 300px\" \/><\/noscript><h2 class=\"woocommerce-loop-product__title\">NEW: LAKES OF SLOVENIA, Top 101 Lakes \u2013 Updated 2025 Edition (English language)<\/h2>\n\t<span class=\"price\"><span class=\"woocommerce-Price-amount amount\"><bdi>29.99<span class=\"woocommerce-Price-currencySymbol\">&euro;<\/span><\/bdi><\/span><\/span>\n<\/a><a href=\"?add-to-cart=184396\" aria-describedby=\"woocommerce_loop_add_to_cart_link_describedby_184396\" data-quantity=\"1\" class=\"button product_type_simple add_to_cart_button ajax_add_to_cart\" data-product_id=\"184396\" data-product_sku=\"\" aria-label=\"Add to cart: &ldquo;NEW: LAKES OF SLOVENIA, Top 101 Lakes \u2013 Updated 2025 Edition (English language)&rdquo;\" rel=\"nofollow\" data-success_message=\"&ldquo;NEW: LAKES OF SLOVENIA, Top 101 Lakes \u2013 Updated 2025 Edition (English language)&rdquo; has been added to your cart\">Add to cart<\/a>\t<span id=\"woocommerce_loop_add_to_cart_link_describedby_184396\" class=\"screen-reader-text\">\n\t\t\t<\/span>\n<\/li>\n<li class=\"product type-product post-184393 status-publish instock product_cat-bestseller product_cat-books product_cat-slovenska-poslovna-darila-en product_cat-slovenian-business-gifts product_cat-new product_cat-the-books product_tag-book-lakes-in-slovenia product_tag-book-slovenia product_tag-lakes-in-slovenia product_tag-slovenian-book product_tag-the-slovenia-book product_tag-the-slovenia-lakes-en has-post-thumbnail taxable shipping-taxable purchasable product-type-simple\">\n\t<a href=\"https:\/\/the-slovenia.com\/en\/product\/new-lakes-of-slovenia-top-101-lakes-updated-2025-edition-slovenian-language\/\" class=\"woocommerce-LoopProduct-link woocommerce-loop-product__link\"><img loading=\"lazy\" decoding=\"async\" width=\"300\" height=\"300\" data-src=\"https:\/\/the-slovenia.com\/wp-content\/uploads\/2025\/12\/Screenshot_9-300x300.jpg\" class=\"attachment-woocommerce_thumbnail size-woocommerce_thumbnail lazyload\" alt=\"NEW: LAKES OF SLOVENIA, Top 101 Lakes \u2013 Updated 2025 Edition (Slovenian language)\" data-srcset=\"https:\/\/the-slovenia.com\/wp-content\/uploads\/2025\/12\/Screenshot_9-300x300.jpg 300w, https:\/\/the-slovenia.com\/wp-content\/uploads\/2025\/12\/Screenshot_9-150x150.jpg 150w, https:\/\/the-slovenia.com\/wp-content\/uploads\/2025\/12\/Screenshot_9-100x100.jpg 100w\" data-sizes=\"auto, (max-width: 300px) 100vw, 300px\" src=\"data:image\/gif;base64,R0lGODlhAQABAAAAACH5BAEKAAEALAAAAAABAAEAAAICTAEAOw==\" style=\"--smush-placeholder-width: 300px; --smush-placeholder-aspect-ratio: 300\/300;\" \/><noscript><img loading=\"lazy\" decoding=\"async\" width=\"300\" height=\"300\" src=\"https:\/\/the-slovenia.com\/wp-content\/uploads\/2025\/12\/Screenshot_9-300x300.jpg\" class=\"attachment-woocommerce_thumbnail size-woocommerce_thumbnail\" alt=\"NEW: LAKES OF SLOVENIA, Top 101 Lakes \u2013 Updated 2025 Edition (Slovenian language)\" srcset=\"https:\/\/the-slovenia.com\/wp-content\/uploads\/2025\/12\/Screenshot_9-300x300.jpg 300w, https:\/\/the-slovenia.com\/wp-content\/uploads\/2025\/12\/Screenshot_9-150x150.jpg 150w, https:\/\/the-slovenia.com\/wp-content\/uploads\/2025\/12\/Screenshot_9-100x100.jpg 100w\" sizes=\"auto, (max-width: 300px) 100vw, 300px\" \/><\/noscript><h2 class=\"woocommerce-loop-product__title\">NEW: LAKES OF SLOVENIA, Top 101 Lakes \u2013 Updated 2025 Edition (Slovenian language)<\/h2>\n\t<span class=\"price\"><span class=\"woocommerce-Price-amount amount\"><bdi>29.99<span class=\"woocommerce-Price-currencySymbol\">&euro;<\/span><\/bdi><\/span><\/span>\n<\/a><a href=\"?add-to-cart=184393\" aria-describedby=\"woocommerce_loop_add_to_cart_link_describedby_184393\" data-quantity=\"1\" class=\"button product_type_simple add_to_cart_button ajax_add_to_cart\" data-product_id=\"184393\" data-product_sku=\"\" aria-label=\"Add to cart: &ldquo;NEW: LAKES OF SLOVENIA, Top 101 Lakes \u2013 Updated 2025 Edition (Slovenian language)&rdquo;\" rel=\"nofollow\" data-success_message=\"&ldquo;NEW: LAKES OF SLOVENIA, Top 101 Lakes \u2013 Updated 2025 Edition (Slovenian language)&rdquo; has been added to your cart\">Add to cart<\/a>\t<span id=\"woocommerce_loop_add_to_cart_link_describedby_184393\" class=\"screen-reader-text\">\n\t\t\t<\/span>\n<\/li>\n<li class=\"product type-product post-176821 status-publish last instock product_cat-bestseller product_cat-books product_cat-business-gifts product_cat-the-books has-post-thumbnail taxable shipping-taxable purchasable product-type-simple\">\n\t<a href=\"https:\/\/the-slovenia.com\/en\/product\/the-slovenia-book-10th-edition-in-gift-box-english-language-copy\/\" class=\"woocommerce-LoopProduct-link woocommerce-loop-product__link\"><img loading=\"lazy\" decoding=\"async\" width=\"300\" height=\"300\" data-src=\"https:\/\/the-slovenia.com\/wp-content\/uploads\/2025\/05\/Book-and-coastal-view-of-Piran-300x300.png\" class=\"attachment-woocommerce_thumbnail size-woocommerce_thumbnail lazyload\" alt=\"Knjiga o Sloveniji, 10th Edition, in Gift Box (Slovenian Language)\" data-srcset=\"https:\/\/the-slovenia.com\/wp-content\/uploads\/2025\/05\/Book-and-coastal-view-of-Piran-300x300.png 300w, https:\/\/the-slovenia.com\/wp-content\/uploads\/2025\/05\/Book-and-coastal-view-of-Piran-150x150.png 150w, https:\/\/the-slovenia.com\/wp-content\/uploads\/2025\/05\/Book-and-coastal-view-of-Piran-768x768.png 768w, https:\/\/the-slovenia.com\/wp-content\/uploads\/2025\/05\/Book-and-coastal-view-of-Piran-420x420.png 420w, https:\/\/the-slovenia.com\/wp-content\/uploads\/2025\/05\/Book-and-coastal-view-of-Piran-696x696.png 696w, https:\/\/the-slovenia.com\/wp-content\/uploads\/2025\/05\/Book-and-coastal-view-of-Piran-600x600.png 600w, https:\/\/the-slovenia.com\/wp-content\/uploads\/2025\/05\/Book-and-coastal-view-of-Piran-100x100.png 100w, https:\/\/the-slovenia.com\/wp-content\/uploads\/2025\/05\/Book-and-coastal-view-of-Piran.png 1024w\" data-sizes=\"auto, (max-width: 300px) 100vw, 300px\" src=\"data:image\/gif;base64,R0lGODlhAQABAAAAACH5BAEKAAEALAAAAAABAAEAAAICTAEAOw==\" style=\"--smush-placeholder-width: 300px; --smush-placeholder-aspect-ratio: 300\/300;\" \/><noscript><img loading=\"lazy\" decoding=\"async\" width=\"300\" height=\"300\" src=\"https:\/\/the-slovenia.com\/wp-content\/uploads\/2025\/05\/Book-and-coastal-view-of-Piran-300x300.png\" class=\"attachment-woocommerce_thumbnail size-woocommerce_thumbnail\" alt=\"Knjiga o Sloveniji, 10th Edition, in Gift Box (Slovenian Language)\" srcset=\"https:\/\/the-slovenia.com\/wp-content\/uploads\/2025\/05\/Book-and-coastal-view-of-Piran-300x300.png 300w, https:\/\/the-slovenia.com\/wp-content\/uploads\/2025\/05\/Book-and-coastal-view-of-Piran-150x150.png 150w, https:\/\/the-slovenia.com\/wp-content\/uploads\/2025\/05\/Book-and-coastal-view-of-Piran-768x768.png 768w, https:\/\/the-slovenia.com\/wp-content\/uploads\/2025\/05\/Book-and-coastal-view-of-Piran-420x420.png 420w, https:\/\/the-slovenia.com\/wp-content\/uploads\/2025\/05\/Book-and-coastal-view-of-Piran-696x696.png 696w, https:\/\/the-slovenia.com\/wp-content\/uploads\/2025\/05\/Book-and-coastal-view-of-Piran-600x600.png 600w, https:\/\/the-slovenia.com\/wp-content\/uploads\/2025\/05\/Book-and-coastal-view-of-Piran-100x100.png 100w, https:\/\/the-slovenia.com\/wp-content\/uploads\/2025\/05\/Book-and-coastal-view-of-Piran.png 1024w\" sizes=\"auto, (max-width: 300px) 100vw, 300px\" \/><\/noscript><h2 class=\"woocommerce-loop-product__title\">Knjiga o Sloveniji, 10th Edition, in Gift Box (Slovenian Language)<\/h2>\n\t<span class=\"price\"><span class=\"woocommerce-Price-amount amount\"><bdi>39.99<span class=\"woocommerce-Price-currencySymbol\">&euro;<\/span><\/bdi><\/span><\/span>\n<\/a><a href=\"?add-to-cart=176821\" aria-describedby=\"woocommerce_loop_add_to_cart_link_describedby_176821\" data-quantity=\"1\" class=\"button product_type_simple add_to_cart_button ajax_add_to_cart\" data-product_id=\"176821\" data-product_sku=\"\" aria-label=\"Add to cart: &ldquo;Knjiga o Sloveniji, 10th Edition, in Gift Box (Slovenian Language)&rdquo;\" rel=\"nofollow\" data-success_message=\"&ldquo;Knjiga o Sloveniji, 10th Edition, in Gift Box (Slovenian Language)&rdquo; has been added to your cart\">Add to cart<\/a>\t<span id=\"woocommerce_loop_add_to_cart_link_describedby_176821\" class=\"screen-reader-text\">\n\t\t\t<\/span>\n<\/li>\n<\/ul>\n<\/div><\/p>\n<!-- CONTENT END 1 -->\n","protected":false},"excerpt":{"rendered":"<p>Doma\u010dija Novak Located in the village of Dvor, just down the Krka river from the fairy tale castle of \u017du\u017eemberk, the Novak family farm is every bit as magical as its medieval neighbour. The tasting menus are comprised of locallysourced, seasonal ingredients, much of which is grown in the family&#8217;s own organic gardens, while the [&hellip;]<\/p>\n","protected":false},"author":1,"featured_media":17205,"comment_status":"closed","ping_status":"closed","sticky":false,"template":"","format":"standard","meta":{"_acf_changed":false,"footnotes":""},"categories":[179],"tags":[],"class_list":{"0":"post-17201","1":"post","2":"type-post","3":"status-publish","4":"format-standard","5":"has-post-thumbnail","7":"category-ljubljana-central-slovenia"},"acf":[],"yoast_head":"<!-- This site is optimized with the Yoast SEO plugin v24.3 - https:\/\/yoast.com\/wordpress\/plugins\/seo\/ -->\n<title>Doma\u010dija Novak - THE Slovenia<\/title>\n<meta name=\"robots\" content=\"index, follow, max-snippet:-1, max-image-preview:large, max-video-preview:-1\" \/>\n<link rel=\"canonical\" href=\"https:\/\/the-slovenia.com\/slovenia\/ljubljana-central-slovenia\/domacija-novak\/\" \/>\n<meta property=\"og:locale\" content=\"en_US\" \/>\n<meta property=\"og:type\" content=\"article\" \/>\n<meta property=\"og:title\" content=\"Doma\u010dija Novak - THE Slovenia\" \/>\n<meta property=\"og:description\" content=\"Doma\u010dija Novak Located in the village of Dvor, just down the Krka river from the fairy tale castle of \u017du\u017eemberk, the Novak family farm is every bit as magical as its medieval neighbour. The tasting menus are comprised of locallysourced, seasonal ingredients, much of which is grown in the family&#8217;s own organic gardens, while the [&hellip;]\" \/>\n<meta property=\"og:url\" content=\"https:\/\/the-slovenia.com\/slovenia\/ljubljana-central-slovenia\/domacija-novak\/\" \/>\n<meta property=\"og:site_name\" content=\"THE Slovenia\" \/>\n<meta property=\"article:publisher\" content=\"https:\/\/www.facebook.com\/THESLOVENIA\/?ref=br_rs\" \/>\n<meta property=\"article:published_time\" content=\"2019-05-08T06:02:43+00:00\" \/>\n<meta property=\"og:image\" content=\"https:\/\/i0.wp.com\/the-slovenia.com\/wp-content\/uploads\/2019\/05\/domacija-novak.jpg?fit=1665%2C588&ssl=1\" \/>\n\t<meta property=\"og:image:width\" content=\"1665\" \/>\n\t<meta property=\"og:image:height\" content=\"588\" \/>\n\t<meta property=\"og:image:type\" content=\"image\/jpeg\" \/>\n<meta name=\"author\" content=\"theadmin\" \/>\n<meta name=\"twitter:card\" content=\"summary_large_image\" \/>\n<meta name=\"twitter:label1\" content=\"Written by\" \/>\n\t<meta name=\"twitter:data1\" content=\"theadmin\" \/>\n\t<meta name=\"twitter:label2\" content=\"Est. reading time\" \/>\n\t<meta name=\"twitter:data2\" content=\"1 minute\" \/>\n<script type=\"application\/ld+json\" class=\"yoast-schema-graph\">{\"@context\":\"https:\/\/schema.org\",\"@graph\":[{\"@type\":\"Article\",\"@id\":\"https:\/\/the-slovenia.com\/slovenia\/ljubljana-central-slovenia\/domacija-novak\/#article\",\"isPartOf\":{\"@id\":\"https:\/\/the-slovenia.com\/slovenia\/ljubljana-central-slovenia\/domacija-novak\/\"},\"author\":{\"name\":\"theadmin\",\"@id\":\"https:\/\/the-slovenia.com\/#\/schema\/person\/0a86dc76cbfd2ed860cbb3461f653d91\"},\"headline\":\"Doma\u010dija Novak\",\"datePublished\":\"2019-05-08T06:02:43+00:00\",\"dateModified\":\"2019-05-08T06:02:43+00:00\",\"mainEntityOfPage\":{\"@id\":\"https:\/\/the-slovenia.com\/slovenia\/ljubljana-central-slovenia\/domacija-novak\/\"},\"wordCount\":236,\"publisher\":{\"@id\":\"https:\/\/the-slovenia.com\/#organization\"},\"image\":{\"@id\":\"https:\/\/the-slovenia.com\/slovenia\/ljubljana-central-slovenia\/domacija-novak\/#primaryimage\"},\"thumbnailUrl\":\"\",\"articleSection\":[\"LJUBLJANA &amp; CENTRAL SLOVENIA\"],\"inLanguage\":\"en-US\"},{\"@type\":\"WebPage\",\"@id\":\"https:\/\/the-slovenia.com\/slovenia\/ljubljana-central-slovenia\/domacija-novak\/\",\"url\":\"https:\/\/the-slovenia.com\/slovenia\/ljubljana-central-slovenia\/domacija-novak\/\",\"name\":\"Doma\u010dija Novak - THE Slovenia\",\"isPartOf\":{\"@id\":\"https:\/\/the-slovenia.com\/#website\"},\"primaryImageOfPage\":{\"@id\":\"https:\/\/the-slovenia.com\/slovenia\/ljubljana-central-slovenia\/domacija-novak\/#primaryimage\"},\"image\":{\"@id\":\"https:\/\/the-slovenia.com\/slovenia\/ljubljana-central-slovenia\/domacija-novak\/#primaryimage\"},\"thumbnailUrl\":\"\",\"datePublished\":\"2019-05-08T06:02:43+00:00\",\"dateModified\":\"2019-05-08T06:02:43+00:00\",\"inLanguage\":\"en-US\",\"potentialAction\":[{\"@type\":\"ReadAction\",\"target\":[\"https:\/\/the-slovenia.com\/slovenia\/ljubljana-central-slovenia\/domacija-novak\/\"]}]},{\"@type\":\"ImageObject\",\"inLanguage\":\"en-US\",\"@id\":\"https:\/\/the-slovenia.com\/slovenia\/ljubljana-central-slovenia\/domacija-novak\/#primaryimage\",\"url\":\"\",\"contentUrl\":\"\"},{\"@type\":\"WebSite\",\"@id\":\"https:\/\/the-slovenia.com\/#website\",\"url\":\"https:\/\/the-slovenia.com\/\",\"name\":\"THE Slovenia\",\"description\":\"\",\"publisher\":{\"@id\":\"https:\/\/the-slovenia.com\/#organization\"},\"potentialAction\":[{\"@type\":\"SearchAction\",\"target\":{\"@type\":\"EntryPoint\",\"urlTemplate\":\"https:\/\/the-slovenia.com\/?s={search_term_string}\"},\"query-input\":{\"@type\":\"PropertyValueSpecification\",\"valueRequired\":true,\"valueName\":\"search_term_string\"}}],\"inLanguage\":\"en-US\"},{\"@type\":\"Organization\",\"@id\":\"https:\/\/the-slovenia.com\/#organization\",\"name\":\"THE Slovenia\",\"url\":\"https:\/\/the-slovenia.com\/\",\"logo\":{\"@type\":\"ImageObject\",\"inLanguage\":\"en-US\",\"@id\":\"https:\/\/the-slovenia.com\/#\/schema\/logo\/image\/\",\"url\":\"https:\/\/the-slovenia.com\/wp-content\/uploads\/2020\/02\/THE_logo_final_beli_napis.jpg\",\"contentUrl\":\"https:\/\/the-slovenia.com\/wp-content\/uploads\/2020\/02\/THE_logo_final_beli_napis.jpg\",\"width\":1535,\"height\":1574,\"caption\":\"THE Slovenia\"},\"image\":{\"@id\":\"https:\/\/the-slovenia.com\/#\/schema\/logo\/image\/\"},\"sameAs\":[\"https:\/\/www.facebook.com\/THESLOVENIA\/?ref=br_rs\",\"https:\/\/www.instagram.com\/the.slovenia\/\",\"https:\/\/www.linkedin.com\/company\/the-slovenia\/\"]},{\"@type\":\"Person\",\"@id\":\"https:\/\/the-slovenia.com\/#\/schema\/person\/0a86dc76cbfd2ed860cbb3461f653d91\",\"name\":\"theadmin\",\"image\":{\"@type\":\"ImageObject\",\"inLanguage\":\"en-US\",\"@id\":\"https:\/\/the-slovenia.com\/#\/schema\/person\/image\/\",\"url\":\"https:\/\/secure.gravatar.com\/avatar\/0e20ec9e2c5a701239f380685df7c94bcf45f48ce6f6af5c226567ebee123581?s=96&d=mm&r=g\",\"contentUrl\":\"https:\/\/secure.gravatar.com\/avatar\/0e20ec9e2c5a701239f380685df7c94bcf45f48ce6f6af5c226567ebee123581?s=96&d=mm&r=g\",\"caption\":\"theadmin\"},\"url\":\"https:\/\/the-slovenia.com\/en\/author\/theadmin\/\"}]}<\/script>\n<!-- \/ Yoast SEO plugin. -->","yoast_head_json":{"title":"Doma\u010dija Novak - THE Slovenia","robots":{"index":"index","follow":"follow","max-snippet":"max-snippet:-1","max-image-preview":"max-image-preview:large","max-video-preview":"max-video-preview:-1"},"canonical":"https:\/\/the-slovenia.com\/slovenia\/ljubljana-central-slovenia\/domacija-novak\/","og_locale":"en_US","og_type":"article","og_title":"Doma\u010dija Novak - THE Slovenia","og_description":"Doma\u010dija Novak Located in the village of Dvor, just down the Krka river from the fairy tale castle of \u017du\u017eemberk, the Novak family farm is every bit as magical as its medieval neighbour. The tasting menus are comprised of locallysourced, seasonal ingredients, much of which is grown in the family&#8217;s own organic gardens, while the [&hellip;]","og_url":"https:\/\/the-slovenia.com\/slovenia\/ljubljana-central-slovenia\/domacija-novak\/","og_site_name":"THE Slovenia","article_publisher":"https:\/\/www.facebook.com\/THESLOVENIA\/?ref=br_rs","article_published_time":"2019-05-08T06:02:43+00:00","og_image":[{"width":1665,"height":588,"url":"https:\/\/i0.wp.com\/the-slovenia.com\/wp-content\/uploads\/2019\/05\/domacija-novak.jpg?fit=1665%2C588&ssl=1","type":"image\/jpeg"}],"author":"theadmin","twitter_card":"summary_large_image","twitter_misc":{"Written by":"theadmin","Est. reading time":"1 minute"},"schema":{"@context":"https:\/\/schema.org","@graph":[{"@type":"Article","@id":"https:\/\/the-slovenia.com\/slovenia\/ljubljana-central-slovenia\/domacija-novak\/#article","isPartOf":{"@id":"https:\/\/the-slovenia.com\/slovenia\/ljubljana-central-slovenia\/domacija-novak\/"},"author":{"name":"theadmin","@id":"https:\/\/the-slovenia.com\/#\/schema\/person\/0a86dc76cbfd2ed860cbb3461f653d91"},"headline":"Doma\u010dija Novak","datePublished":"2019-05-08T06:02:43+00:00","dateModified":"2019-05-08T06:02:43+00:00","mainEntityOfPage":{"@id":"https:\/\/the-slovenia.com\/slovenia\/ljubljana-central-slovenia\/domacija-novak\/"},"wordCount":236,"publisher":{"@id":"https:\/\/the-slovenia.com\/#organization"},"image":{"@id":"https:\/\/the-slovenia.com\/slovenia\/ljubljana-central-slovenia\/domacija-novak\/#primaryimage"},"thumbnailUrl":"","articleSection":["LJUBLJANA &amp; CENTRAL SLOVENIA"],"inLanguage":"en-US"},{"@type":"WebPage","@id":"https:\/\/the-slovenia.com\/slovenia\/ljubljana-central-slovenia\/domacija-novak\/","url":"https:\/\/the-slovenia.com\/slovenia\/ljubljana-central-slovenia\/domacija-novak\/","name":"Doma\u010dija Novak - THE Slovenia","isPartOf":{"@id":"https:\/\/the-slovenia.com\/#website"},"primaryImageOfPage":{"@id":"https:\/\/the-slovenia.com\/slovenia\/ljubljana-central-slovenia\/domacija-novak\/#primaryimage"},"image":{"@id":"https:\/\/the-slovenia.com\/slovenia\/ljubljana-central-slovenia\/domacija-novak\/#primaryimage"},"thumbnailUrl":"","datePublished":"2019-05-08T06:02:43+00:00","dateModified":"2019-05-08T06:02:43+00:00","inLanguage":"en-US","potentialAction":[{"@type":"ReadAction","target":["https:\/\/the-slovenia.com\/slovenia\/ljubljana-central-slovenia\/domacija-novak\/"]}]},{"@type":"ImageObject","inLanguage":"en-US","@id":"https:\/\/the-slovenia.com\/slovenia\/ljubljana-central-slovenia\/domacija-novak\/#primaryimage","url":"","contentUrl":""},{"@type":"WebSite","@id":"https:\/\/the-slovenia.com\/#website","url":"https:\/\/the-slovenia.com\/","name":"THE Slovenia","description":"","publisher":{"@id":"https:\/\/the-slovenia.com\/#organization"},"potentialAction":[{"@type":"SearchAction","target":{"@type":"EntryPoint","urlTemplate":"https:\/\/the-slovenia.com\/?s={search_term_string}"},"query-input":{"@type":"PropertyValueSpecification","valueRequired":true,"valueName":"search_term_string"}}],"inLanguage":"en-US"},{"@type":"Organization","@id":"https:\/\/the-slovenia.com\/#organization","name":"THE Slovenia","url":"https:\/\/the-slovenia.com\/","logo":{"@type":"ImageObject","inLanguage":"en-US","@id":"https:\/\/the-slovenia.com\/#\/schema\/logo\/image\/","url":"https:\/\/the-slovenia.com\/wp-content\/uploads\/2020\/02\/THE_logo_final_beli_napis.jpg","contentUrl":"https:\/\/the-slovenia.com\/wp-content\/uploads\/2020\/02\/THE_logo_final_beli_napis.jpg","width":1535,"height":1574,"caption":"THE Slovenia"},"image":{"@id":"https:\/\/the-slovenia.com\/#\/schema\/logo\/image\/"},"sameAs":["https:\/\/www.facebook.com\/THESLOVENIA\/?ref=br_rs","https:\/\/www.instagram.com\/the.slovenia\/","https:\/\/www.linkedin.com\/company\/the-slovenia\/"]},{"@type":"Person","@id":"https:\/\/the-slovenia.com\/#\/schema\/person\/0a86dc76cbfd2ed860cbb3461f653d91","name":"theadmin","image":{"@type":"ImageObject","inLanguage":"en-US","@id":"https:\/\/the-slovenia.com\/#\/schema\/person\/image\/","url":"https:\/\/secure.gravatar.com\/avatar\/0e20ec9e2c5a701239f380685df7c94bcf45f48ce6f6af5c226567ebee123581?s=96&d=mm&r=g","contentUrl":"https:\/\/secure.gravatar.com\/avatar\/0e20ec9e2c5a701239f380685df7c94bcf45f48ce6f6af5c226567ebee123581?s=96&d=mm&r=g","caption":"theadmin"},"url":"https:\/\/the-slovenia.com\/en\/author\/theadmin\/"}]}},"_links":{"self":[{"href":"https:\/\/the-slovenia.com\/en\/wp-json\/wp\/v2\/posts\/17201","targetHints":{"allow":["GET"]}}],"collection":[{"href":"https:\/\/the-slovenia.com\/en\/wp-json\/wp\/v2\/posts"}],"about":[{"href":"https:\/\/the-slovenia.com\/en\/wp-json\/wp\/v2\/types\/post"}],"author":[{"embeddable":true,"href":"https:\/\/the-slovenia.com\/en\/wp-json\/wp\/v2\/users\/1"}],"replies":[{"embeddable":true,"href":"https:\/\/the-slovenia.com\/en\/wp-json\/wp\/v2\/comments?post=17201"}],"version-history":[{"count":0,"href":"https:\/\/the-slovenia.com\/en\/wp-json\/wp\/v2\/posts\/17201\/revisions"}],"wp:featuredmedia":[{"embeddable":true,"href":"https:\/\/the-slovenia.com\/en\/wp-json\/"}],"wp:attachment":[{"href":"https:\/\/the-slovenia.com\/en\/wp-json\/wp\/v2\/media?parent=17201"}],"wp:term":[{"taxonomy":"category","embeddable":true,"href":"https:\/\/the-slovenia.com\/en\/wp-json\/wp\/v2\/categories?post=17201"},{"taxonomy":"post_tag","embeddable":true,"href":"https:\/\/the-slovenia.com\/en\/wp-json\/wp\/v2\/tags?post=17201"}],"curies":[{"name":"wp","href":"https:\/\/api.w.org\/{rel}","templated":true}]}}